{"id":26754,"date":"2021-03-28T20:13:48","date_gmt":"2021-03-28T18:13:48","guid":{"rendered":"http:\/\/www.portaldelolleria.es\/?p=26754"},"modified":"2021-03-28T20:22:07","modified_gmt":"2021-03-28T18:22:07","slug":"lolleria-cf-incorpora-a-ramon-mico-en-la-plantilla-hasta-final-de-temporada","status":"publish","type":"post","link":"http:\/\/www.portaldelolleria.es\/?p=26754","title":{"rendered":"L&#8217;Olleria CF incorpora a Ram\u00f3n Mic\u00f3 en la plantilla, hasta final de temporada"},"content":{"rendered":"<p><a href=\"http:\/\/www.portaldelolleria.es\/wp-content\/uploads\/2021\/03\/ramonmico2.jpg\"><img loading=\"lazy\" class=\"aligncenter size-full wp-image-26756\" title=\"ramonmico2\" src=\"http:\/\/www.portaldelolleria.es\/wp-content\/uploads\/2021\/03\/ramonmico2.jpg\" alt=\"\" width=\"598\" height=\"396\" srcset=\"http:\/\/www.portaldelolleria.es\/wp-content\/uploads\/2021\/03\/ramonmico2.jpg 598w, http:\/\/www.portaldelolleria.es\/wp-content\/uploads\/2021\/03\/ramonmico2-300x198.jpg 300w\" sizes=\"(max-width: 598px) 100vw, 598px\" \/><\/a><\/p>\n<p style=\"text-align: justify;\">L&#8217;Olleria CF\u00a0 reincorpora a la plantilla a uno de los grandes referentes del Club en los \u00faltimos a\u00f1os,\u00a0 el portero <strong>Ram\u00f3n Mic\u00f3<\/strong>,\u00a0 para cubrir la baja de <strong>Aitor Vidal<\/strong>.\u00a0 Otro gran portero,\u00a0 que ha tenido que dejar el equipo por motivos laborales.\u00a0\u00a0 Con esta baja, \u00a0 <strong>Dani Cerd\u00e1\u00a0<\/strong> tendr\u00e1 como compa\u00f1ero a todo un maestro bajo palos, que a sus 45 a\u00f1os no tuvo inconveniente en aceptar la responsabilidad que le ofrec\u00edan.\u00a0\u00a0 Una gran noticia para los aficionados ollerienses y para el Club por todo lo que puede aportar Ram\u00f3n Mic\u00f3 a la plantilla.<\/p>\n<p style=\"text-align: justify;\"><strong>Ram\u00f3n Mic\u00f3 Corcoles<\/strong>, debut\u00f3 con l\u2019Olleria en tercera divisi\u00f3n, (6\/05\/1992) con 16 a\u00f1os, retir\u00e1ndose al final de la temporada 2018-19,\u00a0 por lo que haciendo cuentas,\u00a0 estuvo la friolera de 27 (veintisiete) a\u00f1os\u00a0 defendiendo la porteria olleriense, adem\u00e1s de ser una pieza fundamental en los \u00faltimos a\u00f1os dentro del vestuario. Con esta incorporaci\u00f3n hasta final de temporada,\u00a0 a\u00f1ade otra p\u00e1gina m\u00e1s a su envidiable historia al servicio de l&#8217;Olleria CF.<\/p>\n<p>&nbsp;<\/p>\n<p><a href=\"http:\/\/www.portaldelolleria.es\/wp-content\/uploads\/2021\/03\/PLANTILLA2021final2.jpg\"><img loading=\"lazy\" class=\"aligncenter size-full wp-image-26755\" title=\"PLANTILLA2021final\" src=\"http:\/\/www.portaldelolleria.es\/wp-content\/uploads\/2021\/03\/PLANTILLA2021final2.jpg\" alt=\"\" width=\"598\" height=\"433\" srcset=\"http:\/\/www.portaldelolleria.es\/wp-content\/uploads\/2021\/03\/PLANTILLA2021final2.jpg 598w, http:\/\/www.portaldelolleria.es\/wp-content\/uploads\/2021\/03\/PLANTILLA2021final2-300x217.jpg 300w\" sizes=\"(max-width: 598px) 100vw, 598px\" \/><\/a><\/p>\n<p>&nbsp;<\/p>\n<p style=\"text-align: justify;\"><span style=\"color: #003366;\">L&#8217;Olleria CF reincorpora a la plantilla a un dels grans referents del Club en els \u00faltims anys, el porter<strong> Ram\u00f3n Mic\u00f3<\/strong>, per a cobrir la baixa d&#8217;<strong>Aitor Vidal.<\/strong> Un altre gran porter, que ha hagut de deixar l&#8217;equip per motius laborals. Amb esta baixa, <strong>Dani Cerd\u00e1<\/strong> tindr\u00e0 com a company a tot un mestre baix pals, que als seus 45 anys no va tindre inconvenient a acceptar la responsabilitat que li oferien. Una gran not\u00edcia per als aficionats ollerienses i per al Club per tot el que pot aporta Ram\u00f3n Mic\u00f3 a la plantilla. <\/span><\/p>\n<p style=\"text-align: justify;\"><span style=\"color: #003366;\"><strong>Ram\u00f3n Mic\u00f3 Corcoles<\/strong>, va debutar amb l&#8217;Olleria en tercera divisi\u00f3, (6\/05\/1992) amb 16 anys, retirant-se al final de la temporada 2018-19, per la qual cosa fent comptes, va estar la fredolina de 27 (vint-i-set) anys defenent la porteria olleriense, a m\u00e9s de ser una pe\u00e7a fonamental en els \u00faltims anys dins del vestuari. Amb esta incorporaci\u00f3 fins a final de temporada, afig una altra p\u00e0gina m\u00e9s a la seua envejable hist\u00f2ria al servici de l&#8217;Olleria C<\/span><\/p>\n","protected":false},"excerpt":{"rendered":"<p>L&#8217;Olleria CF\u00a0 reincorpora a la plantilla a uno de los grandes referentes del Club en los \u00faltimos a\u00f1os,\u00a0 el portero Ram\u00f3n Mic\u00f3,\u00a0 para cubrir la baja de Aitor Vidal.\u00a0 Otro gran portero,\u00a0 que ha tenido que dejar el equipo por motivos laborales.\u00a0\u00a0 Con esta baja, \u00a0 Dani Cerd\u00e1\u00a0 tendr\u00e1 como compa\u00f1ero a todo un maestro [&hellip;]<\/p>\n","protected":false},"author":1,"featured_media":0,"comment_status":"closed","ping_status":"open","sticky":false,"template":"","format":"standard","meta":{"_monsterinsights_skip_tracking":false,"_monsterinsights_sitenote_active":false,"_monsterinsights_sitenote_note":"","_monsterinsights_sitenote_category":0},"categories":[9,12],"tags":[],"_links":{"self":[{"href":"http:\/\/www.portaldelolleria.es\/index.php?rest_route=\/wp\/v2\/posts\/26754"}],"collection":[{"href":"http:\/\/www.portaldelolleria.es\/index.php?rest_route=\/wp\/v2\/posts"}],"about":[{"href":"http:\/\/www.portaldelolleria.es\/index.php?rest_route=\/wp\/v2\/types\/post"}],"author":[{"embeddable":true,"href":"http:\/\/www.portaldelolleria.es\/index.php?rest_route=\/wp\/v2\/users\/1"}],"replies":[{"embeddable":true,"href":"http:\/\/www.portaldelolleria.es\/index.php?rest_route=%2Fwp%2Fv2%2Fcomments&post=26754"}],"version-history":[{"count":3,"href":"http:\/\/www.portaldelolleria.es\/index.php?rest_route=\/wp\/v2\/posts\/26754\/revisions"}],"predecessor-version":[{"id":26759,"href":"http:\/\/www.portaldelolleria.es\/index.php?rest_route=\/wp\/v2\/posts\/26754\/revisions\/26759"}],"wp:attachment":[{"href":"http:\/\/www.portaldelolleria.es\/index.php?rest_route=%2Fwp%2Fv2%2Fmedia&parent=26754"}],"wp:term":[{"taxonomy":"category","embeddable":true,"href":"http:\/\/www.portaldelolleria.es\/index.php?rest_route=%2Fwp%2Fv2%2Fcategories&post=26754"},{"taxonomy":"post_tag","embeddable":true,"href":"http:\/\/www.portaldelolleria.es\/index.php?rest_route=%2Fwp%2Fv2%2Ftags&post=26754"}],"curies":[{"name":"wp","href":"https:\/\/api.w.org\/{rel}","templated":true}]}}