{"id":26801,"date":"2021-04-09T18:46:42","date_gmt":"2021-04-09T16:46:42","guid":{"rendered":"http:\/\/www.portaldelolleria.es\/?p=26801"},"modified":"2021-04-09T18:47:56","modified_gmt":"2021-04-09T16:47:56","slug":"lolleria-cf-incorpora-un-nuevo-delantero-a-su-plantilla","status":"publish","type":"post","link":"http:\/\/www.portaldelolleria.es\/?p=26801","title":{"rendered":"L&#8217;Olleria CF incorpora un nuevo delantero a su plantilla"},"content":{"rendered":"<p style=\"text-align: justify;\"><a href=\"http:\/\/www.portaldelolleria.es\/wp-content\/uploads\/2021\/04\/Balbastre.jpg\"><img loading=\"lazy\" class=\"aligncenter size-full wp-image-26802\" title=\"Balbastre\" src=\"http:\/\/www.portaldelolleria.es\/wp-content\/uploads\/2021\/04\/Balbastre.jpg\" alt=\"\" width=\"598\" height=\"384\" srcset=\"http:\/\/www.portaldelolleria.es\/wp-content\/uploads\/2021\/04\/Balbastre.jpg 598w, http:\/\/www.portaldelolleria.es\/wp-content\/uploads\/2021\/04\/Balbastre-300x192.jpg 300w\" sizes=\"(max-width: 598px) 100vw, 598px\" \/><\/a><\/p>\n<p style=\"text-align: justify;\">L&#8217;Olleria CF, incorpora un nuevo jugador para afrontar la segunda vuelta de esta \u00abat\u00edpica\u00bb temporada,\u00a0\u00a0 se trata<strong>\u00a0 Javier Balbastre Benavent<\/strong> natural de Benig\u00e0nim (21\/3\/1993).\u00a0\u00a0 La mayor parte de su trayectoria se ha desarrollado en las categor\u00edas inferiores de la\u00a0 UD Alzira, club al que lleg\u00f3 en la temporada 2017\/18 procedente de la UD Benig\u00e0nim (infantil).\u00a0\u00a0\u00a0 Llega al equipo olleriense procedente de la Divisi\u00f3n de Honor que disputaba en la categor\u00eda juvenil del club de Alzira.<\/p>\n<p style=\"text-align: justify;\">Con su incorporaci\u00f3n,\u00a0 l&#8217;Olleria\u00a0 refuerza la l\u00ednea de ataque\u00a0 a la vez que incorpora un joven talento que puede formar parte de un proyecto m\u00e1s ambicioso cara a la pr\u00f3xima temporada, si la crisis sanitaria lo permite.\u00a0 En estos momentos el equipo entrenado por <strong>Jose Jaime Alemany<\/strong>,\u00a0 se encuentra en mitad de la tabla ocupando la 8\u00aa plaza,\u00a0 a 10 puntos del descenso y a 10 de las plazas de promoci\u00f3n de ascenso, por lo que todo es posible,\u00a0 pero ni los m\u00e1s pesimistas miran hac\u00eda los puestos de abajo,\u00a0 dado el nivel de juego que exhiben los ollerienses.<\/p>\n<p style=\"text-align: justify;\">________________________<\/p>\n<p style=\"text-align: justify;\"><span style=\"color: #003366;\">L&#8217;Olleria CF, incorpora un nou jugador per a afrontar la segona volta d&#8217;esta at\u00edpica temporada, es tracta <strong>Javier Balbastre Benavent<\/strong> natural de Benig\u00e0nim (21\/3\/1993) . La major part de la seua traject\u00f2ria s&#8217;ha desenrotllat en les categories inferiors de la UD Alzira, club a qu\u00e8 va arribar en la temporada 2017\/18 procedent de la UD Benig\u00e0nim (infantil) . Arriba a l&#8217;equip olleriense procedent de la Divisi\u00f3 d&#8217;Honor que disputava en la categoria juvenil del club d&#8217;Alzira. <\/span><\/p>\n<p style=\"text-align: justify;\"><span style=\"color: #003366;\">Amb la seua incorporaci\u00f3, l&#8217;Olleria refor\u00e7a la l\u00ednia d&#8217;atac al mateix temps que incorpora un jove talent que pot formar part d&#8217;un projecte m\u00e9s ambici\u00f3s cara a la pr\u00f2xima temporada, si la crisi sanit\u00e0ria ho permet. En estos moments l&#8217;equip entrenat per <strong>Jose Jaime Alemany<\/strong>, es troba en mitat de la taula ocupant la 8a pla\u00e7a, a 10 punts del descens i a 10 de les places de promoci\u00f3 d&#8217;ascens, per la qual cosa tot \u00e9s possible, per\u00f2 ni els m\u00e9s pessimistes miren feia els llocs de baix donat el nivell de joc que exhibixen els ollerienses.<\/span><\/p>\n<p>&nbsp;<\/p>\n","protected":false},"excerpt":{"rendered":"<p>L&#8217;Olleria CF, incorpora un nuevo jugador para afrontar la segunda vuelta de esta \u00abat\u00edpica\u00bb temporada,\u00a0\u00a0 se trata\u00a0 Javier Balbastre Benavent natural de Benig\u00e0nim (21\/3\/1993).\u00a0\u00a0 La mayor parte de su trayectoria se ha desarrollado en las categor\u00edas inferiores de la\u00a0 UD Alzira, club al que lleg\u00f3 en la temporada 2017\/18 procedente de la UD Benig\u00e0nim (infantil).\u00a0\u00a0\u00a0 [&hellip;]<\/p>\n","protected":false},"author":1,"featured_media":0,"comment_status":"closed","ping_status":"open","sticky":false,"template":"","format":"standard","meta":{"_monsterinsights_skip_tracking":false,"_monsterinsights_sitenote_active":false,"_monsterinsights_sitenote_note":"","_monsterinsights_sitenote_category":0},"categories":[9,12],"tags":[],"_links":{"self":[{"href":"http:\/\/www.portaldelolleria.es\/index.php?rest_route=\/wp\/v2\/posts\/26801"}],"collection":[{"href":"http:\/\/www.portaldelolleria.es\/index.php?rest_route=\/wp\/v2\/posts"}],"about":[{"href":"http:\/\/www.portaldelolleria.es\/index.php?rest_route=\/wp\/v2\/types\/post"}],"author":[{"embeddable":true,"href":"http:\/\/www.portaldelolleria.es\/index.php?rest_route=\/wp\/v2\/users\/1"}],"replies":[{"embeddable":true,"href":"http:\/\/www.portaldelolleria.es\/index.php?rest_route=%2Fwp%2Fv2%2Fcomments&post=26801"}],"version-history":[{"count":2,"href":"http:\/\/www.portaldelolleria.es\/index.php?rest_route=\/wp\/v2\/posts\/26801\/revisions"}],"predecessor-version":[{"id":26804,"href":"http:\/\/www.portaldelolleria.es\/index.php?rest_route=\/wp\/v2\/posts\/26801\/revisions\/26804"}],"wp:attachment":[{"href":"http:\/\/www.portaldelolleria.es\/index.php?rest_route=%2Fwp%2Fv2%2Fmedia&parent=26801"}],"wp:term":[{"taxonomy":"category","embeddable":true,"href":"http:\/\/www.portaldelolleria.es\/index.php?rest_route=%2Fwp%2Fv2%2Fcategories&post=26801"},{"taxonomy":"post_tag","embeddable":true,"href":"http:\/\/www.portaldelolleria.es\/index.php?rest_route=%2Fwp%2Fv2%2Ftags&post=26801"}],"curies":[{"name":"wp","href":"https:\/\/api.w.org\/{rel}","templated":true}]}}