{"id":26988,"date":"2021-05-14T20:11:14","date_gmt":"2021-05-14T18:11:14","guid":{"rendered":"http:\/\/www.portaldelolleria.es\/?p=26988"},"modified":"2021-05-14T20:11:14","modified_gmt":"2021-05-14T18:11:14","slug":"lolleria-rebaja-sus-contagios-a-un-solo-caso","status":"publish","type":"post","link":"http:\/\/www.portaldelolleria.es\/?p=26988","title":{"rendered":"L&#8217;Olleria rebaja sus contagios a un s\u00f3lo caso"},"content":{"rendered":"<p style=\"text-align: justify;\"><a href=\"http:\/\/www.portaldelolleria.es\/wp-content\/uploads\/2021\/05\/b23.jpg\"><img loading=\"lazy\" class=\"aligncenter size-full wp-image-26991\" title=\"b23\" src=\"http:\/\/www.portaldelolleria.es\/wp-content\/uploads\/2021\/05\/b23.jpg\" alt=\"\" width=\"598\" height=\"391\" srcset=\"http:\/\/www.portaldelolleria.es\/wp-content\/uploads\/2021\/05\/b23.jpg 598w, http:\/\/www.portaldelolleria.es\/wp-content\/uploads\/2021\/05\/b23-300x196.jpg 300w\" sizes=\"(max-width: 598px) 100vw, 598px\" \/><\/a><\/p>\n<p style=\"text-align: justify;\">L&#8217;Olleria vuelve a rebajar a uno el n\u00famero de afectados por Covid19 seg\u00fan los datos que ofrece la Generalitat Valenciana a 12 de mayo. \u00a0 De hecho lleva varias semanas oscilando entre cero y tres casos\u00a0 lo que indica una cierta estababilidad.\u00a0\u00a0 Alfarras\u00ed\u00a0 vuelve a sumar uno y no se registran incidencias en el resto de municipios limitrofes a l&#8217;Olleria.\u00a0\u00a0 Por lo que respecta a grandes poblaciones,\u00a0 X\u00e0tiva aumenta a 3 (+2) el n\u00famero de afectos, mientras Ontinyente,\u00a0\u00a0 sube otros tres estableciendo sus registros en 9 contagios.<\/p>\n<p style=\"text-align: justify;\">Al fin del estado de alarma, este fin de semana se registra la primera afluencia de visitantes desde hace muchos meses.\u00a0 Es una gran prueba para saber si estamos camino de la estabilidad o la preocupaci\u00f3n.\u00a0 Lo que tenga que ser lo sabremos en unos siete a diez d\u00edas.\u00a0 Precauci\u00f3n.<\/p>\n<p>&nbsp;<\/p>\n<p>&nbsp;<\/p>\n<p><a href=\"http:\/\/www.portaldelolleria.es\/wp-content\/uploads\/2021\/05\/mapa_99L.jpg\"><img loading=\"lazy\" class=\"aligncenter size-full wp-image-26990\" title=\"mapa_99L\" src=\"http:\/\/www.portaldelolleria.es\/wp-content\/uploads\/2021\/05\/mapa_99L.jpg\" alt=\"\" width=\"598\" height=\"484\" srcset=\"http:\/\/www.portaldelolleria.es\/wp-content\/uploads\/2021\/05\/mapa_99L.jpg 598w, http:\/\/www.portaldelolleria.es\/wp-content\/uploads\/2021\/05\/mapa_99L-300x242.jpg 300w\" sizes=\"(max-width: 598px) 100vw, 598px\" \/><\/a><\/p>\n<div><strong>Sanidad registra 153 nuevos casos de coronavirus y 295 altas en la Comunitat Valenciana<\/strong><\/div>\n<div>14\/05\/2021<\/div>\n<p><strong>&#8211; Por provincias: 15 en Castell\u00f3n, 74 en Alicante y 64 en Valencia<\/strong><\/p>\n<p>La Comunitat Valenciana ha administrado un total de 2.188.945 dosis de la vacuna contra el coronavirus. Por provincias: 255.963 en Castell\u00f3n, 803.750 en Alicante y 1.129.232 en Valencia. Han recibido la pauta completa de inmunizaci\u00f3n (dos dosis para Pfizer, Moderna y AstraZeneca; y la monodosis de Janssen) 700.468 personas.<\/p>\n<p>Adem\u00e1s, se han notificado 153 casos nuevos de coronavirus confirmados por prueba PCR o a trav\u00e9s de test de ant\u00edgenos desde la \u00faltima actualizaci\u00f3n, que sit\u00faan la cifra total de positivos en 392.245 personas. Por provincias, 15 en Castell\u00f3n (40.569 en total); 74 en Alicante (146.952 en total); 64 en Valencia, (204.722 en total); y el total de casos no asignados se mantiene en 2.<\/p>\n<p>Desde la \u00faltima actualizaci\u00f3n se han registrado 295 altas a pacientes con coronavirus. De esta forma, ya son 394.775 personas en la Comunitat Valenciana las que han superado la enfermedad desde que comenz\u00f3 la pandemia. Por provincias, las altas se distribuyen del siguiente modo: 41.062 en Castell\u00f3n, 147.400 en Alicante y 206.257 en Valencia. El total de altas no asignadas asciende a 56.<\/p>\n<p>Los hospitales valencianos tienen, actualmente, 155 personas ingresadas: 27 en la provincia de Castell\u00f3n, con 3 pacientes en UCI; 42 en la provincia de Alicante, 7 de ellos en la UCI; y 86 en la provincia de Valencia, 25 de ellos en UCI.<\/p>\n<p>Adem\u00e1s, se han registrado 5 fallecimientos por coronavirus desde la \u00faltima actualizaci\u00f3n, por lo que el total de defunciones desde el inicio de la pandemia es de 7.399, de las cuales 803 en la provincia de Castell\u00f3n, 2.823 en la de Alicante y 3.773 en la de Valencia.<\/p>\n<p>&#8211; \u00daltimos 7 d\u00edas: 0<br \/>\n&#8211; Febrero 2021: 3<br \/>\n&#8211; Enero 2021: 2<\/p>\n<p>De acuerdo con los datos registrados, en estos momentos hay 1.542 casos activos, lo que supone un 0,38% del total de positivos.<\/p>\n<p>&nbsp;<\/p>\n<p><a href=\"http:\/\/www.portaldelolleria.es\/wp-content\/uploads\/2021\/05\/pxh55ahp.jpg\"><img loading=\"lazy\" class=\"aligncenter size-full wp-image-26989\" title=\"pxh55ahp\" src=\"http:\/\/www.portaldelolleria.es\/wp-content\/uploads\/2021\/05\/pxh55ahp.jpg\" alt=\"\" width=\"598\" height=\"272\" srcset=\"http:\/\/www.portaldelolleria.es\/wp-content\/uploads\/2021\/05\/pxh55ahp.jpg 598w, http:\/\/www.portaldelolleria.es\/wp-content\/uploads\/2021\/05\/pxh55ahp-300x136.jpg 300w\" sizes=\"(max-width: 598px) 100vw, 598px\" \/><\/a><\/p>\n","protected":false},"excerpt":{"rendered":"<p>L&#8217;Olleria vuelve a rebajar a uno el n\u00famero de afectados por Covid19 seg\u00fan los datos que ofrece la Generalitat Valenciana a 12 de mayo. \u00a0 De hecho lleva varias semanas oscilando entre cero y tres casos\u00a0 lo que indica una cierta estababilidad.\u00a0\u00a0 Alfarras\u00ed\u00a0 vuelve a sumar uno y no se registran incidencias en el resto [&hellip;]<\/p>\n","protected":false},"author":1,"featured_media":0,"comment_status":"closed","ping_status":"open","sticky":false,"template":"","format":"standard","meta":{"_monsterinsights_skip_tracking":false,"_monsterinsights_sitenote_active":false,"_monsterinsights_sitenote_note":"","_monsterinsights_sitenote_category":0},"categories":[10,12],"tags":[],"_links":{"self":[{"href":"http:\/\/www.portaldelolleria.es\/index.php?rest_route=\/wp\/v2\/posts\/26988"}],"collection":[{"href":"http:\/\/www.portaldelolleria.es\/index.php?rest_route=\/wp\/v2\/posts"}],"about":[{"href":"http:\/\/www.portaldelolleria.es\/index.php?rest_route=\/wp\/v2\/types\/post"}],"author":[{"embeddable":true,"href":"http:\/\/www.portaldelolleria.es\/index.php?rest_route=\/wp\/v2\/users\/1"}],"replies":[{"embeddable":true,"href":"http:\/\/www.portaldelolleria.es\/index.php?rest_route=%2Fwp%2Fv2%2Fcomments&post=26988"}],"version-history":[{"count":1,"href":"http:\/\/www.portaldelolleria.es\/index.php?rest_route=\/wp\/v2\/posts\/26988\/revisions"}],"predecessor-version":[{"id":26992,"href":"http:\/\/www.portaldelolleria.es\/index.php?rest_route=\/wp\/v2\/posts\/26988\/revisions\/26992"}],"wp:attachment":[{"href":"http:\/\/www.portaldelolleria.es\/index.php?rest_route=%2Fwp%2Fv2%2Fmedia&parent=26988"}],"wp:term":[{"taxonomy":"category","embeddable":true,"href":"http:\/\/www.portaldelolleria.es\/index.php?rest_route=%2Fwp%2Fv2%2Fcategories&post=26988"},{"taxonomy":"post_tag","embeddable":true,"href":"http:\/\/www.portaldelolleria.es\/index.php?rest_route=%2Fwp%2Fv2%2Ftags&post=26988"}],"curies":[{"name":"wp","href":"https:\/\/api.w.org\/{rel}","templated":true}]}}