{"id":26993,"date":"2021-05-15T14:21:22","date_gmt":"2021-05-15T12:21:22","guid":{"rendered":"http:\/\/www.portaldelolleria.es\/?p=26993"},"modified":"2021-05-15T14:22:41","modified_gmt":"2021-05-15T12:22:41","slug":"lolleria-cf-se-hara-cargo-de-la-cantera-la-proxima-temporada","status":"publish","type":"post","link":"http:\/\/www.portaldelolleria.es\/?p=26993","title":{"rendered":"L&#8217;Olleria CF se har\u00e1 cargo de la cantera la pr\u00f3xima temporada"},"content":{"rendered":"<p><a href=\"http:\/\/www.portaldelolleria.es\/wp-content\/uploads\/2021\/05\/alqueria.jpg\"><img loading=\"lazy\" class=\"aligncenter size-full wp-image-26994\" title=\"alqueria\" src=\"http:\/\/www.portaldelolleria.es\/wp-content\/uploads\/2021\/05\/alqueria.jpg\" alt=\"\" width=\"598\" height=\"369\" srcset=\"http:\/\/www.portaldelolleria.es\/wp-content\/uploads\/2021\/05\/alqueria.jpg 598w, http:\/\/www.portaldelolleria.es\/wp-content\/uploads\/2021\/05\/alqueria-300x185.jpg 300w\" sizes=\"(max-width: 598px) 100vw, 598px\" \/><\/a><\/p>\n<p>&nbsp;<\/p>\n<p><strong>L&#8217;Olleria CF y el Ayuntamiento de l&#8217;Olleria han llegado a un acuerdo por el que a partir de la pr\u00f3xima temporada, los equipos de futbol base seran gestionados por el Club<\/strong><\/p>\n<p>&nbsp;<\/p>\n<p>De esta forma y con la nueva denominaci\u00f3n \u00abL&#8217;Alqueria del Futbol\u00bb\u00a0 como clara alusi\u00f3n a \u00abL&#8217;Alqueria de les Olles\u00bb denominaci\u00f3n por la que tambi\u00e9n se conoce a nuestro municipio, nace un nuevo proyecto cargado de ilusi\u00f3n y ganas con el principal objetivo de educar y ver como\u00a0 ni\u00f1os y ni\u00f1as disfrutan practicando el deporte que m\u00e1s les gusta.<\/p>\n<p>Adem\u00e1s, otro objetivo ser\u00e1 generar la ilusi\u00f3n al igual que en otros municipios, de que padres y madres y los propios futbolistas perciban al Club como su propia casa.<\/p>\n<p>Desde hace tiempo estamos trabajando a pleno rendimiento en la creaci\u00f3n de un equipo de categor\u00eda juvenil\u00a0 de perfil alto y con proyecci\u00f3n.\u00a0 El proyecto sigue en proceso de gesti\u00f3n pero muy pr\u00f3ximo a tomar forma, de lo cual el Club ir\u00e1 informando seg\u00fan se vayan produciendo las novedades.<\/p>\n<p>Por \u00faltimo desde L&#8217;Olleria CF\u00a0 queremos agradecer al Ayuntamiento, por mostrarnos su plena confianza en nuestro proyecto.\u00a0 Contaremos con su ayuda y respaldo en este ilusionante proyecto.<\/p>\n<p>&nbsp;<\/p>\n<p>_________________<\/p>\n<p><span style=\"color: #003366;\">L&#8217;Olleria CF i l&#8217;Ajuntament de l&#8217;Olleria han arribat a un acord pel qual a partir de la propera temporada, els equips de futbol base seran gestionats pel Club<\/span><\/p>\n<p><span style=\"color: #003366;\">D&#8217;aquesta manera i amb la nova denominaci\u00f3 \u00abL&#8217;Alqueria de el Futbol\u00bb com a clara al\u00b7lusi\u00f3 a \u00abl&#8217;Alqueria de les Olles\u00bb denominaci\u00f3 per la qual tamb\u00e9 es coneix al nostre municipi, neix un nou projecte carregat d&#8217;il\u00b7lusi\u00f3 i ganes amb el principal objectiu d&#8217;educar i veure com nens i nenes gaudeixen practicant l&#8217;esport que m\u00e9s els agrada.<\/span><\/p>\n<p><span style=\"color: #003366;\">A m\u00e9s, un altre objectiu ser\u00e0 generar la il\u00b7lusi\u00f3 a l&#8217;igual que en altres municipis, que pares i mares i els propis futbolistes percebin a al Club com la seva pr\u00f2pia casa.<\/span><\/p>\n<p><span style=\"color: #003366;\">Des de fa temps estem treballant a ple rendiment en la creaci\u00f3 d&#8217;un equip de categoria juvenil de perfil alt i amb projecci\u00f3. El projecte segueix en proc\u00e9s de gesti\u00f3 per\u00f2 molt proper a prendre forma, de la qual cosa el Club anir\u00e0 informant segons es vagin produint les novetats.<\/span><\/p>\n<p><span style=\"color: #003366;\">Finalment des de l&#8217;Olleria CF volem agrair a l&#8217;Ajuntament, per mostrar-nos la seva plena confian\u00e7a en el nostre projecte. Comptarem amb la seva ajuda i suport en aquest il\u00b7lusionant projecte.<\/span><\/p>\n<p>&nbsp;<\/p>\n<p>&nbsp;<\/p>\n","protected":false},"excerpt":{"rendered":"<p>&nbsp; L&#8217;Olleria CF y el Ayuntamiento de l&#8217;Olleria han llegado a un acuerdo por el que a partir de la pr\u00f3xima temporada, los equipos de futbol base seran gestionados por el Club &nbsp; De esta forma y con la nueva denominaci\u00f3n \u00abL&#8217;Alqueria del Futbol\u00bb\u00a0 como clara alusi\u00f3n a \u00abL&#8217;Alqueria de les Olles\u00bb denominaci\u00f3n por la [&hellip;]<\/p>\n","protected":false},"author":1,"featured_media":0,"comment_status":"closed","ping_status":"open","sticky":false,"template":"","format":"standard","meta":{"_monsterinsights_skip_tracking":false,"_monsterinsights_sitenote_active":false,"_monsterinsights_sitenote_note":"","_monsterinsights_sitenote_category":0},"categories":[9,12],"tags":[],"_links":{"self":[{"href":"http:\/\/www.portaldelolleria.es\/index.php?rest_route=\/wp\/v2\/posts\/26993"}],"collection":[{"href":"http:\/\/www.portaldelolleria.es\/index.php?rest_route=\/wp\/v2\/posts"}],"about":[{"href":"http:\/\/www.portaldelolleria.es\/index.php?rest_route=\/wp\/v2\/types\/post"}],"author":[{"embeddable":true,"href":"http:\/\/www.portaldelolleria.es\/index.php?rest_route=\/wp\/v2\/users\/1"}],"replies":[{"embeddable":true,"href":"http:\/\/www.portaldelolleria.es\/index.php?rest_route=%2Fwp%2Fv2%2Fcomments&post=26993"}],"version-history":[{"count":3,"href":"http:\/\/www.portaldelolleria.es\/index.php?rest_route=\/wp\/v2\/posts\/26993\/revisions"}],"predecessor-version":[{"id":26997,"href":"http:\/\/www.portaldelolleria.es\/index.php?rest_route=\/wp\/v2\/posts\/26993\/revisions\/26997"}],"wp:attachment":[{"href":"http:\/\/www.portaldelolleria.es\/index.php?rest_route=%2Fwp%2Fv2%2Fmedia&parent=26993"}],"wp:term":[{"taxonomy":"category","embeddable":true,"href":"http:\/\/www.portaldelolleria.es\/index.php?rest_route=%2Fwp%2Fv2%2Fcategories&post=26993"},{"taxonomy":"post_tag","embeddable":true,"href":"http:\/\/www.portaldelolleria.es\/index.php?rest_route=%2Fwp%2Fv2%2Ftags&post=26993"}],"curies":[{"name":"wp","href":"https:\/\/api.w.org\/{rel}","templated":true}]}}