{"id":27006,"date":"2021-05-18T09:44:24","date_gmt":"2021-05-18T07:44:24","guid":{"rendered":"http:\/\/www.portaldelolleria.es\/?p=27006"},"modified":"2021-05-18T09:45:31","modified_gmt":"2021-05-18T07:45:31","slug":"centro-de-vacunacion-masiva-en-lolleria-a-partir-del-24-de-mayo","status":"publish","type":"post","link":"http:\/\/www.portaldelolleria.es\/?p=27006","title":{"rendered":"Centro de vacunaci\u00f3n masiva en L&#8217;Olleria a partir del 24 de mayo"},"content":{"rendered":"<p><a href=\"http:\/\/www.portaldelolleria.es\/wp-content\/uploads\/2021\/05\/centre_social.jpg\"><img loading=\"lazy\" class=\"aligncenter size-full wp-image-27007\" title=\"centre_social\" src=\"http:\/\/www.portaldelolleria.es\/wp-content\/uploads\/2021\/05\/centre_social.jpg\" alt=\"\" width=\"598\" height=\"387\" srcset=\"http:\/\/www.portaldelolleria.es\/wp-content\/uploads\/2021\/05\/centre_social.jpg 598w, http:\/\/www.portaldelolleria.es\/wp-content\/uploads\/2021\/05\/centre_social-300x194.jpg 300w\" sizes=\"(max-width: 598px) 100vw, 598px\" \/><\/a><\/p>\n<p>&nbsp;<\/p>\n<p><span style=\"color: #333333;\"><em>Ajuntament de l&#8217;Olleria, 18\/5\/2021<\/em><\/span><\/p>\n<p>&nbsp;<\/p>\n<p style=\"text-align: justify;\"><strong>Centro de vacunaci\u00f3n masiva en L&#8217;Olleria<\/strong><\/p>\n<p style=\"text-align: justify;\">A partir del lunes 24 de mayo empezar\u00e1 en L&#8217;Olleria la vacunaci\u00f3n masiva de personas de L&#8217;Olleria, Montaverner, Alfarras\u00ed, Guadass\u00e9quies, Benissuera y Sempere.<\/p>\n<p style=\"text-align: justify;\">El Centro Social de L&#8217;Olleria ser\u00e1 el espacio que albergar\u00e1 este punto de vacunaci\u00f3n, as\u00ed lo confirm\u00f3 la gerente del Hospital de X\u00e0tiva, Margarita Llaudes, que visit\u00f3 L&#8217;Olleria junto con el Alcalde del municipio, Ram\u00f3n Vidal, el coordinador y la jefa de departamento del Centro de Salud del municipio, para comprobar las instalaciones, lugares de aparcamiento, material necesario y proximidad al centro de Salud de L&#8217;Olleria.<\/p>\n<p style=\"text-align: justify;\">Sin duda una gran noticia que facilitar\u00e1 la rapidez y comodidad de la vacunaci\u00f3n a los vecinos y vecinas de L&#8217;Olleria y de los pueblos del alrededor. \u00a1Un pasito m\u00e1s para poder ganar la batalla a esta pandemia.<\/p>\n<div style=\"text-align: justify;\">_______________________<\/div>\n<div>\n<p style=\"text-align: justify;\"><span style=\"color: #003366;\"><strong>Centre de vacunaci\u00f3 massiva a L&#8217;Olleria<\/strong><\/span><\/p>\n<p style=\"text-align: justify;\"><span style=\"color: #003366;\">A partir del dilluns 24 de maig comen\u00e7ar\u00e0 a L&#8217;Olleria la vacunaci\u00f3 massiva de persones de L&#8217;Olleria, Montaverner, Alfarras\u00ed, Guadass\u00e9quies, Benissuera i Sempere.<\/span><\/p>\n<p style=\"text-align: justify;\"><span style=\"color: #003366;\">El Centre Social de L&#8217;Olleria ser\u00e0 l&#8217;espai que albergar\u00e0 aquest punt de vacunaci\u00f3, aix\u00ed ho va confirmar la gerent de l&#8217;Hospital de X\u00e0tiva, Margarita Llaudes, que va visitar L&#8217;Olleria junt amb l&#8217;Alcalde del municipi, Ram\u00f3n Vidal, el coordinador i la cap de departament del Centre de Salut del municipi, per a comprovar les instal\u00b7lacions, llocs d&#8217;aparcaments, material necessari i proximitat al centre de Salut de L&#8217;Olleria.<\/span><\/p>\n<p style=\"text-align: justify;\"><span style=\"color: #003366;\">Sens dubte una gran not\u00edcia que facilitar\u00e0 la rapidesa i comoditat de la vacunaci\u00f3 als ve\u00efns i ve\u00efnes de L&#8217;Olleria i dels pobles del voltant. Un passet m\u00e9s per poder guanyar la batalla a aquesta pand\u00e8mia<\/span><\/p>\n<\/div>\n","protected":false},"excerpt":{"rendered":"<p>&nbsp; Ajuntament de l&#8217;Olleria, 18\/5\/2021 &nbsp; Centro de vacunaci\u00f3n masiva en L&#8217;Olleria A partir del lunes 24 de mayo empezar\u00e1 en L&#8217;Olleria la vacunaci\u00f3n masiva de personas de L&#8217;Olleria, Montaverner, Alfarras\u00ed, Guadass\u00e9quies, Benissuera y Sempere. El Centro Social de L&#8217;Olleria ser\u00e1 el espacio que albergar\u00e1 este punto de vacunaci\u00f3n, as\u00ed lo confirm\u00f3 la gerente del [&hellip;]<\/p>\n","protected":false},"author":1,"featured_media":0,"comment_status":"closed","ping_status":"open","sticky":false,"template":"","format":"standard","meta":{"_monsterinsights_skip_tracking":false,"_monsterinsights_sitenote_active":false,"_monsterinsights_sitenote_note":"","_monsterinsights_sitenote_category":0},"categories":[10,12],"tags":[],"_links":{"self":[{"href":"http:\/\/www.portaldelolleria.es\/index.php?rest_route=\/wp\/v2\/posts\/27006"}],"collection":[{"href":"http:\/\/www.portaldelolleria.es\/index.php?rest_route=\/wp\/v2\/posts"}],"about":[{"href":"http:\/\/www.portaldelolleria.es\/index.php?rest_route=\/wp\/v2\/types\/post"}],"author":[{"embeddable":true,"href":"http:\/\/www.portaldelolleria.es\/index.php?rest_route=\/wp\/v2\/users\/1"}],"replies":[{"embeddable":true,"href":"http:\/\/www.portaldelolleria.es\/index.php?rest_route=%2Fwp%2Fv2%2Fcomments&post=27006"}],"version-history":[{"count":2,"href":"http:\/\/www.portaldelolleria.es\/index.php?rest_route=\/wp\/v2\/posts\/27006\/revisions"}],"predecessor-version":[{"id":27009,"href":"http:\/\/www.portaldelolleria.es\/index.php?rest_route=\/wp\/v2\/posts\/27006\/revisions\/27009"}],"wp:attachment":[{"href":"http:\/\/www.portaldelolleria.es\/index.php?rest_route=%2Fwp%2Fv2%2Fmedia&parent=27006"}],"wp:term":[{"taxonomy":"category","embeddable":true,"href":"http:\/\/www.portaldelolleria.es\/index.php?rest_route=%2Fwp%2Fv2%2Fcategories&post=27006"},{"taxonomy":"post_tag","embeddable":true,"href":"http:\/\/www.portaldelolleria.es\/index.php?rest_route=%2Fwp%2Fv2%2Ftags&post=27006"}],"curies":[{"name":"wp","href":"https:\/\/api.w.org\/{rel}","templated":true}]}}