{"id":27071,"date":"2021-06-04T12:12:43","date_gmt":"2021-06-04T10:12:43","guid":{"rendered":"http:\/\/www.portaldelolleria.es\/?p=27071"},"modified":"2021-06-04T12:12:43","modified_gmt":"2021-06-04T10:12:43","slug":"l%e2%80%99olleria-acoge-la-fase-final-de-copa-de-la-liga-autonomica-valenta","status":"publish","type":"post","link":"http:\/\/www.portaldelolleria.es\/?p=27071","title":{"rendered":"L\u2019Olleria acoge la fase final de Copa de la Liga Auton\u00f3mica Valenta"},"content":{"rendered":"<p>&nbsp;<\/p>\n<p><a href=\"http:\/\/www.portaldelolleria.es\/wp-content\/uploads\/2021\/06\/FUTBOL-SALA2.jpg\"><img loading=\"lazy\" class=\"aligncenter size-full wp-image-27075\" title=\"142.858 \u00e2\u0082\u00ac\" src=\"http:\/\/www.portaldelolleria.es\/wp-content\/uploads\/2021\/06\/FUTBOL-SALA2.jpg\" alt=\"\" width=\"598\" height=\"399\" srcset=\"http:\/\/www.portaldelolleria.es\/wp-content\/uploads\/2021\/06\/FUTBOL-SALA2.jpg 598w, http:\/\/www.portaldelolleria.es\/wp-content\/uploads\/2021\/06\/FUTBOL-SALA2-300x200.jpg 300w\" sizes=\"(max-width: 598px) 100vw, 598px\" \/><\/a><\/p>\n<p>&nbsp;<\/p>\n<p style=\"text-align: justify;\">El\u00a0<strong>Pabell\u00f3n \u2018La Solana\u2019\u00a0<\/strong>de\u00a0<strong>L\u2019Olleria<\/strong>\u00a0ser\u00e1 el escenario donde se dispute la fase final de la\u00a0<strong>Copa #JuguemSegurs\u00a0<\/strong>de\u00a0<strong>Liga Auton\u00f3mica Valenta<\/strong>.<\/p>\n<p style=\"text-align: justify;\">La m\u00e1xima categor\u00eda del f\u00fatbol sala femenino regional decide este fin de semana a sus campeonas de Copa. Cuatro equipos se han ganado el derecho a disputarla tras la celebraci\u00f3n de la fase regular de la Liga Auton\u00f3mica Valenta.<\/p>\n<p style=\"text-align: justify;\">La fase final de la Copa se celebrar\u00e1 \u00edntegramente en el\u00a0<strong>Pabell\u00f3n de L\u2019Olleria<\/strong>, siendo los encuentros de semifinales el s\u00e1bado 5 de junio y la gran final el domingo d\u00eda 6.<\/p>\n<p style=\"text-align: justify;\">\n<p style=\"text-align: justify;\">El desenlace comenzar\u00e1 a partir de\u00a0 las 16:00 del s\u00e1bado con el encuentro entre <strong>Ye Faky FS\u00a0<\/strong>y\u00a0<strong>CFS Alianza Quart de Poblet<\/strong>\u00a0en la primera semifinal del torneo.<\/p>\n<p style=\"text-align: justify;\">Tras ellas, las plantillas de\u00a0<strong>Feme Castell\u00f3n FS<\/strong>\u00a0y\u00a0<strong>CD Cabanes\u00a0<\/strong>luchar\u00e1n a partir de las 18:00 horas por la segunda plaza a disputar de\u00a0 la final de Copa.<\/p>\n<p style=\"text-align: justify;\">Los equipos vencedores de ambos encuentros se ver\u00e1n las caras en la matinal del domingo (12:00 horas) para coronar sobre la pista de\u00a0<strong>L\u2019Olleria<\/strong>\u00a0a las campeonas de Copa 2020\/21.<\/p>\n<p style=\"text-align: justify;\">________________________<\/p>\n<p style=\"text-align: justify;\"><span style=\"color: #003366;\">El Pavell\u00f3 &#8216;La Solana&#8217; de l&#8217;Olleria ser\u00e0 l&#8217;escenari on es disputi la <strong>fase final de la Copa #JuguemSegurs de Lliga Auton\u00f2mica Valenta.<\/strong><\/span><\/p>\n<p><span style=\"color: #003366;\">La m\u00e0xima categoria de futbol sala femen\u00ed regional decideix aquest cap de setmana als seus campiones de Copa. Quatre equips s&#8217;han guanyat el dret a disputar-la despr\u00e9s de la celebraci\u00f3 de la fase regular de la Lliga Auton\u00f2mica Valenta.<\/span><\/p>\n<p><span style=\"color: #003366;\">La fase final de la Copa se celebrar\u00e0 \u00edntegrament al Pavell\u00f3 de L&#8217;Olleria, sent les trobades de semifinals el dissabte 5 de juny i la gran final el diumenge dia 6.<\/span><\/p>\n<p><span style=\"color: #003366;\">El desenlla\u00e7 comen\u00e7ar\u00e0 a partir de les 16:00 de dissabte amb la trobada entre<strong> Ye Faky FS i CFS Alian\u00e7a Quart de Poblet<\/strong> en la primera semifinal de l&#8217;torneig.<\/span><\/p>\n<p><span style=\"color: #003366;\">Despr\u00e9s d&#8217;elles, les plantilles de <strong>Feme Castell\u00f3 FS i CD Cabanes<\/strong> lluitaran a partir de les 18:00 hores per la segona pla\u00e7a a disputar de la final de Copa.<\/span><\/p>\n<p><span style=\"color: #003366;\">Els equips vencedors de tots dos trobades es veuran les cares a la matinal de diumenge (12.00 hores) per coronar sobre la pista de l&#8217;Olleria a les campiones de Copa 2020\/21.<\/span><\/p>\n<p>&nbsp;<\/p>\n<div id=\"attachment_27074\" style=\"width: 608px\" class=\"wp-caption aligncenter\"><a href=\"http:\/\/www.portaldelolleria.es\/wp-content\/uploads\/2021\/06\/FUTBOL-2.jpg\"><img aria-describedby=\"caption-attachment-27074\" loading=\"lazy\" class=\"size-full wp-image-27074\" title=\"FUTBOL 2\" src=\"http:\/\/www.portaldelolleria.es\/wp-content\/uploads\/2021\/06\/FUTBOL-2.jpg\" alt=\"\" width=\"598\" height=\"797\" srcset=\"http:\/\/www.portaldelolleria.es\/wp-content\/uploads\/2021\/06\/FUTBOL-2.jpg 598w, http:\/\/www.portaldelolleria.es\/wp-content\/uploads\/2021\/06\/FUTBOL-2-225x300.jpg 225w\" sizes=\"(max-width: 598px) 100vw, 598px\" \/><\/a><p id=\"caption-attachment-27074\" class=\"wp-caption-text\">cartel ajuntament<\/p><\/div>\n","protected":false},"excerpt":{"rendered":"<p>&nbsp; &nbsp; El\u00a0Pabell\u00f3n \u2018La Solana\u2019\u00a0de\u00a0L\u2019Olleria\u00a0ser\u00e1 el escenario donde se dispute la fase final de la\u00a0Copa #JuguemSegurs\u00a0de\u00a0Liga Auton\u00f3mica Valenta. La m\u00e1xima categor\u00eda del f\u00fatbol sala femenino regional decide este fin de semana a sus campeonas de Copa. Cuatro equipos se han ganado el derecho a disputarla tras la celebraci\u00f3n de la fase regular de la Liga [&hellip;]<\/p>\n","protected":false},"author":1,"featured_media":0,"comment_status":"closed","ping_status":"open","sticky":false,"template":"","format":"standard","meta":{"_monsterinsights_skip_tracking":false,"_monsterinsights_sitenote_active":false,"_monsterinsights_sitenote_note":"","_monsterinsights_sitenote_category":0},"categories":[9,12],"tags":[],"_links":{"self":[{"href":"http:\/\/www.portaldelolleria.es\/index.php?rest_route=\/wp\/v2\/posts\/27071"}],"collection":[{"href":"http:\/\/www.portaldelolleria.es\/index.php?rest_route=\/wp\/v2\/posts"}],"about":[{"href":"http:\/\/www.portaldelolleria.es\/index.php?rest_route=\/wp\/v2\/types\/post"}],"author":[{"embeddable":true,"href":"http:\/\/www.portaldelolleria.es\/index.php?rest_route=\/wp\/v2\/users\/1"}],"replies":[{"embeddable":true,"href":"http:\/\/www.portaldelolleria.es\/index.php?rest_route=%2Fwp%2Fv2%2Fcomments&post=27071"}],"version-history":[{"count":3,"href":"http:\/\/www.portaldelolleria.es\/index.php?rest_route=\/wp\/v2\/posts\/27071\/revisions"}],"predecessor-version":[{"id":27077,"href":"http:\/\/www.portaldelolleria.es\/index.php?rest_route=\/wp\/v2\/posts\/27071\/revisions\/27077"}],"wp:attachment":[{"href":"http:\/\/www.portaldelolleria.es\/index.php?rest_route=%2Fwp%2Fv2%2Fmedia&parent=27071"}],"wp:term":[{"taxonomy":"category","embeddable":true,"href":"http:\/\/www.portaldelolleria.es\/index.php?rest_route=%2Fwp%2Fv2%2Fcategories&post=27071"},{"taxonomy":"post_tag","embeddable":true,"href":"http:\/\/www.portaldelolleria.es\/index.php?rest_route=%2Fwp%2Fv2%2Ftags&post=27071"}],"curies":[{"name":"wp","href":"https:\/\/api.w.org\/{rel}","templated":true}]}}