{"id":27201,"date":"2021-06-29T09:59:34","date_gmt":"2021-06-29T07:59:34","guid":{"rendered":"http:\/\/www.portaldelolleria.es\/?p=27201"},"modified":"2021-06-29T09:59:47","modified_gmt":"2021-06-29T07:59:47","slug":"el-taewkondo-olleriense-finaliza-una-atipica-temporada","status":"publish","type":"post","link":"http:\/\/www.portaldelolleria.es\/?p=27201","title":{"rendered":"El Taewkondo olleriense finaliza una \u00abat\u00edpica\u00bb temporada."},"content":{"rendered":"<p><a href=\"http:\/\/www.portaldelolleria.es\/wp-content\/uploads\/2021\/06\/fernando2.jpg\"><img loading=\"lazy\" class=\"aligncenter size-full wp-image-27202\" title=\"fernando2\" src=\"http:\/\/www.portaldelolleria.es\/wp-content\/uploads\/2021\/06\/fernando2.jpg\" alt=\"\" width=\"598\" height=\"396\" srcset=\"http:\/\/www.portaldelolleria.es\/wp-content\/uploads\/2021\/06\/fernando2.jpg 598w, http:\/\/www.portaldelolleria.es\/wp-content\/uploads\/2021\/06\/fernando2-300x198.jpg 300w\" sizes=\"(max-width: 598px) 100vw, 598px\" \/><\/a><em><span style=\"color: #808080;\">Ajuntament de l&#8217;Olleria 28\/06\/2021<\/span><\/em><\/p>\n<div style=\"text-align: justify;\" dir=\"auto\"><strong>Exhibici\u00f3n de final de curso de la Escuela Deportiva de Taekwondo de L&#8217;Olleria<\/strong><\/div>\n<div style=\"text-align: justify;\">\n<div dir=\"auto\">El pasado miercoles, el Parque Beat Pare Ferreres de L&#8217;Olleria acogi\u00f3 la exhibici\u00f3n de final de curso de la Escuela Deportiva de Taekwondo de L&#8217;Olleria.<\/div>\n<\/div>\n<div>\n<div style=\"text-align: justify;\" dir=\"auto\">En el mismo acto se hizo entrega de los cinturones de grado a los y las alumnas que hab\u00edan superado el examen.<\/div>\n<div style=\"text-align: justify;\" dir=\"auto\">____________________<\/div>\n<div dir=\"auto\">\n<p style=\"text-align: justify;\"><span style=\"color: #003366;\"><strong>Exhibici\u00f3 de final de curs de l&#8217;Escola Esportiva de Taekwondo de l&#8217;Olleria<\/strong><\/span><\/p>\n<p style=\"text-align: justify;\"><span style=\"color: #003366;\">El passat dimecres, el Parc Beat Pare Ferreres de l&#8217;Olleria va acollir l&#8217;exhibici\u00f3 de final de curs de l&#8217;Escola Esportiva de Taekwondo de l&#8217;Olleria.<\/span><br \/>\n<span style=\"color: #003366;\">En el mateix acte es va fer entrega dels cinturons de grau als i les alumnes que havien superat l&#8217;examen.<\/span><\/p>\n<\/div>\n<\/div>\n<p><a href=\"http:\/\/www.portaldelolleria.es\/wp-content\/uploads\/2021\/06\/fernando1.jpg\"><img loading=\"lazy\" class=\"aligncenter size-full wp-image-27203\" title=\"fernando1\" src=\"http:\/\/www.portaldelolleria.es\/wp-content\/uploads\/2021\/06\/fernando1.jpg\" alt=\"\" width=\"598\" height=\"396\" srcset=\"http:\/\/www.portaldelolleria.es\/wp-content\/uploads\/2021\/06\/fernando1.jpg 598w, http:\/\/www.portaldelolleria.es\/wp-content\/uploads\/2021\/06\/fernando1-300x198.jpg 300w\" sizes=\"(max-width: 598px) 100vw, 598px\" \/><\/a><\/p>\n<div style=\"text-align: justify;\" dir=\"auto\"><strong>Fernando Arjona participa en la organizaci\u00f3n del Campeonato de Espa\u00f1a de Taekwondo en las categor\u00edas Cadete y Sub 21<\/strong><\/div>\n<div style=\"text-align: justify;\">\n<div dir=\"auto\">El coordinador de la Escuela Deportiva de Taekwondo de L&#8217;Olleria, Fernando Arjona particip\u00f3 en la organizaci\u00f3n, como delegado de actividades deportivas del Campeonato de Espa\u00f1a de Taekwondo en las categor\u00edas Cadete y Sub 21 y director de protocolo, este fin de semana en la Nucia.<\/div>\n<\/div>\n<div style=\"text-align: justify;\" dir=\"auto\">_______________________<\/div>\n<div dir=\"auto\">\n<p style=\"text-align: justify;\"><strong><span style=\"color: #003366;\">Fernando Arjona participa en l&#8217;organitzaci\u00f3 del Campionat d&#8217;Espanya de Taekwondo en les categories Cadet i Sub 21<\/span><\/strong><\/p>\n<p style=\"text-align: justify;\"><span style=\"color: #003366;\">El coordinador de l&#8217;Escola Esportiva de Taekwondo de l&#8217;Olleria, Fernando Arjona va participar en l&#8217;organitzaci\u00f3, com a delegat d&#8217;activitats esportives de l&#8217;Campionat d&#8217;Espanya de Taekwondo a les categories Cadet i Sub 21 i director de protocol, aquest cap de setmana a la Nucia .<\/span><\/p>\n<\/div>\n","protected":false},"excerpt":{"rendered":"<p>Ajuntament de l&#8217;Olleria 28\/06\/2021 Exhibici\u00f3n de final de curso de la Escuela Deportiva de Taekwondo de L&#8217;Olleria El pasado miercoles, el Parque Beat Pare Ferreres de L&#8217;Olleria acogi\u00f3 la exhibici\u00f3n de final de curso de la Escuela Deportiva de Taekwondo de L&#8217;Olleria. En el mismo acto se hizo entrega de los cinturones de grado a [&hellip;]<\/p>\n","protected":false},"author":1,"featured_media":0,"comment_status":"closed","ping_status":"open","sticky":false,"template":"","format":"standard","meta":{"_monsterinsights_skip_tracking":false,"_monsterinsights_sitenote_active":false,"_monsterinsights_sitenote_note":"","_monsterinsights_sitenote_category":0},"categories":[9,12],"tags":[],"_links":{"self":[{"href":"http:\/\/www.portaldelolleria.es\/index.php?rest_route=\/wp\/v2\/posts\/27201"}],"collection":[{"href":"http:\/\/www.portaldelolleria.es\/index.php?rest_route=\/wp\/v2\/posts"}],"about":[{"href":"http:\/\/www.portaldelolleria.es\/index.php?rest_route=\/wp\/v2\/types\/post"}],"author":[{"embeddable":true,"href":"http:\/\/www.portaldelolleria.es\/index.php?rest_route=\/wp\/v2\/users\/1"}],"replies":[{"embeddable":true,"href":"http:\/\/www.portaldelolleria.es\/index.php?rest_route=%2Fwp%2Fv2%2Fcomments&post=27201"}],"version-history":[{"count":2,"href":"http:\/\/www.portaldelolleria.es\/index.php?rest_route=\/wp\/v2\/posts\/27201\/revisions"}],"predecessor-version":[{"id":27205,"href":"http:\/\/www.portaldelolleria.es\/index.php?rest_route=\/wp\/v2\/posts\/27201\/revisions\/27205"}],"wp:attachment":[{"href":"http:\/\/www.portaldelolleria.es\/index.php?rest_route=%2Fwp%2Fv2%2Fmedia&parent=27201"}],"wp:term":[{"taxonomy":"category","embeddable":true,"href":"http:\/\/www.portaldelolleria.es\/index.php?rest_route=%2Fwp%2Fv2%2Fcategories&post=27201"},{"taxonomy":"post_tag","embeddable":true,"href":"http:\/\/www.portaldelolleria.es\/index.php?rest_route=%2Fwp%2Fv2%2Ftags&post=27201"}],"curies":[{"name":"wp","href":"https:\/\/api.w.org\/{rel}","templated":true}]}}