{"id":2721,"date":"2013-04-17T09:52:24","date_gmt":"2013-04-17T08:52:24","guid":{"rendered":"http:\/\/www.portaldelolleria.es\/?p=2721"},"modified":"2013-04-17T09:56:55","modified_gmt":"2013-04-17T08:56:55","slug":"la-marca-lolleria-en-mk-television","status":"publish","type":"post","link":"http:\/\/www.portaldelolleria.es\/?p=2721","title":{"rendered":"La Marca \u00abL&#8217;Olleria\u00bb en MK televisi\u00f3n."},"content":{"rendered":"<p><a href=\"http:\/\/www.portaldelolleria.es\/wp-content\/uploads\/2013\/04\/marca-lolleria.jpg\"><img loading=\"lazy\" class=\"aligncenter size-full wp-image-2724\" title=\"marca lolleria\" src=\"http:\/\/www.portaldelolleria.es\/wp-content\/uploads\/2013\/04\/marca-lolleria.jpg\" alt=\"\" width=\"598\" height=\"398\" srcset=\"http:\/\/www.portaldelolleria.es\/wp-content\/uploads\/2013\/04\/marca-lolleria.jpg 598w, http:\/\/www.portaldelolleria.es\/wp-content\/uploads\/2013\/04\/marca-lolleria-300x199.jpg 300w\" sizes=\"(max-width: 598px) 100vw, 598px\" \/><\/a><\/p>\n<p>Mk Televisi\u00f3n, emiti\u00f3 el pasado martes la presentaci\u00f3n de la marca \u00abL&#8217;Olleria\u00bb,\u00a0 dentro de su habitual programa de noticias.\u00a0 El amplio reportaje permite dar a conocer parte de la presentaci\u00f3n a aquellos que no pudieron asistir al acto.\u00a0 Asi como la opini\u00f3n en primera persona de casi todos los protagonistas que participaron en la elaboraci\u00f3n, o selecci\u00f3n del logotipo seleccionado.\u00a0 El noticiero tambi\u00e9n se hace eco de parte de la interpretaci\u00f3n de la marca.<\/p>\n<p>&nbsp;<\/p>\n<p><a href=\"http:\/\/www.portaldelolleria.es\/wp-content\/uploads\/2013\/04\/marcaolleria.jpg\"><img loading=\"lazy\" class=\"aligncenter size-full wp-image-2722\" title=\"marcaolleria\" src=\"http:\/\/www.portaldelolleria.es\/wp-content\/uploads\/2013\/04\/marcaolleria.jpg\" alt=\"\" width=\"598\" height=\"398\" srcset=\"http:\/\/www.portaldelolleria.es\/wp-content\/uploads\/2013\/04\/marcaolleria.jpg 598w, http:\/\/www.portaldelolleria.es\/wp-content\/uploads\/2013\/04\/marcaolleria-300x199.jpg 300w\" sizes=\"(max-width: 598px) 100vw, 598px\" \/><\/a><\/p>\n<p>&nbsp;<\/p>\n<p>El Ayuntamiento ha puesto desde su p\u00e1gina web un acceso para descargar\u00a0 el logotipo en gran formato.\u00a0\u00a0 <a href=\"http:\/\/marca.lolleria.net\">acceder desde aqui<\/a>\u00a0\u00a0 Recordar que la marca es de libre uso para todos los ollerienses,\u00a0 recomendando ajustarse a las aplicaciones dispuestas en la guia que se puede descargar en la misma p\u00e1gina.<\/p>\n<p>Extracto del programa de noticias emitido por MK televisi\u00f3n el martes 16<br \/>\n<iframe loading=\"lazy\" src=\"http:\/\/www.youtube.com\/embed\/KloepDg8Cr8\" frameborder=\"0\" width=\"598\" height=\"449\"><\/iframe><\/p>\n","protected":false},"excerpt":{"rendered":"<p>Mk Televisi\u00f3n, emiti\u00f3 el pasado martes la presentaci\u00f3n de la marca \u00abL&#8217;Olleria\u00bb,\u00a0 dentro de su habitual programa de noticias.\u00a0 El amplio reportaje permite dar a conocer parte de la presentaci\u00f3n a aquellos que no pudieron asistir al acto.\u00a0 Asi como la opini\u00f3n en primera persona de casi todos los protagonistas que participaron en la elaboraci\u00f3n, [&hellip;]<\/p>\n","protected":false},"author":2,"featured_media":0,"comment_status":"closed","ping_status":"open","sticky":false,"template":"","format":"standard","meta":{"_monsterinsights_skip_tracking":false,"_monsterinsights_sitenote_active":false,"_monsterinsights_sitenote_note":"","_monsterinsights_sitenote_category":0},"categories":[3,12],"tags":[20,630,636,42],"_links":{"self":[{"href":"http:\/\/www.portaldelolleria.es\/index.php?rest_route=\/wp\/v2\/posts\/2721"}],"collection":[{"href":"http:\/\/www.portaldelolleria.es\/index.php?rest_route=\/wp\/v2\/posts"}],"about":[{"href":"http:\/\/www.portaldelolleria.es\/index.php?rest_route=\/wp\/v2\/types\/post"}],"author":[{"embeddable":true,"href":"http:\/\/www.portaldelolleria.es\/index.php?rest_route=\/wp\/v2\/users\/2"}],"replies":[{"embeddable":true,"href":"http:\/\/www.portaldelolleria.es\/index.php?rest_route=%2Fwp%2Fv2%2Fcomments&post=2721"}],"version-history":[{"count":2,"href":"http:\/\/www.portaldelolleria.es\/index.php?rest_route=\/wp\/v2\/posts\/2721\/revisions"}],"predecessor-version":[{"id":2726,"href":"http:\/\/www.portaldelolleria.es\/index.php?rest_route=\/wp\/v2\/posts\/2721\/revisions\/2726"}],"wp:attachment":[{"href":"http:\/\/www.portaldelolleria.es\/index.php?rest_route=%2Fwp%2Fv2%2Fmedia&parent=2721"}],"wp:term":[{"taxonomy":"category","embeddable":true,"href":"http:\/\/www.portaldelolleria.es\/index.php?rest_route=%2Fwp%2Fv2%2Fcategories&post=2721"},{"taxonomy":"post_tag","embeddable":true,"href":"http:\/\/www.portaldelolleria.es\/index.php?rest_route=%2Fwp%2Fv2%2Ftags&post=2721"}],"curies":[{"name":"wp","href":"https:\/\/api.w.org\/{rel}","templated":true}]}}