{"id":2727,"date":"2013-04-17T08:48:03","date_gmt":"2013-04-17T07:48:03","guid":{"rendered":"http:\/\/www.portaldelolleria.es\/?p=2727"},"modified":"2013-04-17T10:53:48","modified_gmt":"2013-04-17T09:53:48","slug":"grupo-de-danzas-el-revol-de-lolleria-colabora-con-caritas","status":"publish","type":"post","link":"http:\/\/www.portaldelolleria.es\/?p=2727","title":{"rendered":"Grupo de Danzas El Revol de L&#8217;Olleria colabora con C\u00e1ritas"},"content":{"rendered":"<p><a href=\"http:\/\/www.portaldelolleria.es\/wp-content\/uploads\/2013\/04\/elrevol-olleria.jpg\"><img loading=\"lazy\" class=\"aligncenter size-full wp-image-2728\" title=\"elrevol olleria\" src=\"http:\/\/www.portaldelolleria.es\/wp-content\/uploads\/2013\/04\/elrevol-olleria.jpg\" alt=\"\" width=\"598\" height=\"398\" srcset=\"http:\/\/www.portaldelolleria.es\/wp-content\/uploads\/2013\/04\/elrevol-olleria.jpg 598w, http:\/\/www.portaldelolleria.es\/wp-content\/uploads\/2013\/04\/elrevol-olleria-300x199.jpg 300w\" sizes=\"(max-width: 598px) 100vw, 598px\" \/><\/a><\/p>\n<p>&nbsp;<\/p>\n<p>&nbsp;<\/p>\n<p class=\"MsoNormal\" style=\"text-align: center;\" align=\"center\"><strong style=\"mso-bidi-font-weight: normal;\"><span style=\"text-decoration: underline;\"><span style=\"font-size: 14.0pt; line-height: 115%; mso-ansi-language: ES-TRAD;\" lang=\"ES-TRAD\">EL GRUPO DE DANZAS \u201cEL REVOL\u201d DE L\u2019OLLERIA COLABORA CON C\u00c1RITAS PARROQUIAL CON ENTRADA SOLIDARIA<\/span><\/span><\/strong><\/p>\n<p class=\"MsoNormal\" style=\"text-align: justify; text-indent: 35.4pt;\"><span style=\"font-size: 12.0pt; line-height: 115%; mso-ansi-language: ES-TRAD;\" lang=\"ES-TRAD\">El pasado domingo 14 de abril, a las 18.30 horas de la tarde se celebraba el Festival del Grupo de Danzas \u201cEl Revol\u201d en el Cine Goya de la L\u2019Olleria. Las butacas disponibles se llenaron pronto de espectadores y muchos tuvieron que ver el festival de pie. <\/span><\/p>\n<p class=\"MsoNormal\" style=\"text-align: justify; text-indent: 35.4pt;\"><span style=\"font-size: 12.0pt; line-height: 115%; mso-ansi-language: ES-TRAD;\" lang=\"ES-TRAD\">Nos deleitaron con danzas populares valencianas con un gran valor cultural.<\/span><\/p>\n<p class=\"MsoNormal\" style=\"text-align: justify; text-indent: 35.4pt;\"><span style=\"font-size: 12.0pt; line-height: 115%; mso-ansi-language: ES-TRAD;\" lang=\"ES-TRAD\">El grupo de danzas quiso colaborar con C\u00e1ritas Parroquial de la localidad poniendo una entrada solidaria, la cual consist\u00eda en la donaci\u00f3n de un producto alimenticio no perecedero por persona como m\u00ednimo.<\/span><\/p>\n<p class=\"MsoNormal\" style=\"text-align: justify; text-indent: 35.4pt;\"><span style=\"font-size: 12.0pt; line-height: 115%; mso-ansi-language: ES-TRAD;\" lang=\"ES-TRAD\">Es una gran obra de caridad por parte de todos en estos momentos tan dif\u00edciles.<\/span><\/p>\n<p class=\"MsoNormal\" style=\"text-align: justify; text-indent: 35.4pt;\"><span style=\"font-size: 12.0pt; line-height: 115%; mso-ansi-language: ES-TRAD;\" lang=\"ES-TRAD\">L\u2019Olleria 16 de abril de 2013 <\/span><\/p>\n<p class=\"MsoNormal\" style=\"text-align: justify; text-indent: 35.4pt;\"><span style=\"font-size: 12.0pt; line-height: 115%; mso-ansi-language: ES-TRAD;\" lang=\"ES-TRAD\">Pepe Aparici \u2013 Ram\u00f3n Vidal.<\/span><\/p>\n","protected":false},"excerpt":{"rendered":"<p>&nbsp; &nbsp; EL GRUPO DE DANZAS \u201cEL REVOL\u201d DE L\u2019OLLERIA COLABORA CON C\u00c1RITAS PARROQUIAL CON ENTRADA SOLIDARIA El pasado domingo 14 de abril, a las 18.30 horas de la tarde se celebraba el Festival del Grupo de Danzas \u201cEl Revol\u201d en el Cine Goya de la L\u2019Olleria. Las butacas disponibles se llenaron pronto de espectadores [&hellip;]<\/p>\n","protected":false},"author":2,"featured_media":0,"comment_status":"closed","ping_status":"open","sticky":false,"template":"","format":"standard","meta":{"_monsterinsights_skip_tracking":false,"_monsterinsights_sitenote_active":false,"_monsterinsights_sitenote_note":"","_monsterinsights_sitenote_category":0},"categories":[16,12],"tags":[484,627,637,20],"_links":{"self":[{"href":"http:\/\/www.portaldelolleria.es\/index.php?rest_route=\/wp\/v2\/posts\/2727"}],"collection":[{"href":"http:\/\/www.portaldelolleria.es\/index.php?rest_route=\/wp\/v2\/posts"}],"about":[{"href":"http:\/\/www.portaldelolleria.es\/index.php?rest_route=\/wp\/v2\/types\/post"}],"author":[{"embeddable":true,"href":"http:\/\/www.portaldelolleria.es\/index.php?rest_route=\/wp\/v2\/users\/2"}],"replies":[{"embeddable":true,"href":"http:\/\/www.portaldelolleria.es\/index.php?rest_route=%2Fwp%2Fv2%2Fcomments&post=2727"}],"version-history":[{"count":1,"href":"http:\/\/www.portaldelolleria.es\/index.php?rest_route=\/wp\/v2\/posts\/2727\/revisions"}],"predecessor-version":[{"id":2729,"href":"http:\/\/www.portaldelolleria.es\/index.php?rest_route=\/wp\/v2\/posts\/2727\/revisions\/2729"}],"wp:attachment":[{"href":"http:\/\/www.portaldelolleria.es\/index.php?rest_route=%2Fwp%2Fv2%2Fmedia&parent=2727"}],"wp:term":[{"taxonomy":"category","embeddable":true,"href":"http:\/\/www.portaldelolleria.es\/index.php?rest_route=%2Fwp%2Fv2%2Fcategories&post=2727"},{"taxonomy":"post_tag","embeddable":true,"href":"http:\/\/www.portaldelolleria.es\/index.php?rest_route=%2Fwp%2Fv2%2Ftags&post=2727"}],"curies":[{"name":"wp","href":"https:\/\/api.w.org\/{rel}","templated":true}]}}