{"id":27299,"date":"2021-08-12T11:57:19","date_gmt":"2021-08-12T09:57:19","guid":{"rendered":"http:\/\/www.portaldelolleria.es\/?p=27299"},"modified":"2021-08-12T12:05:17","modified_gmt":"2021-08-12T10:05:17","slug":"lolleria-vuelve-a-poner-en-marcha-una-campana-de-control-de-ruido-de-motos","status":"publish","type":"post","link":"http:\/\/www.portaldelolleria.es\/?p=27299","title":{"rendered":"L&#8217;Olleria vuelve a poner en marcha una campa\u00f1a de control de ruido de motos"},"content":{"rendered":"<p style=\"text-align: justify;\"><a href=\"http:\/\/www.portaldelolleria.es\/wp-content\/uploads\/2021\/08\/soroll.jpg\"><img loading=\"lazy\" class=\"aligncenter size-full wp-image-27301\" title=\"soroll\" src=\"http:\/\/www.portaldelolleria.es\/wp-content\/uploads\/2021\/08\/soroll.jpg\" alt=\"\" width=\"598\" height=\"392\" srcset=\"http:\/\/www.portaldelolleria.es\/wp-content\/uploads\/2021\/08\/soroll.jpg 598w, http:\/\/www.portaldelolleria.es\/wp-content\/uploads\/2021\/08\/soroll-300x196.jpg 300w\" sizes=\"(max-width: 598px) 100vw, 598px\" \/><\/a><\/p>\n<p style=\"text-align: justify;\"><span style=\"color: #808080;\"><em>Ajuntament de l&#8217;Olleria\u00a0 12\/8\/2021<\/em><\/span><\/p>\n<div style=\"text-align: justify;\" dir=\"auto\"><strong>L&#8217;Olleria vuelve a poner en marcha una campa\u00f1a de control de ruido de motos<\/strong><\/div>\n<div style=\"text-align: justify;\">\n<div dir=\"auto\">El calor del verano invita a los ciudadanos a abrir m\u00e1s las ventanas de sus viviendas para soportar las altas temperaturas, una acci\u00f3n que, a veces, supone un problema para muchos vecinos y vecinas, puesto que tienen que convivir con el ruido de algunas motos con tubos de escape alterados.<\/div>\n<\/div>\n<div style=\"text-align: justify;\">\n<div dir=\"auto\">Se ha detectado el incremento de la circulaci\u00f3n de estos veh\u00edculos, incumpliendo la ordenanza y desde la Concejal\u00eda de Seguridad Vial y Tr\u00e1fico se ha reforzado la vigilancia y cumplimiento de esta.<\/div>\n<\/div>\n<div style=\"text-align: justify;\">\n<div dir=\"auto\">Esta circunstancia se repite a\u00f1o tras a\u00f1o y para disuadirla, el Ayuntamiento de L&#8217;Olleria puso en marcha al inicio del verano una nueva campa\u00f1a de control de ruido que se intensificar\u00e1 en el resto de \u00e9poca estival en la localidad.<\/div>\n<\/div>\n<div style=\"text-align: justify;\">\n<div dir=\"auto\">Los agentes centrar\u00e1n sus esfuerzos al controlar los ruidos provocados por los tubos de escape, que son los que m\u00e1s quejas producen entre la ciudadan\u00eda. Mirar\u00e1n que los tubos est\u00e9n homologados seg\u00fan la normativa vigente y, en caso de no ser as\u00ed, podr\u00eda dar lugar a una infracci\u00f3n para realizar una reforma de importancia no autorizada, por lo cual se proceder\u00eda a tramitar las denuncias por estos hechos y emplazar al veh\u00edculo a pasar la Inspecci\u00f3n T\u00e9cnica de Veh\u00edculos (ITV).<\/div>\n<\/div>\n<div style=\"text-align: justify;\" dir=\"auto\">_________________________<\/div>\n<div dir=\"auto\">\n<div style=\"text-align: justify;\" dir=\"auto\"><span style=\"color: #003366;\"><strong>L&#8217;Olleria torna a posar en marxa una campanya de control de soroll de motos<\/strong><\/span><\/div>\n<div style=\"text-align: justify;\">\n<div dir=\"auto\"><span style=\"color: #003366;\">La calor de l&#8217;estiu convida als ciutadans a obrir m\u00e9s les finestres dels seus habitatges per a suportar les altes temperatures, una acci\u00f3 que, de vegades, suposa un problema per a molts ve\u00efns i ve\u00efnes, ja que han de conviure amb el soroll d&#8217;algunes motos amb tubs d&#8217;escapament alterats.<\/span><\/div>\n<\/div>\n<div style=\"text-align: justify;\">\n<div dir=\"auto\"><span style=\"color: #003366;\">S&#8217;ha detectat l&#8217;increment de la circulaci\u00f3 d&#8217;aquests vehicles, incomplint l&#8217;ordenan\u00e7a i des de la Regidoria de Seguretat Vi\u00e0ria i Tr\u00e0nsit s&#8217;ha refor\u00e7at la vigil\u00e0ncia i compliment d&#8217;aquesta.<\/span><\/div>\n<\/div>\n<div style=\"text-align: justify;\">\n<div dir=\"auto\"><span style=\"color: #003366;\">Aquesta circumst\u00e0ncia es repeteix any rere any i per a dissuadir-la, l&#8217;Ajuntament de L&#8217;Olleria va posar en marxa a l&#8217;inici de l&#8217;estiu una nova campanya de control de soroll que s&#8217;intensificar\u00e0 en el que resta d&#8217;\u00e8poca estival a la localitat.<\/span><\/div>\n<\/div>\n<div>\n<div style=\"text-align: justify;\" dir=\"auto\"><span style=\"color: #003366;\">Els agents centraran els seus esfor\u00e7os en controlar els sorolls provocats pels tubs d&#8217;escapament, que s\u00f3n els que m\u00e9s queixes produeixen entre la ciutadania. Miraran que els tubs estiguen homologats segons la normativa vigent i, en cas de no ser aix\u00ed, podria donar lloc a una infracci\u00f3 per realitzar una reforma d&#8217;import\u00e0ncia no autoritzada, per la qual cosa es procediria a tramitar les den\u00fancies per aquests fets i empla\u00e7ar al vehicle a passar la Inspecci\u00f3 T\u00e8cnica de Vehicles (ITV).<\/span><\/div>\n<\/div>\n<div style=\"text-align: justify;\" dir=\"auto\"><a href=\"http:\/\/www.portaldelolleria.es\/wp-content\/uploads\/2021\/08\/soroll2.jpg\"><img loading=\"lazy\" class=\"aligncenter size-full wp-image-27300\" title=\"soroll2\" src=\"http:\/\/www.portaldelolleria.es\/wp-content\/uploads\/2021\/08\/soroll2.jpg\" alt=\"\" width=\"598\" height=\"846\" srcset=\"http:\/\/www.portaldelolleria.es\/wp-content\/uploads\/2021\/08\/soroll2.jpg 598w, http:\/\/www.portaldelolleria.es\/wp-content\/uploads\/2021\/08\/soroll2-212x300.jpg 212w\" sizes=\"(max-width: 598px) 100vw, 598px\" \/><\/a><\/div>\n<\/div>\n","protected":false},"excerpt":{"rendered":"<p>Ajuntament de l&#8217;Olleria\u00a0 12\/8\/2021 L&#8217;Olleria vuelve a poner en marcha una campa\u00f1a de control de ruido de motos El calor del verano invita a los ciudadanos a abrir m\u00e1s las ventanas de sus viviendas para soportar las altas temperaturas, una acci\u00f3n que, a veces, supone un problema para muchos vecinos y vecinas, puesto que tienen [&hellip;]<\/p>\n","protected":false},"author":1,"featured_media":0,"comment_status":"closed","ping_status":"open","sticky":false,"template":"","format":"standard","meta":{"_monsterinsights_skip_tracking":false,"_monsterinsights_sitenote_active":false,"_monsterinsights_sitenote_note":"","_monsterinsights_sitenote_category":0},"categories":[3,12],"tags":[],"_links":{"self":[{"href":"http:\/\/www.portaldelolleria.es\/index.php?rest_route=\/wp\/v2\/posts\/27299"}],"collection":[{"href":"http:\/\/www.portaldelolleria.es\/index.php?rest_route=\/wp\/v2\/posts"}],"about":[{"href":"http:\/\/www.portaldelolleria.es\/index.php?rest_route=\/wp\/v2\/types\/post"}],"author":[{"embeddable":true,"href":"http:\/\/www.portaldelolleria.es\/index.php?rest_route=\/wp\/v2\/users\/1"}],"replies":[{"embeddable":true,"href":"http:\/\/www.portaldelolleria.es\/index.php?rest_route=%2Fwp%2Fv2%2Fcomments&post=27299"}],"version-history":[{"count":3,"href":"http:\/\/www.portaldelolleria.es\/index.php?rest_route=\/wp\/v2\/posts\/27299\/revisions"}],"predecessor-version":[{"id":27304,"href":"http:\/\/www.portaldelolleria.es\/index.php?rest_route=\/wp\/v2\/posts\/27299\/revisions\/27304"}],"wp:attachment":[{"href":"http:\/\/www.portaldelolleria.es\/index.php?rest_route=%2Fwp%2Fv2%2Fmedia&parent=27299"}],"wp:term":[{"taxonomy":"category","embeddable":true,"href":"http:\/\/www.portaldelolleria.es\/index.php?rest_route=%2Fwp%2Fv2%2Fcategories&post=27299"},{"taxonomy":"post_tag","embeddable":true,"href":"http:\/\/www.portaldelolleria.es\/index.php?rest_route=%2Fwp%2Fv2%2Ftags&post=27299"}],"curies":[{"name":"wp","href":"https:\/\/api.w.org\/{rel}","templated":true}]}}