{"id":27379,"date":"2021-08-31T19:28:28","date_gmt":"2021-08-31T17:28:28","guid":{"rendered":"http:\/\/www.portaldelolleria.es\/?p=27379"},"modified":"2021-08-31T19:28:28","modified_gmt":"2021-08-31T17:28:28","slug":"significativo-descenso-de-casos-covid-en-lolleria","status":"publish","type":"post","link":"http:\/\/www.portaldelolleria.es\/?p=27379","title":{"rendered":"Significativo descenso de casos Covid en l&#8217;Olleria"},"content":{"rendered":"<p><a href=\"http:\/\/www.portaldelolleria.es\/wp-content\/uploads\/2021\/08\/COVID19_8ag.jpg\"><img loading=\"lazy\" class=\"aligncenter size-full wp-image-27382\" title=\"COVID19_8ag\" src=\"http:\/\/www.portaldelolleria.es\/wp-content\/uploads\/2021\/08\/COVID19_8ag.jpg\" alt=\"\" width=\"598\" height=\"369\" srcset=\"http:\/\/www.portaldelolleria.es\/wp-content\/uploads\/2021\/08\/COVID19_8ag.jpg 598w, http:\/\/www.portaldelolleria.es\/wp-content\/uploads\/2021\/08\/COVID19_8ag-300x185.jpg 300w\" sizes=\"(max-width: 598px) 100vw, 598px\" \/><\/a><\/p>\n<p>El \u00faltimo\u00a0 monitoreo ofrecido por la Generalitat ofrece como m\u00e1s destacado un importante descenso de casos Covid en L&#8217;Olleria (-22),\u00a0 situ\u00e1ndo el n\u00famero de afectados en 18 y con una incidencia de 216 casos por cada 100.000 hab. Los municipios pr\u00f3ximos salvo excepciones tambi\u00e9n ofrecen ligeros descensos en la mayor\u00eda de los casos.\u00a0 Tan s\u00f3lo\u00a0 Albaida y Guadass\u00e9quies suman alg\u00fan caso mientras los dem\u00e1s mantienen el \u00abcero\u00bb como situaci\u00f3n normalizada.<\/p>\n<p>&nbsp;<\/p>\n<p>&nbsp;<\/p>\n<p><a href=\"http:\/\/www.portaldelolleria.es\/wp-content\/uploads\/2021\/08\/mapa_8_29082021AGOSTO.jpg\"><img loading=\"lazy\" class=\"aligncenter size-full wp-image-27384\" title=\"mapa_8_29082021AGOSTO\" src=\"http:\/\/www.portaldelolleria.es\/wp-content\/uploads\/2021\/08\/mapa_8_29082021AGOSTO.jpg\" alt=\"\" width=\"598\" height=\"484\" srcset=\"http:\/\/www.portaldelolleria.es\/wp-content\/uploads\/2021\/08\/mapa_8_29082021AGOSTO.jpg 598w, http:\/\/www.portaldelolleria.es\/wp-content\/uploads\/2021\/08\/mapa_8_29082021AGOSTO-300x242.jpg 300w\" sizes=\"(max-width: 598px) 100vw, 598px\" \/><\/a><\/p>\n<p><a href=\"http:\/\/www.portaldelolleria.es\/wp-content\/uploads\/2021\/08\/wcb3y9m6.jpg\"><img loading=\"lazy\" class=\"aligncenter size-full wp-image-27380\" title=\"wcb3y9m6\" src=\"http:\/\/www.portaldelolleria.es\/wp-content\/uploads\/2021\/08\/wcb3y9m6.jpg\" alt=\"\" width=\"598\" height=\"336\" srcset=\"http:\/\/www.portaldelolleria.es\/wp-content\/uploads\/2021\/08\/wcb3y9m6.jpg 598w, http:\/\/www.portaldelolleria.es\/wp-content\/uploads\/2021\/08\/wcb3y9m6-300x168.jpg 300w\" sizes=\"(max-width: 598px) 100vw, 598px\" \/><\/a><\/p>\n<p>&nbsp;<\/p>\n<div><strong>Sanidad notifica 441 nuevos casos de coronavirus y 1.125 altas en la Comunitat Valenciana<\/strong><\/div>\n<div>31\/08\/2021<\/div>\n<p><strong>&#8211; Un total de 3.445.156 personas cuentan con la pauta completa de inmunizaci\u00f3n en la Comunitat Valenciana<br \/>\n&#8211; Nuevos casos por provincias: 59 en Castell\u00f3n, 235 en Alicante y 147 en Valencia<\/strong><\/p>\n<p>Un total de 3.947.606 personas han recibido ya una dosis de la vacuna contra el coronavirus en la Comunitat Valenciana. Adem\u00e1s, en estos momentos, cuentan con la pauta completa de inmunizaci\u00f3n (dos dosis para Pfizer, Moderna y AstraZeneca; la monodosis de Janssen y una dosis de cualquier vacuna en las personas con antecedentes de haber pasado la COVID) 3.445.156 personas.<\/p>\n<p>Por otra parte, desde la \u00faltima actualizaci\u00f3n del viernes, la Conselleria de Sanidad Universal y Salud P\u00fablica ha notificado 441 casos nuevos de coronavirus confirmados por prueba PCR o a trav\u00e9s de test de ant\u00edgenos, que sit\u00faan la cifra total de positivos en 501.234 personas. Por provincias, 59 en Castell\u00f3n (51.948 en total); 235 en Alicante (182.806 en total) y 147 en Valencia (266.478 en total). Hay un total de 2 casos no asignados.<\/p>\n<p>Adem\u00e1s, se han registrado 1.125 altas a pacientes con coronavirus. De esta forma, el n\u00famero de personas que han superado la enfermedad desde que comenz\u00f3 la pandemia en la Comunitat Valenciana asciende a 495.610 personas. Por provincias, las altas se distribuyen as\u00ed: 51.628 en Castell\u00f3n, 178.949 en Alicante y 264.976 en Valencia. El total de altas no asignadas se mantiene en 57.<\/p>\n<p>Los hospitales valencianos tienen, actualmente, 391 personas ingresadas, 93 de ellas en la UCI: 62 en la provincia de Castell\u00f3n, 9 en UCI; 166 en la provincia de Alicante, 47 de ellas en la UCI; y 163 en la provincia de Valencia, 37 de ellas en UCI.<\/p>\n<p>Adem\u00e1s, se han registrado 13 fallecimientos (todos ellos en los \u00faltimos 7 d\u00edas), por lo que el total de decesos desde el inicio de la pandemia se sit\u00faa en 7.670: 830 en la provincia de Castell\u00f3n, 2.919 en la de Alicante y 3.921 en la de Valencia.<\/p>\n<p>De acuerdo con los datos registrados, en estos momentos hay 9.405 casos activos, lo que supone un 1,83% del total de positivos.<\/p>\n<p>Se ha registrado un brote que tuviera 10 o m\u00e1s casos asociados:<\/p>\n<p>&#8211; Benilloba: 13 casos. Origen social<\/p>\n","protected":false},"excerpt":{"rendered":"<p>El \u00faltimo\u00a0 monitoreo ofrecido por la Generalitat ofrece como m\u00e1s destacado un importante descenso de casos Covid en L&#8217;Olleria (-22),\u00a0 situ\u00e1ndo el n\u00famero de afectados en 18 y con una incidencia de 216 casos por cada 100.000 hab. Los municipios pr\u00f3ximos salvo excepciones tambi\u00e9n ofrecen ligeros descensos en la mayor\u00eda de los casos.\u00a0 Tan s\u00f3lo\u00a0 [&hellip;]<\/p>\n","protected":false},"author":1,"featured_media":0,"comment_status":"closed","ping_status":"open","sticky":false,"template":"","format":"standard","meta":{"_monsterinsights_skip_tracking":false,"_monsterinsights_sitenote_active":false,"_monsterinsights_sitenote_note":"","_monsterinsights_sitenote_category":0},"categories":[10,12],"tags":[],"_links":{"self":[{"href":"http:\/\/www.portaldelolleria.es\/index.php?rest_route=\/wp\/v2\/posts\/27379"}],"collection":[{"href":"http:\/\/www.portaldelolleria.es\/index.php?rest_route=\/wp\/v2\/posts"}],"about":[{"href":"http:\/\/www.portaldelolleria.es\/index.php?rest_route=\/wp\/v2\/types\/post"}],"author":[{"embeddable":true,"href":"http:\/\/www.portaldelolleria.es\/index.php?rest_route=\/wp\/v2\/users\/1"}],"replies":[{"embeddable":true,"href":"http:\/\/www.portaldelolleria.es\/index.php?rest_route=%2Fwp%2Fv2%2Fcomments&post=27379"}],"version-history":[{"count":1,"href":"http:\/\/www.portaldelolleria.es\/index.php?rest_route=\/wp\/v2\/posts\/27379\/revisions"}],"predecessor-version":[{"id":27385,"href":"http:\/\/www.portaldelolleria.es\/index.php?rest_route=\/wp\/v2\/posts\/27379\/revisions\/27385"}],"wp:attachment":[{"href":"http:\/\/www.portaldelolleria.es\/index.php?rest_route=%2Fwp%2Fv2%2Fmedia&parent=27379"}],"wp:term":[{"taxonomy":"category","embeddable":true,"href":"http:\/\/www.portaldelolleria.es\/index.php?rest_route=%2Fwp%2Fv2%2Fcategories&post=27379"},{"taxonomy":"post_tag","embeddable":true,"href":"http:\/\/www.portaldelolleria.es\/index.php?rest_route=%2Fwp%2Fv2%2Ftags&post=27379"}],"curies":[{"name":"wp","href":"https:\/\/api.w.org\/{rel}","templated":true}]}}