{"id":27389,"date":"2021-09-05T10:49:49","date_gmt":"2021-09-05T08:49:49","guid":{"rendered":"http:\/\/www.portaldelolleria.es\/?p=27389"},"modified":"2021-09-05T10:50:44","modified_gmt":"2021-09-05T08:50:44","slug":"runcancer-2021","status":"publish","type":"post","link":"http:\/\/www.portaldelolleria.es\/?p=27389","title":{"rendered":"RUNCANCER 2021"},"content":{"rendered":"<p><a href=\"http:\/\/www.portaldelolleria.es\/wp-content\/uploads\/2021\/09\/runcancer.jpg\"><img loading=\"lazy\" class=\"aligncenter size-full wp-image-27390\" title=\"runcancer\" src=\"http:\/\/www.portaldelolleria.es\/wp-content\/uploads\/2021\/09\/runcancer.jpg\" alt=\"\" width=\"598\" height=\"376\" srcset=\"http:\/\/www.portaldelolleria.es\/wp-content\/uploads\/2021\/09\/runcancer.jpg 598w, http:\/\/www.portaldelolleria.es\/wp-content\/uploads\/2021\/09\/runcancer-300x188.jpg 300w\" sizes=\"(max-width: 598px) 100vw, 598px\" \/><\/a><\/p>\n<p>&nbsp;<\/p>\n<h3 data-fontsize=\"18\" data-lineheight=\"18\">Detalles de la prueba<\/h3>\n<div>\n<p>L\u2019Olleria Contra el C\u00e1ncer. El circuito RunC\u00e1ncer 2021 llega a la localidad de la Vall d\u2019Albaida con una marcha no competitiva de 6 kil\u00f3metros, que se celebrar\u00e1 el 2 de octubre desde las 18 horas, con salida en el Parc Beat Pare Ferreres. Las inscripciones se podr\u00e1n realizar en la Junta Local de AECC y en la misma zona de salida hasta 30 minutos antes del inicio de la prueba.<\/p>\n<\/div>\n<div>\n<div>\n<h3 data-fontsize=\"18\" data-lineheight=\"18\">Prueba<\/h3>\n<div>\n<p>Marcha no competitiva<\/p>\n<\/div>\n<\/div>\n<\/div>\n<div>\n<div>\n<h3 data-fontsize=\"18\" data-lineheight=\"18\">Distancia<\/h3>\n<div>\n<p>6 km<\/p>\n<\/div>\n<\/div>\n<\/div>\n<div>\n<h3 data-fontsize=\"18\" data-lineheight=\"18\">Horario<\/h3>\n<p>(S\u00e1bado) 18:00<\/p>\n<p>&nbsp;<\/p>\n<p style=\"text-align: center;\">&gt;&gt;&gt;<a href=\"https:\/\/runcancer.com\/calendario-2021\/\" target=\"_blank\">Ver calendario de todas las pruebas<\/a>&lt;&lt;&lt;<\/p>\n<\/div>\n","protected":false},"excerpt":{"rendered":"<p>&nbsp; Detalles de la prueba L\u2019Olleria Contra el C\u00e1ncer. El circuito RunC\u00e1ncer 2021 llega a la localidad de la Vall d\u2019Albaida con una marcha no competitiva de 6 kil\u00f3metros, que se celebrar\u00e1 el 2 de octubre desde las 18 horas, con salida en el Parc Beat Pare Ferreres. Las inscripciones se podr\u00e1n realizar en la [&hellip;]<\/p>\n","protected":false},"author":1,"featured_media":0,"comment_status":"closed","ping_status":"open","sticky":false,"template":"","format":"standard","meta":{"_monsterinsights_skip_tracking":false,"_monsterinsights_sitenote_active":false,"_monsterinsights_sitenote_note":"","_monsterinsights_sitenote_category":0},"categories":[10,12],"tags":[],"_links":{"self":[{"href":"http:\/\/www.portaldelolleria.es\/index.php?rest_route=\/wp\/v2\/posts\/27389"}],"collection":[{"href":"http:\/\/www.portaldelolleria.es\/index.php?rest_route=\/wp\/v2\/posts"}],"about":[{"href":"http:\/\/www.portaldelolleria.es\/index.php?rest_route=\/wp\/v2\/types\/post"}],"author":[{"embeddable":true,"href":"http:\/\/www.portaldelolleria.es\/index.php?rest_route=\/wp\/v2\/users\/1"}],"replies":[{"embeddable":true,"href":"http:\/\/www.portaldelolleria.es\/index.php?rest_route=%2Fwp%2Fv2%2Fcomments&post=27389"}],"version-history":[{"count":2,"href":"http:\/\/www.portaldelolleria.es\/index.php?rest_route=\/wp\/v2\/posts\/27389\/revisions"}],"predecessor-version":[{"id":27392,"href":"http:\/\/www.portaldelolleria.es\/index.php?rest_route=\/wp\/v2\/posts\/27389\/revisions\/27392"}],"wp:attachment":[{"href":"http:\/\/www.portaldelolleria.es\/index.php?rest_route=%2Fwp%2Fv2%2Fmedia&parent=27389"}],"wp:term":[{"taxonomy":"category","embeddable":true,"href":"http:\/\/www.portaldelolleria.es\/index.php?rest_route=%2Fwp%2Fv2%2Fcategories&post=27389"},{"taxonomy":"post_tag","embeddable":true,"href":"http:\/\/www.portaldelolleria.es\/index.php?rest_route=%2Fwp%2Fv2%2Ftags&post=27389"}],"curies":[{"name":"wp","href":"https:\/\/api.w.org\/{rel}","templated":true}]}}