{"id":27397,"date":"2021-09-10T19:05:07","date_gmt":"2021-09-10T17:05:07","guid":{"rendered":"http:\/\/www.portaldelolleria.es\/?p=27397"},"modified":"2021-09-10T19:05:19","modified_gmt":"2021-09-10T17:05:19","slug":"continua-el-descenso-de-casos-covid-en-lolleria-y-alrededores","status":"publish","type":"post","link":"http:\/\/www.portaldelolleria.es\/?p=27397","title":{"rendered":"Contin\u00faa el descenso de casos Covid en l&#8217;Olleria y alrededores"},"content":{"rendered":"<p><a href=\"http:\/\/www.portaldelolleria.es\/wp-content\/uploads\/2021\/09\/COVID19_9ag.jpg\"><img loading=\"lazy\" class=\"aligncenter size-full wp-image-27399\" title=\"COVID19_9ag\" src=\"http:\/\/www.portaldelolleria.es\/wp-content\/uploads\/2021\/09\/COVID19_9ag.jpg\" alt=\"\" width=\"598\" height=\"369\" srcset=\"http:\/\/www.portaldelolleria.es\/wp-content\/uploads\/2021\/09\/COVID19_9ag.jpg 598w, http:\/\/www.portaldelolleria.es\/wp-content\/uploads\/2021\/09\/COVID19_9ag-300x185.jpg 300w\" sizes=\"(max-width: 598px) 100vw, 598px\" \/><\/a><\/p>\n<p>Contin\u00faa la desescalada en l&#8217;Olleria y poblaciones vecinas.\u00a0 L&#8217;Olleria desciende a los 13 contagios activos en los \u00faltimos 14 d\u00edas.\u00a0 Esta tendencia es similar al resto de municipios de la zona, que o bien ya estan situados en los \u00abcero\u00bb afectados \u00f3 siguen con la misma l\u00ednea descendente.\u00a0\u00a0\u00a0 Tal y como informan las autoridades sanitarias, el virus sigue ahi, es decir aunque ahora las cifras empiecen a ser propicias,\u00a0 no hay que descuidar las normas de prevenci\u00f3n e intentan alejar lo m\u00e1s posible la pr\u00f3xima ola.<\/p>\n<p>&nbsp;<\/p>\n<p style=\"text-align: justify;\"><a href=\"http:\/\/www.portaldelolleria.es\/wp-content\/uploads\/2021\/09\/SEPT_3_08092021.jpg\"><img loading=\"lazy\" class=\"aligncenter size-full wp-image-27398\" title=\"SEPT_3_08092021\" src=\"http:\/\/www.portaldelolleria.es\/wp-content\/uploads\/2021\/09\/SEPT_3_08092021.jpg\" alt=\"\" width=\"598\" height=\"484\" srcset=\"http:\/\/www.portaldelolleria.es\/wp-content\/uploads\/2021\/09\/SEPT_3_08092021.jpg 598w, http:\/\/www.portaldelolleria.es\/wp-content\/uploads\/2021\/09\/SEPT_3_08092021-300x242.jpg 300w\" sizes=\"(max-width: 598px) 100vw, 598px\" \/><\/a><\/p>\n<div style=\"text-align: justify;\"><strong>Sanidad notifica 355 nuevos casos de coronavirus y 823 altas en la Comunitat Valenciana<\/strong><\/div>\n<div style=\"text-align: justify;\">10\/09\/2021<\/div>\n<p style=\"text-align: justify;\"><strong>&#8211; Un total de 3.799.247 personas cuentan con la pauta completa de inmunizaci\u00f3n en la Comunitat Valenciana<br \/>\n&#8211; Nuevos casos por provincias: 44 en Castell\u00f3n, 187 en Alicante y 124 en Valencia<\/strong><\/p>\n<p>Un total de 4.015.320 personas han recibido ya una dosis de la vacuna contra el coronavirus en la Comunitat Valenciana. Adem\u00e1s, en estos momentos, cuentan con la pauta completa de inmunizaci\u00f3n (dos dosis para Pfizer, Moderna y AstraZeneca; la monodosis de Janssen y una dosis de cualquier vacuna en las personas con antecedentes de haber pasado la COVID) 3.799.247 personas.<\/p>\n<p>Por otra parte, desde la \u00faltima actualizaci\u00f3n, la Conselleria de Sanidad Universal y Salud P\u00fablica ha notificado 355 casos nuevos de coronavirus confirmados por prueba PCR o a trav\u00e9s de test de ant\u00edgenos, que sit\u00faan la cifra total de positivos en 505.762 personas. Por provincias, 44 en Castell\u00f3n (52.419 en total); 187 en Alicante (185.056 en total) y 124 en Valencia (268.285 en total). Hay un total de 2 casos no asignados.<\/p>\n<p>Adem\u00e1s, se han registrado 823 altas a pacientes con coronavirus. De esta forma, el n\u00famero de personas que han superado la enfermedad desde que comenz\u00f3 la pandemia en la Comunitat Valenciana asciende a 504.598 personas. Por provincias, las altas se distribuyen as\u00ed: 52.570 en Castell\u00f3n, 183.656 en Alicante y 268.315 en Valencia. El total de altas no asignadas se mantiene en 57.<\/p>\n<p>Los hospitales valencianos tienen, actualmente, 260 personas ingresadas, 66 de ellas en la UCI: 44 en la provincia de Castell\u00f3n, 8 en UCI; 110 en la provincia de Alicante, 32 de ellas en la UCI; y 106 en la provincia de Valencia, 26 de ellas en UCI.<\/p>\n<p>Adem\u00e1s, se han registrado 5 fallecimientos (todos ellos en los \u00faltimos 7 d\u00edas), por lo que el total de decesos desde el inicio de la pandemia se sit\u00faa en 7.733: 838 en la provincia de Castell\u00f3n, 2.953 en la de Alicante y 3.942 en la de Valencia.<\/p>\n<p>De acuerdo con los datos registrados, en estos momentos hay 4.883 casos activos, lo que supone un 0,94% del total de positivos.<\/p>\n<p>Desde la \u00faltima actualizaci\u00f3n, no se han registrado brote con 10 o m\u00e1s casos asociados.<\/p>\n","protected":false},"excerpt":{"rendered":"<p>Contin\u00faa la desescalada en l&#8217;Olleria y poblaciones vecinas.\u00a0 L&#8217;Olleria desciende a los 13 contagios activos en los \u00faltimos 14 d\u00edas.\u00a0 Esta tendencia es similar al resto de municipios de la zona, que o bien ya estan situados en los \u00abcero\u00bb afectados \u00f3 siguen con la misma l\u00ednea descendente.\u00a0\u00a0\u00a0 Tal y como informan las autoridades sanitarias, [&hellip;]<\/p>\n","protected":false},"author":1,"featured_media":0,"comment_status":"closed","ping_status":"open","sticky":false,"template":"","format":"standard","meta":{"_monsterinsights_skip_tracking":false,"_monsterinsights_sitenote_active":false,"_monsterinsights_sitenote_note":"","_monsterinsights_sitenote_category":0},"categories":[10,12],"tags":[],"_links":{"self":[{"href":"http:\/\/www.portaldelolleria.es\/index.php?rest_route=\/wp\/v2\/posts\/27397"}],"collection":[{"href":"http:\/\/www.portaldelolleria.es\/index.php?rest_route=\/wp\/v2\/posts"}],"about":[{"href":"http:\/\/www.portaldelolleria.es\/index.php?rest_route=\/wp\/v2\/types\/post"}],"author":[{"embeddable":true,"href":"http:\/\/www.portaldelolleria.es\/index.php?rest_route=\/wp\/v2\/users\/1"}],"replies":[{"embeddable":true,"href":"http:\/\/www.portaldelolleria.es\/index.php?rest_route=%2Fwp%2Fv2%2Fcomments&post=27397"}],"version-history":[{"count":2,"href":"http:\/\/www.portaldelolleria.es\/index.php?rest_route=\/wp\/v2\/posts\/27397\/revisions"}],"predecessor-version":[{"id":27401,"href":"http:\/\/www.portaldelolleria.es\/index.php?rest_route=\/wp\/v2\/posts\/27397\/revisions\/27401"}],"wp:attachment":[{"href":"http:\/\/www.portaldelolleria.es\/index.php?rest_route=%2Fwp%2Fv2%2Fmedia&parent=27397"}],"wp:term":[{"taxonomy":"category","embeddable":true,"href":"http:\/\/www.portaldelolleria.es\/index.php?rest_route=%2Fwp%2Fv2%2Fcategories&post=27397"},{"taxonomy":"post_tag","embeddable":true,"href":"http:\/\/www.portaldelolleria.es\/index.php?rest_route=%2Fwp%2Fv2%2Ftags&post=27397"}],"curies":[{"name":"wp","href":"https:\/\/api.w.org\/{rel}","templated":true}]}}