{"id":27436,"date":"2021-09-14T18:55:42","date_gmt":"2021-09-14T16:55:42","guid":{"rendered":"http:\/\/www.portaldelolleria.es\/?p=27436"},"modified":"2021-09-14T18:57:53","modified_gmt":"2021-09-14T16:57:53","slug":"se-reducen-a-11-los-casos-de-afectados-por-covid-en-lolleria","status":"publish","type":"post","link":"http:\/\/www.portaldelolleria.es\/?p=27436","title":{"rendered":"Se reducen a 11, los casos de afectados por Covid en l&#8217;Olleria"},"content":{"rendered":"<p><a href=\"http:\/\/www.portaldelolleria.es\/wp-content\/uploads\/2021\/09\/COVID19_1sep.jpg\"><img loading=\"lazy\" class=\"aligncenter size-full wp-image-27438\" title=\"COVID19_1sep\" src=\"http:\/\/www.portaldelolleria.es\/wp-content\/uploads\/2021\/09\/COVID19_1sep.jpg\" alt=\"\" width=\"598\" height=\"369\" srcset=\"http:\/\/www.portaldelolleria.es\/wp-content\/uploads\/2021\/09\/COVID19_1sep.jpg 598w, http:\/\/www.portaldelolleria.es\/wp-content\/uploads\/2021\/09\/COVID19_1sep-300x185.jpg 300w\" sizes=\"(max-width: 598px) 100vw, 598px\" \/><\/a><\/p>\n<p>L&#8217;Olleria reduce a 11 casos, el n\u00famero de afectados por infecci\u00f3n Covid.\u00a0 En esta ocasi\u00f3n, son dos menos desde el \u00faltimo monitoreo del pasado d\u00eda 8.\u00a0\u00a0 Por contra algunas poblaciones vecinas, han visto incrementado su n\u00famero de casos en el mismo peri\u00f3do de tiempo,\u00a0 Aielo de Malferit y Montaverner suman 1,\u00a0 Canals 3 y Ontinyent y X\u00e0tiva 5 y 4 respectivamente.\u00a0 Una se\u00f1al m\u00e1s de que esto no se ha acabado,\u00a0 aunque tenga menor repercusi\u00f3n, el virus sigue ah\u00ed.<\/p>\n<p>Toda persona de L&#8217;Olleria que est\u00e9 interesada en vacunarse por Covid-19, puede acudir al Centro de Salud, <strong>ma\u00f1ana 15 de septiembre<\/strong> (al igual que hoy) se podr\u00e1 hacerlo sin cita previa en horario de 9 a 14 h.<\/p>\n<p>&nbsp;<\/p>\n<p>&nbsp;<\/p>\n<p><a href=\"http:\/\/www.portaldelolleria.es\/wp-content\/uploads\/2021\/09\/SEPT_4_12092021.jpg\"><img loading=\"lazy\" class=\"aligncenter size-full wp-image-27437\" title=\"SEPT_4_12092021\" src=\"http:\/\/www.portaldelolleria.es\/wp-content\/uploads\/2021\/09\/SEPT_4_12092021.jpg\" alt=\"\" width=\"598\" height=\"484\" srcset=\"http:\/\/www.portaldelolleria.es\/wp-content\/uploads\/2021\/09\/SEPT_4_12092021.jpg 598w, http:\/\/www.portaldelolleria.es\/wp-content\/uploads\/2021\/09\/SEPT_4_12092021-300x242.jpg 300w\" sizes=\"(max-width: 598px) 100vw, 598px\" \/><\/a><\/p>\n<p>&nbsp;<\/p>\n<div id=\"div_texto\" data-gtm-vis-recent-on-screen-10811847_38=\"665\" data-gtm-vis-first-on-screen-10811847_38=\"665\" data-gtm-vis-total-visible-time-10811847_38=\"100\" data-gtm-vis-has-fired-10811847_38=\"1\" data-gtm-vis-first-on-screen-10811847_10=\"786\" data-gtm-vis-total-visible-time-10811847_10=\"4000\" data-gtm-vis-recent-on-screen-10811847_10=\"4384\" data-gtm-vis-has-fired-10811847_10=\"1\">\n<p>La Comunitat Valenciana ha notificado 176 nuevos casos de coronavirus en las \u00faltimas veinticuatro horas, la cifra m\u00e1s baja desde el pasado 15 de junio y que muestra un descenso de 456 contagios respecto al lunes.<\/p>\n<p>Adem\u00e1s, se han registrado cuatro muertes (-1) y un descenso de los pacientes con covid ingresados en hospitales (-26 personas), y los de UCI (-3).<\/p>\n<\/div>\n<p>&nbsp;<\/p>\n<div><strong>Sanidad notifica 176 nuevos casos de coronavirus y 571 altas en la Comunitat Valenciana<\/strong><\/div>\n<div>14\/09\/2021<\/div>\n<p><strong>&#8211; El n\u00famero de casos es la cifra m\u00e1s baja de los \u00faltimos tres meses<br \/>\n&#8211; Nuevos casos por provincias: 25 en Castell\u00f3n, 78 en Alicante y 73 en Valencia<\/strong><\/p>\n<p>La Conselleria de Sanidad Universal y Salud P\u00fablica ha notificado, desde la \u00faltima actualizaci\u00f3n, 176 casos nuevos de coronavirus confirmados por prueba PCR o a trav\u00e9s de test de ant\u00edgenos, la cifra m\u00e1s baja de los \u00faltimos tres meses (no se registraba una cifra tan baja desde el 15 de junio). Con estos nuevos casos, la cifra total de positivos se sit\u00faa en 506.570 personas. Nuevos casos por provincias, 25 en Castell\u00f3n (52.518 en total); 78 en Alicante (185.414 en total) y 73 en Valencia (268.636 en total). Hay un total de 2 casos no asignados.<\/p>\n<p>Por otro lado, un total de 4.017.548 personas han recibido ya una dosis de la vacuna contra el coronavirus en la Comunitat Valenciana. Adem\u00e1s, en estos momentos, cuentan con la pauta completa de inmunizaci\u00f3n (dos dosis para Pfizer, Moderna y AstraZeneca; la monodosis de Janssen y una dosis de cualquier vacuna en las personas con antecedentes de haber pasado la COVID) 3.828.448 personas.<\/p>\n<p>Adem\u00e1s, se han registrado 571 altas a pacientes con coronavirus. De esta forma, el n\u00famero de personas que han superado la enfermedad desde que comenz\u00f3 la pandemia en la Comunitat Valenciana asciende a 506.364 personas. Por provincias, las altas se distribuyen as\u00ed: 52.779 en Castell\u00f3n, 184.480 en Alicante y 269.048 en Valencia. El total de altas no asignadas se mantiene en 57.<\/p>\n<p>Los hospitales valencianos tienen, actualmente, 242 personas ingresadas, 60 de ellas en la UCI: 35 en la provincia de Castell\u00f3n, 6 en UCI; 103 en la provincia de Alicante, 29 de ellas en la UCI; y 104 en la provincia de Valencia, 25 de ellas en UCI.<\/p>\n<p>Adem\u00e1s, se han registrado 4 fallecimientos (en los \u00faltimos 7 d\u00edas), por lo que el total de decesos desde el inicio de la pandemia se sit\u00faa en 7.742: 839 en la provincia de Castell\u00f3n, 2.960 en la de Alicante y 3.943 en la de Valencia.<\/p>\n<p>De acuerdo con los datos registrados, en estos momentos hay 3.916 casos activos, lo que supone un 0,76% del total de positivos.<\/p>\n<p>Desde la \u00faltima actualizaci\u00f3n, no se han registrado brote con 10 o m\u00e1s casos asociados.<\/p>\n","protected":false},"excerpt":{"rendered":"<p>L&#8217;Olleria reduce a 11 casos, el n\u00famero de afectados por infecci\u00f3n Covid.\u00a0 En esta ocasi\u00f3n, son dos menos desde el \u00faltimo monitoreo del pasado d\u00eda 8.\u00a0\u00a0 Por contra algunas poblaciones vecinas, han visto incrementado su n\u00famero de casos en el mismo peri\u00f3do de tiempo,\u00a0 Aielo de Malferit y Montaverner suman 1,\u00a0 Canals 3 y Ontinyent [&hellip;]<\/p>\n","protected":false},"author":1,"featured_media":0,"comment_status":"closed","ping_status":"open","sticky":false,"template":"","format":"standard","meta":{"_monsterinsights_skip_tracking":false,"_monsterinsights_sitenote_active":false,"_monsterinsights_sitenote_note":"","_monsterinsights_sitenote_category":0},"categories":[10,12],"tags":[],"_links":{"self":[{"href":"http:\/\/www.portaldelolleria.es\/index.php?rest_route=\/wp\/v2\/posts\/27436"}],"collection":[{"href":"http:\/\/www.portaldelolleria.es\/index.php?rest_route=\/wp\/v2\/posts"}],"about":[{"href":"http:\/\/www.portaldelolleria.es\/index.php?rest_route=\/wp\/v2\/types\/post"}],"author":[{"embeddable":true,"href":"http:\/\/www.portaldelolleria.es\/index.php?rest_route=\/wp\/v2\/users\/1"}],"replies":[{"embeddable":true,"href":"http:\/\/www.portaldelolleria.es\/index.php?rest_route=%2Fwp%2Fv2%2Fcomments&post=27436"}],"version-history":[{"count":2,"href":"http:\/\/www.portaldelolleria.es\/index.php?rest_route=\/wp\/v2\/posts\/27436\/revisions"}],"predecessor-version":[{"id":27440,"href":"http:\/\/www.portaldelolleria.es\/index.php?rest_route=\/wp\/v2\/posts\/27436\/revisions\/27440"}],"wp:attachment":[{"href":"http:\/\/www.portaldelolleria.es\/index.php?rest_route=%2Fwp%2Fv2%2Fmedia&parent=27436"}],"wp:term":[{"taxonomy":"category","embeddable":true,"href":"http:\/\/www.portaldelolleria.es\/index.php?rest_route=%2Fwp%2Fv2%2Fcategories&post=27436"},{"taxonomy":"post_tag","embeddable":true,"href":"http:\/\/www.portaldelolleria.es\/index.php?rest_route=%2Fwp%2Fv2%2Ftags&post=27436"}],"curies":[{"name":"wp","href":"https:\/\/api.w.org\/{rel}","templated":true}]}}