{"id":2744,"date":"2013-04-18T10:31:16","date_gmt":"2013-04-18T09:31:16","guid":{"rendered":"http:\/\/www.portaldelolleria.es\/?p=2744"},"modified":"2013-04-18T19:38:21","modified_gmt":"2013-04-18T18:38:21","slug":"marcasport-campeon-de-la-liga-local-de-futbol-sala","status":"publish","type":"post","link":"http:\/\/www.portaldelolleria.es\/?p=2744","title":{"rendered":"Marcasport campe\u00f3n de la liga local de f\u00fatbol sala"},"content":{"rendered":"<p><a href=\"http:\/\/www.portaldelolleria.es\/wp-content\/uploads\/2013\/04\/marcasport.jpg\"><img loading=\"lazy\" class=\"aligncenter size-full wp-image-2745\" title=\"marcasport\" src=\"http:\/\/www.portaldelolleria.es\/wp-content\/uploads\/2013\/04\/marcasport.jpg\" alt=\"\" width=\"598\" height=\"398\" srcset=\"http:\/\/www.portaldelolleria.es\/wp-content\/uploads\/2013\/04\/marcasport.jpg 598w, http:\/\/www.portaldelolleria.es\/wp-content\/uploads\/2013\/04\/marcasport-300x199.jpg 300w\" sizes=\"(max-width: 598px) 100vw, 598px\" \/><\/a><\/p>\n<p>&nbsp;<\/p>\n<p><span id=\"result_box\" lang=\"es\"><span title=\"Este passat dissabte 13 d'abril, l'equip Marcasport despr\u00e9s de guanyar al Galol amb un resultat de 1-7, es proclam\u00e0 campi\u00f3 de la lliga local de futbol sala a falta de disputar-se l'\u00faltima jornada que est\u00e0 prevista per a\">Este pasado s\u00e1bado 13 de abril, el equipo Marcasport tras ganar al Galol con un resultado de 1-7, se proclam\u00f3 campe\u00f3n de la liga local de f\u00fatbol sala a falta de disputarse la \u00faltima jornada que est\u00e1 prevista para <\/span><span title=\"este pr\u00f2xim dissabte 20 d'abril.\">este pr\u00f3ximo s\u00e1bado 20 de abril.<\/p>\n<p><\/span><span title=\"El Marcasport, amb esta \u00faltima vict\u00f2ria es situa amb 50 punts, 4 d'avantatge sobre el seu primer perseguidor, el Vidremar, que durant tota la temporada ha estat lluitant per intentar fer-se amb la primera pla\u00e7a i que finalment ha caigut de la\">El Marcasport, con esta \u00faltima victoria se sit\u00faa con 50 puntos, 4 de ventaja sobre su primer perseguidor, el Vidremar, que durante toda la temporada ha estado luchando para intentar hacerse con la primera plaza y que finalmente ha ca\u00eddo de la <\/span><span title=\"m\u00e0 del Marcasport, ja que nom\u00e9s queden 3 punts en joc.\">mano del Marcasport, ya que s\u00f3lo quedan 3 puntos en juego.<\/p>\n<p><\/span><span title=\"Amb este \u00faltim campionat de lliga, el Marcasport \u00e9s el clar dominador de la competici\u00f3 de car\u00e0cter regular dels \u00faltims anys, ja que \u00e9ste es suma als campionats de lliga de les temporades 2007\/08, 2009\/10, i 2010\/11 en les que\">Con este \u00faltimo campeonato de liga, el Marcasport es el claro dominador de la competici\u00f3n de car\u00e1cter regular de los \u00faltimos a\u00f1os, ya que \u00e9ste se suma a los campeonatos de liga de las temporadas 2007\/08, 2009\/10, y 2010\/11 en las que <\/span><span title=\"tamb\u00e9 el Marcasport es proclam\u00e0 campi\u00f3, anys en els que tan sols van poder al\u00e7ar-se amb el t\u00edtol el Seguros Franc\u00e9s en la temporada 2008\/09 i el Trabe en la passada temporada 2011\/12 i en la que el Marcasport acab\u00e0 com subcampi\u00f3.\">tambi\u00e9n el Marcasport se proclam\u00f3 campe\u00f3n, a\u00f1os en los que tan s\u00f3lo pudieron alzarse con el t\u00edtulo el Seguros Franc\u00e9s en la temporada 2008\/09 y el Trabe en la pasada temporada 2011\/12 y en la que el Marcasport acab\u00f3 como subcampe\u00f3n.<\/p>\n<p><\/span><span title=\"Aix\u00ed, per a este dissabte queda per disputar-se l'\u00faltima jornada de la lliga regular en la que encara est\u00e0 en joc la tercera pla\u00e7a de la classificaci\u00f3 a la que opten 3 equips, La Tasca, que \u00e9s l'actual tercer classificat amb\">As\u00ed, para este s\u00e1bado queda por disputarse la \u00faltima jornada de la liga regular en la que todav\u00eda est\u00e1 en juego la tercera plaza de la clasificaci\u00f3n a la que optan 3 equipos, La Tasca, que es el actual tercer clasificado con <\/span><span title=\"39 punts, el Seguros Franc\u00e9s, quart classificat amb 38 punts i un partit menys per jugar i el Trabe, quint classificat amb 38 punts.\">39 puntos, el Seguros Franc\u00e9s, cuarto clasificado con 38 puntos y un partido menos por jugar y el Trabe, quinto clasificado con 38 puntos. <\/span><span title=\"Tamb\u00e9 queda per veure quin equip acaba com l'equip menys golejat, on els dos favorits s\u00f3n el Trabe i el Vidremar, que tan sols han rebut 29 i 30 gols respectivament, i veure tamb\u00e9 quin jugador acaba com m\u00e0xim golejador de la temporada, i\">Tambi\u00e9n queda por ver qu\u00e9 equipo termina como el equipo menos goleado, donde los dos favoritos son el Trabe y el Vidremar, que tan s\u00f3lo han recibido 29 y 30 goles respectivamente, y ver tambi\u00e9n qu\u00e9 jugador termina como m\u00e1ximo goleador de la temporada, y <\/span><span title=\"que ara mateix s\u00f3n dos germans els que estan en millor posici\u00f3 per aconseguir-ho, David Cintas del Vidremar amb 22 gols i Cristian Cintas del Marcasport amb 20 gols, seguits per John Torrent de La Tasca amb 18 gols.\">que ahora mismo son dos hermanos los que est\u00e1n en mejor posici\u00f3n para lograrlo, David Cintas del Vidremar con 22 goles y Cristian Cintas del Marcasport con 20 goles, seguidos por John Torrent de La Tasca con 18 goles.<\/p>\n<p><\/span><span title=\"Cal indicar que una vegada finalitze la lliga de car\u00e0cter regular, passar\u00e0 a disputar-se la copa de la lliga, una nova competici\u00f3 en la que participaran els 11 equips de la lliga local i que en primer lloc enfrontar\u00e0 als equips en eliminat\u00f2ries d'anada\">Cabe indicar que una vez finalice la liga de car\u00e1cter regular, pasar\u00e1 a disputarse la copa de la liga, una nueva competici\u00f3n en la que participar\u00e1n los 11 equipos de la liga local y que en primer lugar enfrentar\u00e1 a los equipos en eliminatorias de ida <\/span><span title=\"i tornada i despr\u00e9s, en arribar a quarts de finals seran eliminat\u00f2ries a partit \u00fanic.\">y vuelta y luego, al llegar a cuartos de finales ser\u00e1n eliminatorias a partido \u00fanico. <\/span><span title=\"D'estos primers enfrontaments cal destacar al que enfrontar\u00e0 al Vidremar amb el Trabe, dos dels equips m\u00e9s forts i favorits per a la vict\u00f2ria final i que el sorteig ha fet que queden enfrontats en la primera eliminat\u00f2ria.\">De estos primeros enfrentamientos cabe destacar el que enfrentar\u00e1 al Vidremar con el Trabe, dos de los equipos m\u00e1s fuertes y favoritos para la victoria final y que el sorteo ha hecho que quedan enfrentados en la primera eliminatoria. <\/span><span title=\"Les semifinals i la final de la copa de la lliga estan previstes per al pr\u00f2xim 18 de maig.\">Las semifinales y la final de la copa de la liga est\u00e1n previstas para el pr\u00f3ximo 18 de mayo.<\/p>\n<p><\/span><span title=\"Finalment, per al 24 i 25 de maig est\u00e0 preparada la competici\u00f3 de les 24 hores de futbol sala de la lliga local 2012\/2013, competici\u00f3 que tancar\u00e0 el curs d'esta lliga local.\">Finalmente, para el 24 y 25 de mayo est\u00e1 preparada la competici\u00f3n de las 24 horas de f\u00fatbol sala de la liga local 2012\/2013, competici\u00f3n que cerrar\u00e1 el curso de esta liga local.<\/span><\/span><\/p>\n","protected":false},"excerpt":{"rendered":"<p>&nbsp; Este pasado s\u00e1bado 13 de abril, el equipo Marcasport tras ganar al Galol con un resultado de 1-7, se proclam\u00f3 campe\u00f3n de la liga local de f\u00fatbol sala a falta de disputarse la \u00faltima jornada que est\u00e1 prevista para este pr\u00f3ximo s\u00e1bado 20 de abril. El Marcasport, con esta \u00faltima victoria se sit\u00faa con [&hellip;]<\/p>\n","protected":false},"author":2,"featured_media":0,"comment_status":"closed","ping_status":"open","sticky":false,"template":"","format":"standard","meta":{"_monsterinsights_skip_tracking":false,"_monsterinsights_sitenote_active":false,"_monsterinsights_sitenote_note":"","_monsterinsights_sitenote_category":0},"categories":[9,12],"tags":[84,644,73],"_links":{"self":[{"href":"http:\/\/www.portaldelolleria.es\/index.php?rest_route=\/wp\/v2\/posts\/2744"}],"collection":[{"href":"http:\/\/www.portaldelolleria.es\/index.php?rest_route=\/wp\/v2\/posts"}],"about":[{"href":"http:\/\/www.portaldelolleria.es\/index.php?rest_route=\/wp\/v2\/types\/post"}],"author":[{"embeddable":true,"href":"http:\/\/www.portaldelolleria.es\/index.php?rest_route=\/wp\/v2\/users\/2"}],"replies":[{"embeddable":true,"href":"http:\/\/www.portaldelolleria.es\/index.php?rest_route=%2Fwp%2Fv2%2Fcomments&post=2744"}],"version-history":[{"count":2,"href":"http:\/\/www.portaldelolleria.es\/index.php?rest_route=\/wp\/v2\/posts\/2744\/revisions"}],"predecessor-version":[{"id":2747,"href":"http:\/\/www.portaldelolleria.es\/index.php?rest_route=\/wp\/v2\/posts\/2744\/revisions\/2747"}],"wp:attachment":[{"href":"http:\/\/www.portaldelolleria.es\/index.php?rest_route=%2Fwp%2Fv2%2Fmedia&parent=2744"}],"wp:term":[{"taxonomy":"category","embeddable":true,"href":"http:\/\/www.portaldelolleria.es\/index.php?rest_route=%2Fwp%2Fv2%2Fcategories&post=2744"},{"taxonomy":"post_tag","embeddable":true,"href":"http:\/\/www.portaldelolleria.es\/index.php?rest_route=%2Fwp%2Fv2%2Ftags&post=2744"}],"curies":[{"name":"wp","href":"https:\/\/api.w.org\/{rel}","templated":true}]}}