{"id":27445,"date":"2021-09-17T10:56:56","date_gmt":"2021-09-17T08:56:56","guid":{"rendered":"http:\/\/www.portaldelolleria.es\/?p=27445"},"modified":"2021-09-17T10:58:07","modified_gmt":"2021-09-17T08:58:07","slug":"el-numero-de-casos-activos-por-covid-se-reduce-a-7-casos-en-lolleria","status":"publish","type":"post","link":"http:\/\/www.portaldelolleria.es\/?p=27445","title":{"rendered":"El n\u00famero de casos activos por Covid, se reduce a 7 casos en l&#8217;Olleria"},"content":{"rendered":"<p><a href=\"http:\/\/www.portaldelolleria.es\/wp-content\/uploads\/2021\/09\/COVID19_15sep.jpg\"><img loading=\"lazy\" class=\"aligncenter size-full wp-image-27447\" title=\"COVID19_15sep\" src=\"http:\/\/www.portaldelolleria.es\/wp-content\/uploads\/2021\/09\/COVID19_15sep.jpg\" alt=\"\" width=\"598\" height=\"369\" srcset=\"http:\/\/www.portaldelolleria.es\/wp-content\/uploads\/2021\/09\/COVID19_15sep.jpg 598w, http:\/\/www.portaldelolleria.es\/wp-content\/uploads\/2021\/09\/COVID19_15sep-300x185.jpg 300w\" sizes=\"(max-width: 598px) 100vw, 598px\" \/><\/a><\/p>\n<p>L&#8217;Olleria vuelve a rebajar su incidencia y sit\u00faa el n\u00famero de casos activos a 7 casos en un peri\u00f3do\u00a0 (12 a 15 de septiembre), en el que las grandes poblaciones pr\u00f3ximas como Ontinyent, X\u00e0tiva y Canals, tambi\u00e9n reducen su n\u00famero de afectados.\u00a0 Por contra\u00a0 Aielo de Malferit y Albaida suman un nuevo caso cada una,\u00a0 pero que no empa\u00f1a la tendencia descendente que se est\u00e1 registrando en la zona.<\/p>\n<p>&nbsp;<\/p>\n<p><a href=\"http:\/\/www.portaldelolleria.es\/wp-content\/uploads\/2021\/09\/SEPT_5_15092021.jpg\"><img loading=\"lazy\" class=\"aligncenter size-full wp-image-27446\" title=\"SEPT_5_15092021\" src=\"http:\/\/www.portaldelolleria.es\/wp-content\/uploads\/2021\/09\/SEPT_5_15092021.jpg\" alt=\"\" width=\"598\" height=\"484\" srcset=\"http:\/\/www.portaldelolleria.es\/wp-content\/uploads\/2021\/09\/SEPT_5_15092021.jpg 598w, http:\/\/www.portaldelolleria.es\/wp-content\/uploads\/2021\/09\/SEPT_5_15092021-300x242.jpg 300w\" sizes=\"(max-width: 598px) 100vw, 598px\" \/><\/a><\/p>\n<div><strong>Sanidad notifica 345 nuevos casos de coronavirus y 623 altas en la Comunitat Valenciana<\/strong><\/div>\n<div>16\/09\/2021<\/div>\n<p><strong>&#8211; Nuevos casos por provincias: 35 en Castell\u00f3n, 171 en Alicante y 139 en Valencia<br \/>\n&#8211; El 86,13% de la poblaci\u00f3n mayor de 12 a\u00f1os en la Comunitat Valenciana ya ha completado la pauta<\/strong><\/p>\n<p>Un total de 4.027.118 personas, han recibido ya una dosis de la vacuna contra el coronavirus en la Comunitat Valenciana. Adem\u00e1s, en estos momentos, cuentan con la pauta completa de inmunizaci\u00f3n (dos dosis para Pfizer, Moderna y AstraZeneca; la monodosis de Janssen y una dosis de cualquier vacuna en las personas con antecedentes de haber pasado la COVID-19) 3.853.306 personas, cifra que representa el 86,13% de la poblaci\u00f3n vacunable, es decir, mayor de 12 a\u00f1os.<\/p>\n<p>Por otro lado, la Conselleria de Sanidad Universal y Salud P\u00fablica ha notificado, desde la \u00faltima actualizaci\u00f3n, 345 casos nuevos de coronavirus confirmados por prueba PCR o a trav\u00e9s de test de ant\u00edgenos. Con estos nuevos casos, la cifra total de positivos se sit\u00faa en 507.276 personas. Nuevos casos por provincias, 35 en Castell\u00f3n (52.602 en total); 171 en Alicante (185.767 en total) y 139 en Valencia (268.905 en total). Contin\u00faa habiendo un total de 2 casos no asignados.<\/p>\n<p>Adem\u00e1s, se han registrado 623 altas a pacientes con coronavirus. De esta forma, el n\u00famero de personas que han superado la enfermedad desde que comenz\u00f3 la pandemia en la Comunitat Valenciana asciende a 507.605 personas. Por provincias, las altas se distribuyen as\u00ed: 52.900 en Castell\u00f3n, 185.100 en Alicante y 269.548 en Valencia. El total de altas no asignadas se mantiene en 57.<\/p>\n<p>Los hospitales valencianos tienen, actualmente, 222 personas ingresadas, 54 de ellas en la UCI: 38 en la provincia de Castell\u00f3n, 6 en UCI; 98 en la provincia de Alicante, 27 de ellas en la UCI; y 86 en la provincia de Valencia, 21 de ellas en UCI.<\/p>\n<p>Adem\u00e1s, se han registrado 7 fallecimientos (seis con fecha de defunci\u00f3n en los \u00faltimos 7 d\u00edas y una persona fallecida en junio), por lo que el total de decesos desde el inicio de la pandemia se sit\u00faa en 7.752: 841 en la provincia de Castell\u00f3n, 2.966 en la de Alicante y 3.945 en la de Valencia.<\/p>\n<p>De acuerdo con los datos registrados, en estos momentos hay 3.371 casos activos, lo que supone un 0,65% del total de positivos.<\/p>\n<p>Desde la \u00faltima actualizaci\u00f3n, no se han registrado brotes con 10 o m\u00e1s casos asociados.<\/p>\n","protected":false},"excerpt":{"rendered":"<p>L&#8217;Olleria vuelve a rebajar su incidencia y sit\u00faa el n\u00famero de casos activos a 7 casos en un peri\u00f3do\u00a0 (12 a 15 de septiembre), en el que las grandes poblaciones pr\u00f3ximas como Ontinyent, X\u00e0tiva y Canals, tambi\u00e9n reducen su n\u00famero de afectados.\u00a0 Por contra\u00a0 Aielo de Malferit y Albaida suman un nuevo caso cada una,\u00a0 [&hellip;]<\/p>\n","protected":false},"author":1,"featured_media":0,"comment_status":"closed","ping_status":"open","sticky":false,"template":"","format":"standard","meta":{"_monsterinsights_skip_tracking":false,"_monsterinsights_sitenote_active":false,"_monsterinsights_sitenote_note":"","_monsterinsights_sitenote_category":0},"categories":[10,12],"tags":[],"_links":{"self":[{"href":"http:\/\/www.portaldelolleria.es\/index.php?rest_route=\/wp\/v2\/posts\/27445"}],"collection":[{"href":"http:\/\/www.portaldelolleria.es\/index.php?rest_route=\/wp\/v2\/posts"}],"about":[{"href":"http:\/\/www.portaldelolleria.es\/index.php?rest_route=\/wp\/v2\/types\/post"}],"author":[{"embeddable":true,"href":"http:\/\/www.portaldelolleria.es\/index.php?rest_route=\/wp\/v2\/users\/1"}],"replies":[{"embeddable":true,"href":"http:\/\/www.portaldelolleria.es\/index.php?rest_route=%2Fwp%2Fv2%2Fcomments&post=27445"}],"version-history":[{"count":2,"href":"http:\/\/www.portaldelolleria.es\/index.php?rest_route=\/wp\/v2\/posts\/27445\/revisions"}],"predecessor-version":[{"id":27449,"href":"http:\/\/www.portaldelolleria.es\/index.php?rest_route=\/wp\/v2\/posts\/27445\/revisions\/27449"}],"wp:attachment":[{"href":"http:\/\/www.portaldelolleria.es\/index.php?rest_route=%2Fwp%2Fv2%2Fmedia&parent=27445"}],"wp:term":[{"taxonomy":"category","embeddable":true,"href":"http:\/\/www.portaldelolleria.es\/index.php?rest_route=%2Fwp%2Fv2%2Fcategories&post=27445"},{"taxonomy":"post_tag","embeddable":true,"href":"http:\/\/www.portaldelolleria.es\/index.php?rest_route=%2Fwp%2Fv2%2Ftags&post=27445"}],"curies":[{"name":"wp","href":"https:\/\/api.w.org\/{rel}","templated":true}]}}