{"id":27469,"date":"2021-09-21T19:32:10","date_gmt":"2021-09-21T17:32:10","guid":{"rendered":"http:\/\/www.portaldelolleria.es\/?p=27469"},"modified":"2021-09-22T20:22:07","modified_gmt":"2021-09-22T18:22:07","slug":"presentacion-de-lolleria-f-s","status":"publish","type":"post","link":"http:\/\/www.portaldelolleria.es\/?p=27469","title":{"rendered":"Presentaci\u00f3n de L&#8217;Olleria f.s."},"content":{"rendered":"<p><a href=\"http:\/\/www.portaldelolleria.es\/wp-content\/uploads\/2021\/09\/IMG-20210918-WA0020.jpg\"><img loading=\"lazy\" class=\"aligncenter size-full wp-image-27478\" title=\"IMG-20210918-WA0020\" src=\"http:\/\/www.portaldelolleria.es\/wp-content\/uploads\/2021\/09\/IMG-20210918-WA0020.jpg\" alt=\"\" width=\"598\" height=\"449\" srcset=\"http:\/\/www.portaldelolleria.es\/wp-content\/uploads\/2021\/09\/IMG-20210918-WA0020.jpg 598w, http:\/\/www.portaldelolleria.es\/wp-content\/uploads\/2021\/09\/IMG-20210918-WA0020-300x225.jpg 300w\" sizes=\"(max-width: 598px) 100vw, 598px\" \/><\/a><\/p>\n<p>&nbsp;<\/p>\n<div style=\"text-align: justify;\" dir=\"auto\"><strong>Presentaci\u00f3n de L&#8217;Olleria f.s.<\/strong><\/div>\n<div style=\"text-align: justify;\">\n<div dir=\"auto\">El pasado s\u00e1bado 18 de septiembre, en el Pabell\u00f3n de la Solana, se realiz\u00f3 el acto de presentaci\u00f3n de L&#8217;Olleria f.s., de sus 2 equipos de categor\u00eda s\u00e9nior y de los equipos de la escuela deportiva de f\u00fatbol sala.<\/div>\n<\/div>\n<div style=\"text-align: justify;\">\n<div dir=\"auto\">El acto de presentaci\u00f3n se realiz\u00f3 despu\u00e9s de la disputa del primer partido de liga de los 2 equipos s\u00e9niors. Esta temporada 2021\/2022, el primer equipo jugar\u00e1 al grupo 14 de 3.\u00aa divisi\u00f3n nacional de f\u00fatbol sala. El segundo equipo s\u00e9nior, de nueva creaci\u00f3n con la intenci\u00f3n de dar la posibilidad a los jugadores que acaban su trayectoria en la escuela para continuar form\u00e1ndose y prepar\u00e1ndose para poder llegar a jugar al primer equipo, competir\u00e1 en la categor\u00eda 2.\u00aa Regional de f\u00fatbol sala.<\/div>\n<\/div>\n<div style=\"text-align: justify;\" dir=\"auto\">En el mismo acto, se presentaron todos los equipos de la escuela y su equipo de entrenadores de las diferentes categor\u00edas que forman la escuela: juvenil, infantil, alev\u00edn, benjam\u00edn y prebenjam\u00edn.<\/div>\n<div style=\"text-align: justify;\" dir=\"auto\"><a href=\"http:\/\/www.portaldelolleria.es\/wp-content\/uploads\/2021\/09\/IMG-20210918-WA0047.jpg\"><img loading=\"lazy\" class=\"aligncenter size-full wp-image-27470\" title=\"IMG-20210918-WA0047\" src=\"http:\/\/www.portaldelolleria.es\/wp-content\/uploads\/2021\/09\/IMG-20210918-WA0047.jpg\" alt=\"\" width=\"598\" height=\"449\" srcset=\"http:\/\/www.portaldelolleria.es\/wp-content\/uploads\/2021\/09\/IMG-20210918-WA0047.jpg 598w, http:\/\/www.portaldelolleria.es\/wp-content\/uploads\/2021\/09\/IMG-20210918-WA0047-300x225.jpg 300w\" sizes=\"(max-width: 598px) 100vw, 598px\" \/><\/a><\/div>\n<div dir=\"auto\">\n<div style=\"text-align: justify;\" dir=\"auto\"><strong><span style=\"color: #003366;\">Presentaci\u00f3 de L\u2019Olleria f.s.<\/span><\/strong><\/div>\n<div style=\"text-align: justify;\">\n<div dir=\"auto\"><span style=\"color: #003366;\">El passat dissabte 18 de setembre, al Pavell\u00f3 de la Solana, es va realitzar l&#8217;acte de presentaci\u00f3 de L&#8217;Olleria f.s., dels seus 2 equips de categoria s\u00e8nior i dels equips de l&#8217;escola esportiva de futbol sala.<\/span><\/div>\n<\/div>\n<div style=\"text-align: justify;\">\n<div dir=\"auto\"><span style=\"color: #003366;\">L\u2019acte de presentaci\u00f3 es va realitzar despr\u00e9s de la disputa del primer partit de lliga dels 2 equips s\u00e8niors. Aquesta temporada 2021\/2022, el primer equip jugar\u00e0 al grup 14 de 3a divisi\u00f3 nacional de futbol sala. El segon equip s\u00e8nior, de nova creaci\u00f3 amb la intenci\u00f3 de donar la possibilitat als jugadors que acaben la seua traject\u00f2ria a l\u2019escola per a continuar formant-se i preparant-se per a poder arribar a jugar al primer equip, competir\u00e0 en la categoria 2a Regional de futbol sala.<\/span><\/div>\n<\/div>\n<div>\n<div style=\"text-align: justify;\" dir=\"auto\"><span style=\"color: #003366;\">Al mateix acte, es van presentar tots els equips de l\u2019escola i el seu equip d\u2019entrenadors de les diferents categories que formen l\u2019escola: juvenil, infantil, alev\u00ed, benjam\u00ed i prebenjam\u00ed.<\/span><\/div>\n<\/div>\n<\/div>\n<div dir=\"auto\">.<\/div>\n<div dir=\"auto\">.<\/div>\n<div dir=\"auto\"><a href=\"http:\/\/www.portaldelolleria.es\/wp-content\/uploads\/2021\/09\/IMG-20210918-WA0021.jpg\"><img loading=\"lazy\" class=\"aligncenter size-full wp-image-27471\" title=\"IMG-20210918-WA0021\" src=\"http:\/\/www.portaldelolleria.es\/wp-content\/uploads\/2021\/09\/IMG-20210918-WA0021.jpg\" alt=\"\" width=\"598\" height=\"449\" srcset=\"http:\/\/www.portaldelolleria.es\/wp-content\/uploads\/2021\/09\/IMG-20210918-WA0021.jpg 598w, http:\/\/www.portaldelolleria.es\/wp-content\/uploads\/2021\/09\/IMG-20210918-WA0021-300x225.jpg 300w\" sizes=\"(max-width: 598px) 100vw, 598px\" \/><\/a><a href=\"http:\/\/www.portaldelolleria.es\/wp-content\/uploads\/2021\/09\/IMG-20210918-WA0048.jpg\"><img loading=\"lazy\" class=\"aligncenter size-full wp-image-27472\" title=\"IMG-20210918-WA0048\" src=\"http:\/\/www.portaldelolleria.es\/wp-content\/uploads\/2021\/09\/IMG-20210918-WA0048.jpg\" alt=\"\" width=\"598\" height=\"449\" srcset=\"http:\/\/www.portaldelolleria.es\/wp-content\/uploads\/2021\/09\/IMG-20210918-WA0048.jpg 598w, http:\/\/www.portaldelolleria.es\/wp-content\/uploads\/2021\/09\/IMG-20210918-WA0048-300x225.jpg 300w\" sizes=\"(max-width: 598px) 100vw, 598px\" \/><\/a><br \/>\n<a href=\"http:\/\/www.portaldelolleria.es\/wp-content\/uploads\/2021\/09\/IMG-20210918-WA0046.jpg\"><img loading=\"lazy\" class=\"aligncenter size-full wp-image-27473\" title=\"IMG-20210918-WA0046\" src=\"http:\/\/www.portaldelolleria.es\/wp-content\/uploads\/2021\/09\/IMG-20210918-WA0046.jpg\" alt=\"\" width=\"598\" height=\"449\" srcset=\"http:\/\/www.portaldelolleria.es\/wp-content\/uploads\/2021\/09\/IMG-20210918-WA0046.jpg 598w, http:\/\/www.portaldelolleria.es\/wp-content\/uploads\/2021\/09\/IMG-20210918-WA0046-300x225.jpg 300w\" sizes=\"(max-width: 598px) 100vw, 598px\" \/><\/a><a href=\"http:\/\/www.portaldelolleria.es\/wp-content\/uploads\/2021\/09\/IMG-20210918-WA0042.jpg\"><img loading=\"lazy\" class=\"aligncenter size-full wp-image-27474\" title=\"IMG-20210918-WA0042\" src=\"http:\/\/www.portaldelolleria.es\/wp-content\/uploads\/2021\/09\/IMG-20210918-WA0042.jpg\" alt=\"\" width=\"598\" height=\"449\" srcset=\"http:\/\/www.portaldelolleria.es\/wp-content\/uploads\/2021\/09\/IMG-20210918-WA0042.jpg 598w, http:\/\/www.portaldelolleria.es\/wp-content\/uploads\/2021\/09\/IMG-20210918-WA0042-300x225.jpg 300w\" sizes=\"(max-width: 598px) 100vw, 598px\" \/><\/a><a href=\"http:\/\/www.portaldelolleria.es\/wp-content\/uploads\/2021\/09\/IMG-20210918-WA0024.jpg\"><img loading=\"lazy\" class=\"aligncenter size-full wp-image-27475\" title=\"IMG-20210918-WA0024\" src=\"http:\/\/www.portaldelolleria.es\/wp-content\/uploads\/2021\/09\/IMG-20210918-WA0024.jpg\" alt=\"\" width=\"598\" height=\"449\" srcset=\"http:\/\/www.portaldelolleria.es\/wp-content\/uploads\/2021\/09\/IMG-20210918-WA0024.jpg 598w, http:\/\/www.portaldelolleria.es\/wp-content\/uploads\/2021\/09\/IMG-20210918-WA0024-300x225.jpg 300w\" sizes=\"(max-width: 598px) 100vw, 598px\" \/><\/a><a href=\"http:\/\/www.portaldelolleria.es\/wp-content\/uploads\/2021\/09\/IMG_4560.jpg\"><img loading=\"lazy\" class=\"aligncenter size-full wp-image-27476\" title=\"IMG_4560\" src=\"http:\/\/www.portaldelolleria.es\/wp-content\/uploads\/2021\/09\/IMG_4560.jpg\" alt=\"\" width=\"598\" height=\"399\" srcset=\"http:\/\/www.portaldelolleria.es\/wp-content\/uploads\/2021\/09\/IMG_4560.jpg 598w, http:\/\/www.portaldelolleria.es\/wp-content\/uploads\/2021\/09\/IMG_4560-300x200.jpg 300w\" sizes=\"(max-width: 598px) 100vw, 598px\" \/><\/a><a href=\"http:\/\/www.portaldelolleria.es\/wp-content\/uploads\/2021\/09\/IMG_4506.jpg\"><img loading=\"lazy\" class=\"aligncenter size-full wp-image-27477\" title=\"IMG_4506\" src=\"http:\/\/www.portaldelolleria.es\/wp-content\/uploads\/2021\/09\/IMG_4506.jpg\" alt=\"\" width=\"598\" height=\"399\" srcset=\"http:\/\/www.portaldelolleria.es\/wp-content\/uploads\/2021\/09\/IMG_4506.jpg 598w, http:\/\/www.portaldelolleria.es\/wp-content\/uploads\/2021\/09\/IMG_4506-300x200.jpg 300w\" sizes=\"(max-width: 598px) 100vw, 598px\" \/><\/a><\/div>\n","protected":false},"excerpt":{"rendered":"<p>&nbsp; Presentaci\u00f3n de L&#8217;Olleria f.s. El pasado s\u00e1bado 18 de septiembre, en el Pabell\u00f3n de la Solana, se realiz\u00f3 el acto de presentaci\u00f3n de L&#8217;Olleria f.s., de sus 2 equipos de categor\u00eda s\u00e9nior y de los equipos de la escuela deportiva de f\u00fatbol sala. El acto de presentaci\u00f3n se realiz\u00f3 despu\u00e9s de la disputa del [&hellip;]<\/p>\n","protected":false},"author":1,"featured_media":0,"comment_status":"closed","ping_status":"open","sticky":false,"template":"","format":"standard","meta":{"_monsterinsights_skip_tracking":false,"_monsterinsights_sitenote_active":false,"_monsterinsights_sitenote_note":"","_monsterinsights_sitenote_category":0},"categories":[9,12],"tags":[],"_links":{"self":[{"href":"http:\/\/www.portaldelolleria.es\/index.php?rest_route=\/wp\/v2\/posts\/27469"}],"collection":[{"href":"http:\/\/www.portaldelolleria.es\/index.php?rest_route=\/wp\/v2\/posts"}],"about":[{"href":"http:\/\/www.portaldelolleria.es\/index.php?rest_route=\/wp\/v2\/types\/post"}],"author":[{"embeddable":true,"href":"http:\/\/www.portaldelolleria.es\/index.php?rest_route=\/wp\/v2\/users\/1"}],"replies":[{"embeddable":true,"href":"http:\/\/www.portaldelolleria.es\/index.php?rest_route=%2Fwp%2Fv2%2Fcomments&post=27469"}],"version-history":[{"count":2,"href":"http:\/\/www.portaldelolleria.es\/index.php?rest_route=\/wp\/v2\/posts\/27469\/revisions"}],"predecessor-version":[{"id":27480,"href":"http:\/\/www.portaldelolleria.es\/index.php?rest_route=\/wp\/v2\/posts\/27469\/revisions\/27480"}],"wp:attachment":[{"href":"http:\/\/www.portaldelolleria.es\/index.php?rest_route=%2Fwp%2Fv2%2Fmedia&parent=27469"}],"wp:term":[{"taxonomy":"category","embeddable":true,"href":"http:\/\/www.portaldelolleria.es\/index.php?rest_route=%2Fwp%2Fv2%2Fcategories&post=27469"},{"taxonomy":"post_tag","embeddable":true,"href":"http:\/\/www.portaldelolleria.es\/index.php?rest_route=%2Fwp%2Fv2%2Ftags&post=27469"}],"curies":[{"name":"wp","href":"https:\/\/api.w.org\/{rel}","templated":true}]}}