{"id":27597,"date":"2021-10-22T19:31:51","date_gmt":"2021-10-22T17:31:51","guid":{"rendered":"http:\/\/www.portaldelolleria.es\/?p=27597"},"modified":"2021-10-22T19:34:17","modified_gmt":"2021-10-22T17:34:17","slug":"philantropic-un-festival-xxl","status":"publish","type":"post","link":"http:\/\/www.portaldelolleria.es\/?p=27597","title":{"rendered":"\u00abPhilantr\u00f2pic\u00bb un festival XXL"},"content":{"rendered":"<p><a href=\"http:\/\/www.portaldelolleria.es\/wp-content\/uploads\/2021\/10\/1ak242e6.jpg\"><img loading=\"lazy\" class=\"aligncenter size-full wp-image-27598\" title=\"1ak242e6\" src=\"http:\/\/www.portaldelolleria.es\/wp-content\/uploads\/2021\/10\/1ak242e6.jpg\" alt=\"\" width=\"598\" height=\"421\" srcset=\"http:\/\/www.portaldelolleria.es\/wp-content\/uploads\/2021\/10\/1ak242e6.jpg 598w, http:\/\/www.portaldelolleria.es\/wp-content\/uploads\/2021\/10\/1ak242e6-300x211.jpg 300w\" sizes=\"(max-width: 598px) 100vw, 598px\" \/><\/a><\/p>\n<p>&nbsp;<\/p>\n<div dir=\"auto\"><span style=\"color: #003366;\"><strong>Actuaci\u00f3 musical \u00abPhilantr\u00f2pic\u00bb un festival XXL<\/strong><\/span><\/div>\n<div>\n<div dir=\"auto\"><span style=\"color: #003366;\">La Fira de L&#8217;Olleria acollir\u00e0 l&#8217;actuaci\u00f3 musical \u00abPhilantr\u00f2pic\u00bb un festival XXL el dissabte 23 d&#8217;octubre a partir de les 00 h al carrer Ausi\u00e0s March.<\/span><\/div>\n<\/div>\n<div>\n<div dir=\"auto\"><span style=\"color: #003366;\">&#8211; De 00 h a 2 h Macro discom\u00f2bil.<\/span><\/div>\n<div dir=\"auto\"><span style=\"color: #003366;\">&#8211; De 2 h a 4 h Philantr\u00f2pic \u00abLive show\u00bb.<\/span><\/div>\n<div dir=\"auto\"><span style=\"color: #003366;\">&#8211; De 4 h a 5 h DJ convidat.<\/span><\/div>\n<\/div>\n<div>\n<div dir=\"auto\"><span style=\"color: #003366;\">No t&#8217;ho perdes!<\/span><\/div>\n<div dir=\"auto\">&#8212;&#8212;&#8212;&#8212;&#8212;&#8212;&#8212;&#8212;&#8212;&#8212;&#8211;<\/div>\n<div dir=\"auto\"><strong>Actuaci\u00f3n musical \u00abPhilantr\u00f2pic\u00bb un festival XXL<\/strong><\/div>\n<\/div>\n<div>\n<div dir=\"auto\">La Feria de L&#8217;Olleria acoger\u00e1 la actuaci\u00f3n musical \u00abPhilantr\u00f2pic\u00bb un festival XXL el s\u00e1bado 23 de octubre a partir de las 00 h en la calle Ausi\u00e0s March.<\/div>\n<\/div>\n<div>\n<div dir=\"auto\">&#8211; De 00 h a 2 h Macro discom\u00f2bil.<\/div>\n<div dir=\"auto\">&#8211; De 2 h a 4 h Philantr\u00f2pic \u00abLive show\u00bb.<\/div>\n<div dir=\"auto\">&#8211; De 4 h a 5 h DJ invitado.<\/div>\n<\/div>\n","protected":false},"excerpt":{"rendered":"<p>&nbsp; Actuaci\u00f3 musical \u00abPhilantr\u00f2pic\u00bb un festival XXL La Fira de L&#8217;Olleria acollir\u00e0 l&#8217;actuaci\u00f3 musical \u00abPhilantr\u00f2pic\u00bb un festival XXL el dissabte 23 d&#8217;octubre a partir de les 00 h al carrer Ausi\u00e0s March. &#8211; De 00 h a 2 h Macro discom\u00f2bil. &#8211; De 2 h a 4 h Philantr\u00f2pic \u00abLive show\u00bb. &#8211; De 4 h [&hellip;]<\/p>\n","protected":false},"author":1,"featured_media":0,"comment_status":"closed","ping_status":"open","sticky":false,"template":"","format":"standard","meta":{"_monsterinsights_skip_tracking":false,"_monsterinsights_sitenote_active":false,"_monsterinsights_sitenote_note":"","_monsterinsights_sitenote_category":0},"categories":[15,12],"tags":[],"_links":{"self":[{"href":"http:\/\/www.portaldelolleria.es\/index.php?rest_route=\/wp\/v2\/posts\/27597"}],"collection":[{"href":"http:\/\/www.portaldelolleria.es\/index.php?rest_route=\/wp\/v2\/posts"}],"about":[{"href":"http:\/\/www.portaldelolleria.es\/index.php?rest_route=\/wp\/v2\/types\/post"}],"author":[{"embeddable":true,"href":"http:\/\/www.portaldelolleria.es\/index.php?rest_route=\/wp\/v2\/users\/1"}],"replies":[{"embeddable":true,"href":"http:\/\/www.portaldelolleria.es\/index.php?rest_route=%2Fwp%2Fv2%2Fcomments&post=27597"}],"version-history":[{"count":2,"href":"http:\/\/www.portaldelolleria.es\/index.php?rest_route=\/wp\/v2\/posts\/27597\/revisions"}],"predecessor-version":[{"id":27600,"href":"http:\/\/www.portaldelolleria.es\/index.php?rest_route=\/wp\/v2\/posts\/27597\/revisions\/27600"}],"wp:attachment":[{"href":"http:\/\/www.portaldelolleria.es\/index.php?rest_route=%2Fwp%2Fv2%2Fmedia&parent=27597"}],"wp:term":[{"taxonomy":"category","embeddable":true,"href":"http:\/\/www.portaldelolleria.es\/index.php?rest_route=%2Fwp%2Fv2%2Fcategories&post=27597"},{"taxonomy":"post_tag","embeddable":true,"href":"http:\/\/www.portaldelolleria.es\/index.php?rest_route=%2Fwp%2Fv2%2Ftags&post=27597"}],"curies":[{"name":"wp","href":"https:\/\/api.w.org\/{rel}","templated":true}]}}