{"id":27820,"date":"2021-11-28T12:24:10","date_gmt":"2021-11-28T10:24:10","guid":{"rendered":"http:\/\/www.portaldelolleria.es\/?p=27820"},"modified":"2021-11-28T12:24:10","modified_gmt":"2021-11-28T10:24:10","slug":"proteccion-civil-de-lolleria-conmemora-el-15%c2%ba-aniversario-de-su-creacion","status":"publish","type":"post","link":"http:\/\/www.portaldelolleria.es\/?p=27820","title":{"rendered":"Protecci\u00f3n Civil de l&#8217;Olleria conmemora el 15\u00ba aniversario de su creaci\u00f3n."},"content":{"rendered":"<p><a href=\"http:\/\/www.portaldelolleria.es\/wp-content\/uploads\/2021\/11\/pc1.jpg\"><img loading=\"lazy\" class=\"aligncenter size-full wp-image-27823\" title=\"pc1\" src=\"http:\/\/www.portaldelolleria.es\/wp-content\/uploads\/2021\/11\/pc1.jpg\" alt=\"\" width=\"598\" height=\"387\" srcset=\"http:\/\/www.portaldelolleria.es\/wp-content\/uploads\/2021\/11\/pc1.jpg 598w, http:\/\/www.portaldelolleria.es\/wp-content\/uploads\/2021\/11\/pc1-300x194.jpg 300w\" sizes=\"(max-width: 598px) 100vw, 598px\" \/><\/a><\/p>\n<p>&nbsp;<\/p>\n<p style=\"text-align: justify;\">Este s\u00e1babo,\u00a0 la Agrupaci\u00f3n de Protecci\u00f3n Civil de l&#8217;Olleria, conmemoraba\u00a0 sus primeros 15 a\u00f1os de existencia.<\/p>\n<p style=\"text-align: justify;\">El acto celebrado en la sala de juntas del Ayuntamiento,\u00a0 reuni\u00f3 adem\u00e1s de todos lo miembros y responsables activos,\u00a0\u00a0 a otros voluntarios y jefes de agrupaci\u00f3n de diferentes etapas de la organizaci\u00f3n.\u00a0\u00a0 El acto tambi\u00e9n cont\u00f3 con la participaci\u00f3n de\u00a0 el jefe de parque de bomberos de Ontinyent, el alcalde de El Verger,\u00a0 y diferentes representantes de Protecci\u00f3n Civil de Antella, Carcer, Carcaixent, El Verger &#8230;\u00a0 entre otros.<\/p>\n<p style=\"text-align: justify;\">Con este acto, adem\u00e1s de los primeros 15 a\u00f1os,\u00a0 se otorgaba un \u00abreconocimiento\u00bb a la labor de todos los efectivos que en alg\u00fan momento participaron y participan en las labores propias de la Agrupaci\u00f3n.\u00a0\u00a0 Placas y diplomas dejaban constancia\u00a0 del agradecimiento y reconocimiento por parte de los actuales responsables de Protecci\u00f3n Civil de l&#8217;Olleria.<\/p>\n<p>&nbsp;<\/p>\n<p>&nbsp;<\/p>\n<p style=\"text-align: justify;\"><a href=\"http:\/\/www.portaldelolleria.es\/wp-content\/uploads\/2021\/11\/pc3.jpg\"><img loading=\"lazy\" class=\"aligncenter size-full wp-image-27821\" title=\"pc3\" src=\"http:\/\/www.portaldelolleria.es\/wp-content\/uploads\/2021\/11\/pc3.jpg\" alt=\"\" width=\"598\" height=\"242\" srcset=\"http:\/\/www.portaldelolleria.es\/wp-content\/uploads\/2021\/11\/pc3.jpg 598w, http:\/\/www.portaldelolleria.es\/wp-content\/uploads\/2021\/11\/pc3-300x121.jpg 300w\" sizes=\"(max-width: 598px) 100vw, 598px\" \/><\/a><\/p>\n<p style=\"text-align: justify;\"><span style=\"color: #003366;\">Aquest sababo, l&#8217;Agrupaci\u00f3 de Protecci\u00f3 Civil de l&#8217;Olleria, commemorava els primers 15 anys d&#8217;exist\u00e8ncia.<\/span><\/p>\n<p style=\"text-align: justify;\"><span style=\"color: #003366;\">L&#8217;acte celebrat a la sala de juntes de l&#8217;Ajuntament, va reunir a m\u00e9s de tots els membres i responsables actius, altres voluntaris i caps d&#8217;agrupaci\u00f3 de diferents etapes de l&#8217;organitzaci\u00f3. A l&#8217;acte tamb\u00e9 va comptar amb la participaci\u00f3 del cap de parc de bombers d&#8217;Ontinyent, l&#8217;alcalde del Verger, i diferents representants de Protecci\u00f3 Civil d&#8217;Antella, Carcer, Carcaixent, El Verger&#8230; entre d&#8217;altres.<\/span><\/p>\n<p style=\"text-align: justify;\"><span style=\"color: #003366;\">Amb aquest acte, a m\u00e9s dels primers 15 anys, s&#8217;atorgava un \u00abreconeixement\u00bb a la tasca de tots els efectius que en algun moment van participar i participen a les tasques pr\u00f2pies de l&#8217;Agrupaci\u00f3. Plaques i diplomes deixaven const\u00e0ncia de l&#8217;agra\u00efment i el reconeixement per part dels actuals responsables de Protecci\u00f3 Civil de l&#8217;Olleria.<\/span><\/p>\n<p><a href=\"http:\/\/www.portaldelolleria.es\/wp-content\/uploads\/2021\/11\/pc2.jpg\"><img loading=\"lazy\" class=\"aligncenter size-full wp-image-27822\" title=\"pc2\" src=\"http:\/\/www.portaldelolleria.es\/wp-content\/uploads\/2021\/11\/pc2.jpg\" alt=\"\" width=\"598\" height=\"384\" srcset=\"http:\/\/www.portaldelolleria.es\/wp-content\/uploads\/2021\/11\/pc2.jpg 598w, http:\/\/www.portaldelolleria.es\/wp-content\/uploads\/2021\/11\/pc2-300x192.jpg 300w\" sizes=\"(max-width: 598px) 100vw, 598px\" \/><\/a><\/p>\n<p>&nbsp;<\/p>\n","protected":false},"excerpt":{"rendered":"<p>&nbsp; Este s\u00e1babo,\u00a0 la Agrupaci\u00f3n de Protecci\u00f3n Civil de l&#8217;Olleria, conmemoraba\u00a0 sus primeros 15 a\u00f1os de existencia. El acto celebrado en la sala de juntas del Ayuntamiento,\u00a0 reuni\u00f3 adem\u00e1s de todos lo miembros y responsables activos,\u00a0\u00a0 a otros voluntarios y jefes de agrupaci\u00f3n de diferentes etapas de la organizaci\u00f3n.\u00a0\u00a0 El acto tambi\u00e9n cont\u00f3 con la [&hellip;]<\/p>\n","protected":false},"author":1,"featured_media":0,"comment_status":"closed","ping_status":"open","sticky":false,"template":"","format":"standard","meta":{"_monsterinsights_skip_tracking":false,"_monsterinsights_sitenote_active":false,"_monsterinsights_sitenote_note":"","_monsterinsights_sitenote_category":0},"categories":[3,12],"tags":[],"_links":{"self":[{"href":"http:\/\/www.portaldelolleria.es\/index.php?rest_route=\/wp\/v2\/posts\/27820"}],"collection":[{"href":"http:\/\/www.portaldelolleria.es\/index.php?rest_route=\/wp\/v2\/posts"}],"about":[{"href":"http:\/\/www.portaldelolleria.es\/index.php?rest_route=\/wp\/v2\/types\/post"}],"author":[{"embeddable":true,"href":"http:\/\/www.portaldelolleria.es\/index.php?rest_route=\/wp\/v2\/users\/1"}],"replies":[{"embeddable":true,"href":"http:\/\/www.portaldelolleria.es\/index.php?rest_route=%2Fwp%2Fv2%2Fcomments&post=27820"}],"version-history":[{"count":1,"href":"http:\/\/www.portaldelolleria.es\/index.php?rest_route=\/wp\/v2\/posts\/27820\/revisions"}],"predecessor-version":[{"id":27824,"href":"http:\/\/www.portaldelolleria.es\/index.php?rest_route=\/wp\/v2\/posts\/27820\/revisions\/27824"}],"wp:attachment":[{"href":"http:\/\/www.portaldelolleria.es\/index.php?rest_route=%2Fwp%2Fv2%2Fmedia&parent=27820"}],"wp:term":[{"taxonomy":"category","embeddable":true,"href":"http:\/\/www.portaldelolleria.es\/index.php?rest_route=%2Fwp%2Fv2%2Fcategories&post=27820"},{"taxonomy":"post_tag","embeddable":true,"href":"http:\/\/www.portaldelolleria.es\/index.php?rest_route=%2Fwp%2Fv2%2Ftags&post=27820"}],"curies":[{"name":"wp","href":"https:\/\/api.w.org\/{rel}","templated":true}]}}