{"id":2804,"date":"2013-04-23T01:50:07","date_gmt":"2013-04-23T00:50:07","guid":{"rendered":"http:\/\/www.portaldelolleria.es\/?p=2804"},"modified":"2013-04-23T16:57:56","modified_gmt":"2013-04-23T15:57:56","slug":"los-restos-de-francisco-ferri-se-trasladan-a-la-capilla-del-cementerio-municipal-de-l%e2%80%99olleria","status":"publish","type":"post","link":"http:\/\/www.portaldelolleria.es\/?p=2804","title":{"rendered":"Los restos de Francisco Ferri se trasladan a la capilla del Cementerio Municipal de L\u2019Olleria"},"content":{"rendered":"<p><a href=\"http:\/\/www.portaldelolleria.es\/wp-content\/uploads\/2013\/04\/ferri.jpg\"><img loading=\"lazy\" class=\"aligncenter size-full wp-image-2805\" title=\"ferri\" src=\"http:\/\/www.portaldelolleria.es\/wp-content\/uploads\/2013\/04\/ferri.jpg\" alt=\"\" width=\"598\" height=\"398\" srcset=\"http:\/\/www.portaldelolleria.es\/wp-content\/uploads\/2013\/04\/ferri.jpg 598w, http:\/\/www.portaldelolleria.es\/wp-content\/uploads\/2013\/04\/ferri-300x199.jpg 300w\" sizes=\"(max-width: 598px) 100vw, 598px\" \/><\/a><\/p>\n<p>&nbsp;<\/p>\n<p>Los restos del sacerdote <span class=\"st_tag internal_tag\">Francisco Ferri<\/span> Puerto, Hijo Predilecto de L\u2019Olleria, se trasladaban a la Capilla del Cementerio el pasado s\u00e1bado por la ma\u00f1ana. La ceremonia estuvo precedida por una misa concelebrada por el cura-p\u00e1rroco de la localidad, Emilio Esteve, el padre del Convento de Capuchinos de L\u2019Olleria, Efr\u00e9n Mill\u00e1n, el can\u00f3nigo de la Colegiata de Gand\u00eda, Vicente Mic\u00f3 y por el sacerdote de Barx, Antonio M\u00e1rquez.<\/p>\n<p>Adem\u00e1s, estuvieron presentes varios miembros de la corporaci\u00f3n municipal con\u00a0 el alcalde de la localidad, Jos\u00e9 Vidal, al frente y numerosos vecinos y familiares de Francisco Ferri Puerto.<\/p>\n<p>El presb\u00edtero fue nombrado hijo predilecto de la poblaci\u00f3n en 2000 e hijo adoptivo de Sueca en 2001 por su labor social. Fallec\u00eda a los 89 a\u00f1os de edad en 2007.<\/p>\n<p>Francisco Ferri Puerto fue ordenado sacerdote en 1944 y ejerci\u00f3 como p\u00e1rroco en Benimassot, Tollos, Vall d\u00b4 Alcal\u00e1, Beinaia y Margarida, Rugat, Aielo de Rugat y Castell\u00f3 de Rugat, Sueca Pobla del Duc, Alfarras\u00ed, Benisuera y Montaverner. As\u00ed mismo fue can\u00f3nigo de la Colegiata de X\u00e0tiva.<\/p>\n<p>En L\u00b4Olleria, fund\u00f3 una cooperativa de vidrio, \u201cLa Mediterr\u00e1nea\u201d y en Castell\u00f3 de Rugat fund\u00f3 una cooperativa agr\u00edcola y una caja de cr\u00e9dito para facilitar ayuda a los labradores. En 1954 fue destinado a la parroquia Nuestra Se\u00f1ora de F\u00e1tima de Sueca, donde levant\u00f3 un grupo escolar con nueve aulas, viviendas para el profesorado, la guarder\u00eda San Jos\u00e9 y San Antonio, de 10.000 metros cuadrados, y un dispensario m\u00e9dico. Asimismo promovi\u00f3, mediante una cooperativa, la construcci\u00f3n de 200 viviendas para emigrantes de Sueca que regresaban del extranjero y fund\u00f3 el semanario `Sueca\u00b4.<\/p>\n<p>Mientras permanec\u00eda como p\u00e1rroco de Sueca, el entonces arzobispo de Valencia, monse\u00f1or Marcelino Olaechea, le encomend\u00f3 el cuidado pastoral de los temporeros de la localidad que viajaban a la regi\u00f3n de la Camarga francesa en las temporadas de cultivo del arroz, tarea que desarroll\u00f3 hasta 1980.<\/p>\n","protected":false},"excerpt":{"rendered":"<p>&nbsp; Los restos del sacerdote Francisco Ferri Puerto, Hijo Predilecto de L\u2019Olleria, se trasladaban a la Capilla del Cementerio el pasado s\u00e1bado por la ma\u00f1ana. La ceremonia estuvo precedida por una misa concelebrada por el cura-p\u00e1rroco de la localidad, Emilio Esteve, el padre del Convento de Capuchinos de L\u2019Olleria, Efr\u00e9n Mill\u00e1n, el can\u00f3nigo de la [&hellip;]<\/p>\n","protected":false},"author":2,"featured_media":0,"comment_status":"closed","ping_status":"open","sticky":false,"template":"","format":"standard","meta":{"_monsterinsights_skip_tracking":false,"_monsterinsights_sitenote_active":false,"_monsterinsights_sitenote_note":"","_monsterinsights_sitenote_category":0},"categories":[3,12],"tags":[458,650,649,651,250],"_links":{"self":[{"href":"http:\/\/www.portaldelolleria.es\/index.php?rest_route=\/wp\/v2\/posts\/2804"}],"collection":[{"href":"http:\/\/www.portaldelolleria.es\/index.php?rest_route=\/wp\/v2\/posts"}],"about":[{"href":"http:\/\/www.portaldelolleria.es\/index.php?rest_route=\/wp\/v2\/types\/post"}],"author":[{"embeddable":true,"href":"http:\/\/www.portaldelolleria.es\/index.php?rest_route=\/wp\/v2\/users\/2"}],"replies":[{"embeddable":true,"href":"http:\/\/www.portaldelolleria.es\/index.php?rest_route=%2Fwp%2Fv2%2Fcomments&post=2804"}],"version-history":[{"count":1,"href":"http:\/\/www.portaldelolleria.es\/index.php?rest_route=\/wp\/v2\/posts\/2804\/revisions"}],"predecessor-version":[{"id":2806,"href":"http:\/\/www.portaldelolleria.es\/index.php?rest_route=\/wp\/v2\/posts\/2804\/revisions\/2806"}],"wp:attachment":[{"href":"http:\/\/www.portaldelolleria.es\/index.php?rest_route=%2Fwp%2Fv2%2Fmedia&parent=2804"}],"wp:term":[{"taxonomy":"category","embeddable":true,"href":"http:\/\/www.portaldelolleria.es\/index.php?rest_route=%2Fwp%2Fv2%2Fcategories&post=2804"},{"taxonomy":"post_tag","embeddable":true,"href":"http:\/\/www.portaldelolleria.es\/index.php?rest_route=%2Fwp%2Fv2%2Ftags&post=2804"}],"curies":[{"name":"wp","href":"https:\/\/api.w.org\/{rel}","templated":true}]}}