{"id":28053,"date":"2022-01-24T13:02:44","date_gmt":"2022-01-24T11:02:44","guid":{"rendered":"http:\/\/www.portaldelolleria.es\/?p=28053"},"modified":"2022-01-24T22:26:22","modified_gmt":"2022-01-24T20:26:22","slug":"dani-diaz-campeon-de-espana-de-ciclocross-recibe-merecido-homenaje-en-la-solana","status":"publish","type":"post","link":"http:\/\/www.portaldelolleria.es\/?p=28053","title":{"rendered":"Dani D\u00edaz, Campe\u00f3n de Espa\u00f1a de Ciclocross,   recibe merecido homenaje en La Solana"},"content":{"rendered":"<p><a href=\"http:\/\/www.portaldelolleria.es\/wp-content\/uploads\/2022\/01\/jornada17_sueca_2.jpg\"><img loading=\"lazy\" class=\"aligncenter size-full wp-image-28055\" title=\"jornada17_sueca_2\" src=\"http:\/\/www.portaldelolleria.es\/wp-content\/uploads\/2022\/01\/jornada17_sueca_2.jpg\" alt=\"\" width=\"598\" height=\"398\" srcset=\"http:\/\/www.portaldelolleria.es\/wp-content\/uploads\/2022\/01\/jornada17_sueca_2.jpg 598w, http:\/\/www.portaldelolleria.es\/wp-content\/uploads\/2022\/01\/jornada17_sueca_2-300x199.jpg 300w\" sizes=\"(max-width: 598px) 100vw, 598px\" \/><\/a><\/p>\n<p style=\"text-align: justify;\"><strong>L&#8217;Olleria CF 0-1 SD Sueca<\/strong><\/p>\n<p style=\"text-align: justify;\">El encuentro sirvi\u00f3 para rendir homenaje a Dani D\u00edaz, recientemente coronado como\u00a0 <a href=\"https:\/\/www.levante-emv.com\/costera\/2022\/01\/11\/diaz-gana-ciclocross-xativa-veteranos-61439632.html\" target=\"_blank\">campe\u00f3n de Espa\u00f1a de Ciclocross<\/a> de veteranos,\u00a0\u00a0 realizando el correspondiente saque de honor. Concretamente,\u00a0 se proclam\u00f3 Campe\u00f3n de Espa\u00f1a de Ciclocross el pasado s\u00e1bado 8 de enero en la Ciudad del Deporte de X\u00e0tiva, despu\u00e9s de haberse proclamado tambi\u00e9n Campe\u00f3n de Ciclocross de la Comunidad Valenciana el pasado 14 de diciembre.<\/p>\n<p style=\"text-align: justify;\"><a href=\"http:\/\/www.portaldelolleria.es\/wp-content\/uploads\/2022\/01\/dani-diaz.jpg\"><img loading=\"lazy\" class=\"aligncenter size-full wp-image-28060\" title=\"dani diaz\" src=\"http:\/\/www.portaldelolleria.es\/wp-content\/uploads\/2022\/01\/dani-diaz.jpg\" alt=\"\" width=\"598\" height=\"336\" srcset=\"http:\/\/www.portaldelolleria.es\/wp-content\/uploads\/2022\/01\/dani-diaz.jpg 598w, http:\/\/www.portaldelolleria.es\/wp-content\/uploads\/2022\/01\/dani-diaz-300x168.jpg 300w\" sizes=\"(max-width: 598px) 100vw, 598px\" \/><\/a><\/p>\n<p style=\"text-align: justify;\">Sin embargo, el resto de la tarde, fu\u00e9 gris en la Solana, que v\u00e9 como se escapan otros tres puntos en la 17\u00aa jornada de liga.<\/p>\n<p style=\"text-align: justify;\">El resultado pudo ser cualquier otro,\u00a0 pero al final s\u00f3lo cuenta quien tiene la punteria de marcar.\u00a0 A pesar de una tarde brillante del portero Dani Cerd\u00e0, que hasta se permiti\u00f3 parar un penalti a lo \u00abCourtois\u00bb, nada pudo hacer frente al gol que sentenciaba el encuentro al final del mismo.<\/p>\n<p style=\"text-align: justify;\"><a href=\"http:\/\/www.portaldelolleria.es\/wp-content\/uploads\/2022\/01\/jornada17_sueca_1.jpg\"><img loading=\"lazy\" class=\"aligncenter size-full wp-image-28054\" title=\"jornada17_sueca_1\" src=\"http:\/\/www.portaldelolleria.es\/wp-content\/uploads\/2022\/01\/jornada17_sueca_1.jpg\" alt=\"\" width=\"598\" height=\"283\" srcset=\"http:\/\/www.portaldelolleria.es\/wp-content\/uploads\/2022\/01\/jornada17_sueca_1.jpg 598w, http:\/\/www.portaldelolleria.es\/wp-content\/uploads\/2022\/01\/jornada17_sueca_1-300x141.jpg 300w\" sizes=\"(max-width: 598px) 100vw, 598px\" \/><\/a><\/p>\n<p style=\"text-align: justify;\">El encuentro comenz\u00f3 como caracteriza a los locales, adue\u00f1\u00e1ndose del terreno y atacando,\u00a0 los visitantes, buscando\u00a0 contragolpes r\u00e1pidos, la situaci\u00f3n dur\u00f3 media hora,\u00a0 el tiempo en que los ollerienses iban rebajando la intensidad y los de Sueca, se iban sacudiendo la presi\u00f3n\u00a0 y aumentando su presencia en la meta local.\u00a0 Adem\u00e1s de otras ocasiones claras,\u00a0 la m\u00e1s importante llegaba cerca del descanso, con un penalti detenido por el portero y que deber\u00eda servir para\u00a0 insuflar aire al equipo en la segunda parte.<\/p>\n<p style=\"text-align: justify;\">La reanudaci\u00f3n ofreci\u00f3 un encuentro ap\u00e1tico, con constantes interrupciones que s\u00f3lo perjudican a quien quiere mantener la intensidad para elaborar juego.\u00a0 La ocasiones para ambos equipos fueron contadas. Con esta premisa, los minutos avanzavan a favor de la SD Sueca, que como buen visitante,\u00a0 iba \u00abapagando\u00bb el partido en la segunda parte.\u00a0 Cuando la rutina de \u00abuna jornada m\u00e1s\u00bb,\u00a0 ya se hab\u00eda instalado en el cesped,\u00a0 Sueca aument\u00f3 la presi\u00f3n a diez minutos del final para intentar llevarse algo m\u00e1s que un punto.\u00a0 Gener\u00f3 varias ocasiones, una en el 81 que desvi\u00f3 \u00abin extremis\u00bb el portero local, desviando el bal\u00f3n a la cepa del poste,\u00a0 la siguiente fu\u00e9 un bal\u00f3n rematado con mucha potencia dentro del \u00e1rea,\u00a0 un tiro imparable (84&#8242;) y que otorgaba un excesivo premio extra a la SD Sueca que al final di\u00f3 la sensaci\u00f3n de manejar en todo momento los \u00abtiempos\u00bb del partido.\u00a0 La reacci\u00f3n local, no se hizo esperar y en pocos minutos, se pudo pasar de un empate a un segundo gol visitante. Los tres puntos \u00abvolaban\u00bb sin tener una clara explicaci\u00f3n de como y porqu\u00e9.<\/p>\n<p style=\"text-align: justify;\"><a href=\"http:\/\/www.portaldelolleria.es\/wp-content\/uploads\/2022\/01\/jornada17_sueca_4.jpg\"><img loading=\"lazy\" class=\"aligncenter size-full wp-image-28056\" title=\"jornada17_sueca_4\" src=\"http:\/\/www.portaldelolleria.es\/wp-content\/uploads\/2022\/01\/jornada17_sueca_4.jpg\" alt=\"\" width=\"598\" height=\"326\" srcset=\"http:\/\/www.portaldelolleria.es\/wp-content\/uploads\/2022\/01\/jornada17_sueca_4.jpg 598w, http:\/\/www.portaldelolleria.es\/wp-content\/uploads\/2022\/01\/jornada17_sueca_4-300x163.jpg 300w\" sizes=\"(max-width: 598px) 100vw, 598px\" \/><\/a><\/p>\n<p style=\"text-align: justify;\">Los resultados de la 17\u00aa jornada,\u00a0 colocan a los ollerienses en la 5\u00aa posici\u00f3n, empatados con la propia SD Sueca y descolgados de los puestos de ascenso a 5\u00a0 puntos,\u00a0 plaza que ocupa el Ontinyent 1931, y la de ascenso directo que ocupa Tavernes,\u00a0 la primera plaza ya parece que tiene propietario a estas alturas de la liga:\u00a0 el CF Gand\u00eda con 7 puntos de ventaja sobre el segundo.\u00a0 La pr\u00f3xima jornada, 30 de enero,\u00a0 l&#8217;Olleria visita el campo de La Nucia B,\u00a0\u00a0 donde se espera que al menos siga la racha visitante que mantienen en sus \u00faltimas visitas.<\/p>\n<p><a href=\"http:\/\/www.portaldelolleria.es\/wp-content\/uploads\/2022\/01\/jornada17_sueca_3.jpg\"><img loading=\"lazy\" class=\"aligncenter size-full wp-image-28057\" title=\"jornada17_sueca_3\" src=\"http:\/\/www.portaldelolleria.es\/wp-content\/uploads\/2022\/01\/jornada17_sueca_3.jpg\" alt=\"\" width=\"598\" height=\"399\" srcset=\"http:\/\/www.portaldelolleria.es\/wp-content\/uploads\/2022\/01\/jornada17_sueca_3.jpg 598w, http:\/\/www.portaldelolleria.es\/wp-content\/uploads\/2022\/01\/jornada17_sueca_3-300x200.jpg 300w\" sizes=\"(max-width: 598px) 100vw, 598px\" \/><\/a><\/p>\n<p><strong>Ficha t\u00e9cnica<\/strong><\/p>\n<p><strong>L\u2019OLLERIA CF: <\/strong>Dani Cerd\u00e0,\u00a0 Borja Borred\u00e0, Ra\u00fal Moll\u00e1,\u00a0 Marc Gonz\u00e1lez (Carlos Mu\u00f1oz, 87\u2019), Marco Ferre,\u00a0 Emilio Ortol\u00e0,\u00a0 Eric Valiente (Sergio Fuentes, 71\u2019), Emilio Gil,\u00a0 Quico Va\u00f1\u00f3,\u00a0 Javi Balbastre (Gonza, 60\u2019), Cristian Escriv\u00e0.<\/p>\n<p><strong>SD SUECA:<\/strong> V\u00edctor; Miquel Mic\u00f3, Hugo, Pablo, Bernat; Calzado, Salom (Migue, 94\u2019),\u00a0 Ayoub,\u00a0 \u00c1lvaro Berl\u00e1ndez,\u00a0 Carrasco (Pe\u00f3, 75\u2019),\u00a0 i Jes\u00fas Puig (Juanvi, 91\u2019)<\/p>\n<p><strong>Goles:<\/strong> 0-1 Miquel Mic\u00f3 (84\u2019)<br \/>\n<iframe loading=\"lazy\" title=\"YouTube video player\" src=\"https:\/\/www.youtube.com\/embed\/WgVSWDecSBE\" frameborder=\"0\" width=\"598\" height=\"369\"><\/iframe><\/p>\n","protected":false},"excerpt":{"rendered":"<p>L&#8217;Olleria CF 0-1 SD Sueca El encuentro sirvi\u00f3 para rendir homenaje a Dani D\u00edaz, recientemente coronado como\u00a0 campe\u00f3n de Espa\u00f1a de Ciclocross de veteranos,\u00a0\u00a0 realizando el correspondiente saque de honor. Concretamente,\u00a0 se proclam\u00f3 Campe\u00f3n de Espa\u00f1a de Ciclocross el pasado s\u00e1bado 8 de enero en la Ciudad del Deporte de X\u00e0tiva, despu\u00e9s de haberse proclamado [&hellip;]<\/p>\n","protected":false},"author":1,"featured_media":0,"comment_status":"closed","ping_status":"open","sticky":false,"template":"","format":"standard","meta":{"_monsterinsights_skip_tracking":false,"_monsterinsights_sitenote_active":false,"_monsterinsights_sitenote_note":"","_monsterinsights_sitenote_category":0},"categories":[9,12],"tags":[],"_links":{"self":[{"href":"http:\/\/www.portaldelolleria.es\/index.php?rest_route=\/wp\/v2\/posts\/28053"}],"collection":[{"href":"http:\/\/www.portaldelolleria.es\/index.php?rest_route=\/wp\/v2\/posts"}],"about":[{"href":"http:\/\/www.portaldelolleria.es\/index.php?rest_route=\/wp\/v2\/types\/post"}],"author":[{"embeddable":true,"href":"http:\/\/www.portaldelolleria.es\/index.php?rest_route=\/wp\/v2\/users\/1"}],"replies":[{"embeddable":true,"href":"http:\/\/www.portaldelolleria.es\/index.php?rest_route=%2Fwp%2Fv2%2Fcomments&post=28053"}],"version-history":[{"count":8,"href":"http:\/\/www.portaldelolleria.es\/index.php?rest_route=\/wp\/v2\/posts\/28053\/revisions"}],"predecessor-version":[{"id":28070,"href":"http:\/\/www.portaldelolleria.es\/index.php?rest_route=\/wp\/v2\/posts\/28053\/revisions\/28070"}],"wp:attachment":[{"href":"http:\/\/www.portaldelolleria.es\/index.php?rest_route=%2Fwp%2Fv2%2Fmedia&parent=28053"}],"wp:term":[{"taxonomy":"category","embeddable":true,"href":"http:\/\/www.portaldelolleria.es\/index.php?rest_route=%2Fwp%2Fv2%2Fcategories&post=28053"},{"taxonomy":"post_tag","embeddable":true,"href":"http:\/\/www.portaldelolleria.es\/index.php?rest_route=%2Fwp%2Fv2%2Ftags&post=28053"}],"curies":[{"name":"wp","href":"https:\/\/api.w.org\/{rel}","templated":true}]}}