{"id":28075,"date":"2022-01-27T12:15:48","date_gmt":"2022-01-27T10:15:48","guid":{"rendered":"http:\/\/www.portaldelolleria.es\/?p=28075"},"modified":"2022-01-27T12:15:48","modified_gmt":"2022-01-27T10:15:48","slug":"mas-del-90-de-los-alcades-de-la-vall-dalbaida-aprueban-la-gestion-de-la-diputacion","status":"publish","type":"post","link":"http:\/\/www.portaldelolleria.es\/?p=28075","title":{"rendered":"M\u00e1s del 90% de los alcades de la Vall d&#8217;Albaida aprueban la gesti\u00f3n de la Diputaci\u00f3n"},"content":{"rendered":"<p><a href=\"http:\/\/www.portaldelolleria.es\/wp-content\/uploads\/2022\/01\/pres_pleno.jpg\"><img loading=\"lazy\" class=\"aligncenter size-full wp-image-28076\" title=\"pres_pleno\" src=\"http:\/\/www.portaldelolleria.es\/wp-content\/uploads\/2022\/01\/pres_pleno.jpg\" alt=\"\" width=\"598\" height=\"389\" srcset=\"http:\/\/www.portaldelolleria.es\/wp-content\/uploads\/2022\/01\/pres_pleno.jpg 598w, http:\/\/www.portaldelolleria.es\/wp-content\/uploads\/2022\/01\/pres_pleno-300x195.jpg 300w\" sizes=\"(max-width: 598px) 100vw, 598px\" \/><\/a><\/p>\n<p>&nbsp;<\/p>\n<p>&nbsp;<\/p>\n<p><strong>Los ayuntamientos de La Vall d\u2019Albaida valoran muy positivamente la gesti\u00f3n de la Diputaci\u00f3 <\/strong><\/p>\n<ul>\n<li><strong>Una encuesta en la que han participado m\u00e1s de 200 alcaldes y alcaldesas de la provincia refleja un elevado grado de satisfacci\u00f3n entre los ayuntamientos de La Vall d\u2019Albaida con la instituci\u00f3n en aspectos como la autonom\u00eda municipal para gestionar los fondos recibidos, la objetividad a la hora de repartir las ayudas y el apoyo durante la pandemia<\/strong><\/li>\n<li><strong>M\u00e1s del 90% de los responsables municipales de la comarca consultados ponen en valor el trabajo desarrollado por el presidente Toni Gaspar, que recibe una puntuaci\u00f3n de 7,1 sobre 10<\/strong><\/li>\n<\/ul>\n<p><strong>\u00a0<\/strong><\/p>\n<p><strong>27\/enero\/2022.<\/strong> La apuesta decidida por la modernizaci\u00f3n y el incremento de la autonom\u00eda municipal que ha desarrollado la Diputaci\u00f3 de Val\u00e8ncia a lo largo de los \u00faltimos a\u00f1os est\u00e1 teniendo una respuesta satisfactoria entre los ayuntamientos de La Vall d\u2019Albaida. As\u00ed se refleja en una encuesta en la que han participado m\u00e1s de 200 alcaldes y alcaldesas de toda la provincia, en donde los consistorios de esta comarca han expresado mayoritariamente un elevado grado de satisfacci\u00f3n con la gesti\u00f3n realizada por la corporaci\u00f3n en diversos aspectos.<\/p>\n<p>&nbsp;<\/p>\n<p>En concreto, la valoraci\u00f3n que los responsables de los municipios de La Vall d\u2019Albaida dan al conjunto de los servicios prestados por la Diputaci\u00f3 es de 7,5, con m\u00e1s del 80% de los entrevistados calificando entre notable y sobresaliente.<\/p>\n<p>&nbsp;<\/p>\n<p>Con el objetivo de conocer de primera mano la opini\u00f3n de los alcaldes y alcaldesas valencianos sobre las pol\u00edticas que est\u00e1 llevando a cabo la Diputaci\u00f3, y as\u00ed poder trabajar conjuntamente para planificar y recoger propuestas de mejora en los servicios que actualmente presta este organismo, se ha realizado un cuestionario dirigido a todos los primeros ediles municipales de la provincia, que al fin y al cabo son los destinatarios directos de su gesti\u00f3n.<\/p>\n<p>&nbsp;<\/p>\n<p>Centr\u00e1ndonos en las respuestas aportadas por los regidores de La Vall d\u2019Albaida, destaca por encima de todas ellas el amplio consenso existente entre los ayuntamientos sobre la importancia y utilidad del papel que juega la Diputaci\u00f3 en la gesti\u00f3n de sus municipios, con una puntuaci\u00f3n de 4,7 sobre 5, por encima de la media de la provincia. M\u00e1s de un 90% de ellos califica de muy importante o bastante importante la funci\u00f3n que desarrolla el ente provincial. Se trata del mayor porcentaje alcanzado respecto a cuestionarios anteriores.<\/p>\n<p>&nbsp;<\/p>\n<p>Tambi\u00e9n sobresale la valoraci\u00f3n que hacen los alcaldes y alcaldesas de La Vall d\u2019Albaida respecto al aumento de la autonom\u00eda que tiene cada municipio para destinar los fondos que reciben de la Diputaci\u00f3. As\u00ed, nueve de cada diez reconocen la apuesta municipalista, impulsada durante esta legislatura, de asignar m\u00e1s fondos para la autonom\u00eda municipal, una de las se\u00f1as de identidad del actual equipo de gobierno que preside Toni Gaspar. La puntuaci\u00f3n alcanzada en este apartado es de 8,7 sobre 10.<\/p>\n<p>&nbsp;<\/p>\n<p>Otra de las categor\u00edas mejor valoradas y que m\u00e1s ha mejorado en comparaci\u00f3n con la \u00faltima encuesta es la percepci\u00f3n que tienen los ayuntamientos de La Vall d\u2019Albaida respecto a la objetividad de los criterios empleados por la instituci\u00f3n a la hora de repartir los recursos econ\u00f3micos. La valoraci\u00f3n en este sentido es de 8,2 sobre 10, m\u00e1s de una d\u00e9cima superior al resultado general de la provincia, lo cual pone de manifiesto las mejoras realizadas al efecto en los \u00faltimos a\u00f1os.<\/p>\n<p>&nbsp;<\/p>\n<p>Cabe recordar que esta comarca ha recibido un total de 5,1 millones de euros del Fondo de Cooperaci\u00f3n de 2021, a los que hay que a\u00f1adir los 14,2 millones de euros del Plan de Inversiones 2020-2021.<\/p>\n<p>&nbsp;<\/p>\n<p>Una de las novedades que ha incluido el cuestionario ha sido la opini\u00f3n sobre la capacidad de respuesta que tuvo la Diputaci\u00f3 durante la crisis provocada por la pandemia del Covid y, por lo visto en los resultados, una abrumadora mayor\u00eda (m\u00e1s del 80%) de los ayuntamientos de La Vall d\u2019Albaida se sinti\u00f3 apoyada desde el primer momento por la corporaci\u00f3n provincial, arrojando una nota de 7,4 puntos. De hecho, la Diputaci\u00f3 fue la primera instituci\u00f3n que hizo llegar a los municipios tanto materiales de protecci\u00f3n como recursos econ\u00f3micos, en unos momentos especialmente complicados, sobre todo para las localidades de menor tama\u00f1o.<\/p>\n<p>&nbsp;<\/p>\n<p><strong>Liderazgo de Toni Gaspar<\/strong><\/p>\n<p>&nbsp;<\/p>\n<p>Para finalizar el cuestionario, se ha querido conocer la opini\u00f3n de los m\u00e1ximos responsables municipales sobre el liderazgo del presidente de la corporaci\u00f3n. La figura del presidente Toni Gaspar sale reforzada como impulsor de las principales pol\u00edticas que han desembocado en la mejora de la percepci\u00f3n que tienen los ayuntamientos sobre la gesti\u00f3n de la Diputaci\u00f3. De este modo, una mayor\u00eda clara (76%) de los alcaldes y alcaldesas encuestados valoran la l\u00ednea de trabajo del presidente de la Diputaci\u00f3 en la modernizaci\u00f3n de la instituci\u00f3n y apoyo a la autonom\u00eda de los municipios entre el notable y el sobresaliente. La comarca de La Vall d\u2019Albaida aprueba ampliamente a Gaspar con una nota media de 7\u20191.<\/p>\n<p>&nbsp;<\/p>\n<p><strong>Trabajando para agilizar los tr\u00e1mites<\/strong><\/p>\n<p>&nbsp;<\/p>\n<p>Las puntuaciones menos elevadas de la encuesta hacen referencia a la agilidad del funcionamiento de la Diputaci\u00f3 en la tramitaci\u00f3n de los distintos procedimientos que llevan a cabo los ayuntamientos. A pesar de que tres de cada cuatro regidores se muestran de acuerdo en que se han reducido los tr\u00e1mites burocr\u00e1ticos en sus gestiones con esta administraci\u00f3n, la opini\u00f3n extendida entre los encuestados es que todav\u00eda queda trabajo por hacer en ese sentido.<\/p>\n<p>&nbsp;<\/p>\n<p>Asimismo, en lo referente a la disponibilidad y acceso a las ayudas que pone la Diputaci\u00f3 a disposici\u00f3n de los ayuntamientos, casi un 70% de los responsables lo califica de excelente o notable. Sin embargo, parece apuntarse la opini\u00f3n, sobre todo entre las localidades de menos de 2.000 habitantes, de que existe un gap temporal mejorable entre la disponibilidad de recursos y el acceso a los mismos.<\/p>\n<p>&nbsp;<\/p>\n<p>Precisamente ese es uno de los aspectos en los que m\u00e1s se est\u00e1 esforzando el actual equipo de gobierno en su prop\u00f3sito de modernizar la instituci\u00f3n y con ello agilizar todos los procedimientos. Dan muestra de ello las diferentes medidas aprobadas al respecto, como por ejemplo hacer bianual el Plan de Inversiones o que ning\u00fan plan de subvenciones se pueda presentar despu\u00e9s del 30 de mayo, con el fin de dar tiempo a los ayuntamientos para ejecutar sus proyectos.<\/p>\n<p>&nbsp;<\/p>\n<p><span style=\"color: #003366;\"><strong>Els ajuntaments de La Vall d\u2019Albaida valoren molt positivament la gesti\u00f3 de la Diputaci\u00f3<\/strong><\/span><\/p>\n<ul>\n<li><span style=\"color: #003366;\"><strong>Una enquesta en la qual han participat m\u00e9s de 200 alcaldes i alcaldesses de la provincia, reflectix un elevat grau de satisfacci\u00f3 entre els ajuntaments de La Vall d\u2019Albaida amb la instituci\u00f3 en aspectes com l&#8217;autonomia municipal per a gestionar els fons rebuts, l&#8217;objectivitat a l&#8217;hora de repartir les ajudes i el suport durant la pand\u00e8mia<\/strong><\/span><\/li>\n<li><span style=\"color: #003366;\"><strong>M\u00e9s del 90% dels responsables municipals de la comarca consultats posen en valor el treball desenvolupat pel president Toni Gaspar, que rep una puntuaci\u00f3 de 7\u20191 sobre 10<\/strong><\/span><\/li>\n<\/ul>\n<p><span style=\"color: #003366;\"><strong>\u00a0<\/strong><\/span><\/p>\n<p><span style=\"color: #003366;\"><strong>27\/gener\/2022<\/strong>. L&#8217;aposta decidida per la modernitzaci\u00f3 i l&#8217;increment de l&#8217;autonomia municipal que ha desenvolupat la Diputaci\u00f3 de Val\u00e8ncia al llarg dels \u00faltims anys est\u00e0 tenint una resposta satisfact\u00f2ria entre els ajuntaments de La Vall d\u2019Albaida. Aix\u00ed es reflectix en una enquesta en la qual han participat m\u00e9s de 200 alcaldes i alcaldesses de tota la prov\u00edncia, on els consistoris d&#8217;esta comarca han expressat majorit\u00e0riament un elevat grau de satisfacci\u00f3 amb la gesti\u00f3 realitzada per la corporaci\u00f3 en diversos aspectes.<\/span><\/p>\n<p>&nbsp;<\/p>\n<p><span style=\"color: #003366;\">En concret, la valoraci\u00f3 que els responsables dels municipis de La Vall d\u2019Albaida donen al conjunt dels serveis prestats per la Diputaci\u00f3 \u00e9s de 7,5, amb m\u00e9s del 80% dels entrevistats qualificant entre notable i excel\u00b7lent.<\/span><\/p>\n<p>&nbsp;<\/p>\n<p><span style=\"color: #003366;\">Amb l&#8217;objectiu de con\u00e9ixer de primera m\u00e0 l&#8217;opini\u00f3 dels alcaldes i alcaldesses valencians sobre les pol\u00edtiques que est\u00e0 duent a terme la Diputaci\u00f3, i aix\u00ed poder treballar conjuntament per a planificar i recollir propostes de millora en els serveis que actualment presta este organisme, s&#8217;ha realitzat un q\u00fcestionari dirigit a tots els primers edils municipals de la prov\u00edncia, que al cap i a la fi s\u00f3n els destinataris directes de la seua gesti\u00f3.<\/span><\/p>\n<p>&nbsp;<\/p>\n<p><span style=\"color: #003366;\">Centrant-nos en les respostes aportades pels regidors de La Vall d\u2019Albaida, destaca per damunt de totes elles l&#8217;ampli consens existent entre els ajuntaments sobre la import\u00e0ncia i utilitat del paper que juga la Diputaci\u00f3 en la gesti\u00f3 dels seus municipis, amb una puntuaci\u00f3 de 4,7 sobre 5, per damunt de la mitjana de la prov\u00edncia. M\u00e9s d&#8217;un 90% d&#8217;ells qualifica de molt important o bastant important la funci\u00f3 que desenvolupa l&#8217;ens provincial. Es tracta del major percentatge aconseguit respecte de q\u00fcestionaris anteriors.<\/span><\/p>\n<p>&nbsp;<\/p>\n<p><span style=\"color: #003366;\">Tamb\u00e9 sobre\u00efx la valoraci\u00f3 que fan els alcaldes i alcaldesses de La Vall d\u2019Albaida respecte l&#8217;augment de l&#8217;autonomia que t\u00e9 cada municipi per a destinar els fons que reben de la Diputaci\u00f3. Aix\u00ed, nou de cada deu reconeixen l&#8217;aposta municipalista, impulsada durant esta legislatura, d&#8217;assignar m\u00e9s fons per a l&#8217;autonomia municipal, un dels senyals d&#8217;identitat de l&#8217;actual equip de govern que presidix Toni Gaspar. La puntuaci\u00f3 aconseguida en este apartat \u00e9s de 8,7 sobre 10.<\/span><\/p>\n<p><span style=\"color: #003366;\">Una altra de les categories millor valorades i que m\u00e9s ha millorat en comparaci\u00f3 amb l&#8217;\u00faltima enquesta \u00e9s la percepci\u00f3 que tenen els ajuntaments de La Vall d\u2019Albaida respecte de l&#8217;objectivitat dels criteris emprats per la instituci\u00f3 a l&#8217;hora de repartir els recursos econ\u00f2mics. La valoraci\u00f3 en eixe sentit \u00e9s de 8,2 sobre 10, m\u00e9s d&#8217;una d\u00e8cima superior al resultat general de la provincia, la qual cosa posa de manifest les millores realitzades a l\u2019efecte en els \u00faltims anys.<\/span><\/p>\n<p>&nbsp;<\/p>\n<p><span style=\"color: #003366;\">Cal recordar que esta comarca ha rebut un total de 5,1 milions d&#8217;euros del Fons de Cooperaci\u00f3 de 2021, als quals cal afegir els 14,2 milions d&#8217;euros del Pla d&#8217;Inversions 2020-2021.<\/span><\/p>\n<p>&nbsp;<\/p>\n<p><span style=\"color: #003366;\">Una de les novetats que ha incl\u00f2s el q\u00fcestionari ha sigut l&#8217;opini\u00f3 sobre la capacitat de resposta que va tindre la Diputaci\u00f3 durant la crisi provocada per la pand\u00e8mia de la Covid i, segons sembla en els resultats, una aclaparadora majoria (m\u00e9s del 80%) dels ajuntaments de La Vall d\u2019Albaida es va sentir secundada des del primer moment per la corporaci\u00f3 provincial, llan\u00e7ant una nota de 7,4 punts. De fet, la Diputaci\u00f3 va ser la primera instituci\u00f3 que va fer arribar als municipis tant materials de protecci\u00f3 com recursos econ\u00f2mics, en uns moments especialment complicats, sobretot per a les localitats m\u00e9s xicotetes.<\/span><\/p>\n<p>&nbsp;<\/p>\n<p><span style=\"color: #003366;\"><strong>Lideratge de Toni Gaspar<\/strong><\/span><\/p>\n<p>&nbsp;<\/p>\n<p><span style=\"color: #003366;\">Per a finalitzar el q\u00fcestionari, s&#8217;ha volgut con\u00e9ixer l&#8217;opini\u00f3 dels m\u00e0xims responsables municipals sobre el lideratge del president de la corporaci\u00f3. La figura del president Toni Gaspar ix refor\u00e7ada com a impulsor de les principals pol\u00edtiques que han desembocat en la millora de la percepci\u00f3 que tenen els ajuntaments sobre la gesti\u00f3 de la Diputaci\u00f3. D&#8217;esta manera, una majoria clara (76%) dels alcaldes i alcaldesses enquestats valoren la l\u00ednia de treball del president de la Diputaci\u00f3 en la modernitzaci\u00f3 de la instituci\u00f3 i suport a l&#8217;autonomia dels municipis entre el notable i l&#8217;excel\u00b7lent. La comarca de La Vall d\u2019Albaida aprova \u00e0mpliament a Gaspar amb una nota mitjana de 7\u20191.<\/span><\/p>\n<p>&nbsp;<\/p>\n<p><span style=\"color: #003366;\"><strong>Treballant per a agilitar els tr\u00e0mits<\/strong><\/span><\/p>\n<p>&nbsp;<\/p>\n<p><span style=\"color: #003366;\">Les puntuacions menys elevades de l&#8217;enquesta fan refer\u00e8ncia a l&#8217;agilitat del funcionament de la Diputaci\u00f3 en la tramitaci\u00f3 dels diferents procediments que duen a terme els ajuntaments. A pesar que tres de cada quatre regidors es mostren d&#8217;acord que s&#8217;han redu\u00eft els tr\u00e0mits burocr\u00e0tics en les seues gestions amb esta administraci\u00f3, l&#8217;opini\u00f3 estesa entre els enquestats \u00e9s que encara queda treball per fer en eixe sentit.<\/span><\/p>\n<p>&nbsp;<\/p>\n<p><span style=\"color: #003366;\">Aix\u00ed mateix, referent a la disponibilitat i acc\u00e9s a les ajudes que posa la Diputaci\u00f3 a la disposici\u00f3 dels ajuntaments, quasi un 70% dels responsables ho qualifica d&#8217;excel\u00b7lent o notable. No obstant aix\u00f2, sembla apuntar-se l&#8217;opini\u00f3, sobretot entre les localitats de menys de 2.000 habitants, que existix un buit temporal millorable entre la disponibilitat de recursos i el seu acc\u00e9s.<\/span><\/p>\n<p>&nbsp;<\/p>\n<p><span style=\"color: #003366;\">Precisament eixe \u00e9s un dels aspectes en els quals m\u00e9s s&#8217;est\u00e0 esfor\u00e7ant l&#8217;actual equip de govern en el seu prop\u00f2sit de modernitzar la instituci\u00f3 i amb aix\u00f2 agilitar tots els procediments. Donen mostra d&#8217;aix\u00f2 les diferents mesures aprovades sobre el tema, com per exemple fer bianual el Pla d&#8217;Inversions o que cap pla de subvencions es puga presentar despr\u00e9s del 30 de maig, amb la finalitat de donar temps als ajuntaments per a executar els seus projectes.<\/span><\/p>\n<p>&nbsp;<\/p>\n","protected":false},"excerpt":{"rendered":"<p>&nbsp; &nbsp; Los ayuntamientos de La Vall d\u2019Albaida valoran muy positivamente la gesti\u00f3n de la Diputaci\u00f3 Una encuesta en la que han participado m\u00e1s de 200 alcaldes y alcaldesas de la provincia refleja un elevado grado de satisfacci\u00f3n entre los ayuntamientos de La Vall d\u2019Albaida con la instituci\u00f3n en aspectos como la autonom\u00eda municipal para [&hellip;]<\/p>\n","protected":false},"author":1,"featured_media":0,"comment_status":"closed","ping_status":"open","sticky":false,"template":"","format":"standard","meta":{"_monsterinsights_skip_tracking":false,"_monsterinsights_sitenote_active":false,"_monsterinsights_sitenote_note":"","_monsterinsights_sitenote_category":0},"categories":[3,12],"tags":[],"_links":{"self":[{"href":"http:\/\/www.portaldelolleria.es\/index.php?rest_route=\/wp\/v2\/posts\/28075"}],"collection":[{"href":"http:\/\/www.portaldelolleria.es\/index.php?rest_route=\/wp\/v2\/posts"}],"about":[{"href":"http:\/\/www.portaldelolleria.es\/index.php?rest_route=\/wp\/v2\/types\/post"}],"author":[{"embeddable":true,"href":"http:\/\/www.portaldelolleria.es\/index.php?rest_route=\/wp\/v2\/users\/1"}],"replies":[{"embeddable":true,"href":"http:\/\/www.portaldelolleria.es\/index.php?rest_route=%2Fwp%2Fv2%2Fcomments&post=28075"}],"version-history":[{"count":2,"href":"http:\/\/www.portaldelolleria.es\/index.php?rest_route=\/wp\/v2\/posts\/28075\/revisions"}],"predecessor-version":[{"id":28078,"href":"http:\/\/www.portaldelolleria.es\/index.php?rest_route=\/wp\/v2\/posts\/28075\/revisions\/28078"}],"wp:attachment":[{"href":"http:\/\/www.portaldelolleria.es\/index.php?rest_route=%2Fwp%2Fv2%2Fmedia&parent=28075"}],"wp:term":[{"taxonomy":"category","embeddable":true,"href":"http:\/\/www.portaldelolleria.es\/index.php?rest_route=%2Fwp%2Fv2%2Fcategories&post=28075"},{"taxonomy":"post_tag","embeddable":true,"href":"http:\/\/www.portaldelolleria.es\/index.php?rest_route=%2Fwp%2Fv2%2Ftags&post=28075"}],"curies":[{"name":"wp","href":"https:\/\/api.w.org\/{rel}","templated":true}]}}