{"id":2810,"date":"2013-04-24T09:16:54","date_gmt":"2013-04-24T08:16:54","guid":{"rendered":"http:\/\/www.portaldelolleria.es\/?p=2810"},"modified":"2013-04-25T09:42:55","modified_gmt":"2013-04-25T08:42:55","slug":"grup-de-teatre-el-bunyol-estrena-arrumacos-entrevista-a-maite-ferrando","status":"publish","type":"post","link":"http:\/\/www.portaldelolleria.es\/?p=2810","title":{"rendered":"Grup de Teatre El Bunyol SUSPENDE TODAS LAS FUNCIONES por razones de fuerza mayor"},"content":{"rendered":"<p><a href=\"http:\/\/www.portaldelolleria.es\/wp-content\/uploads\/2013\/04\/bu\u00f1ol4.jpg\"><img loading=\"lazy\" class=\"aligncenter size-full wp-image-2816\" title=\"bu\u00f1ol4\" src=\"http:\/\/www.portaldelolleria.es\/wp-content\/uploads\/2013\/04\/bu\u00f1ol4.jpg\" alt=\"\" width=\"598\" height=\"398\" srcset=\"http:\/\/www.portaldelolleria.es\/wp-content\/uploads\/2013\/04\/bu\u00f1ol4.jpg 598w, http:\/\/www.portaldelolleria.es\/wp-content\/uploads\/2013\/04\/bu\u00f1ol4-300x199.jpg 300w\" sizes=\"(max-width: 598px) 100vw, 598px\" \/><\/a><\/p>\n<p><strong><span style=\"color: #ff0000;\">\u00a0NOTA INFORMATIVA:\u00a0\u00a0 POR RAZONES DE FUERZA MAYOR QUEDAN SUSPENDIDAS TODAS LAS FUNCIONES.<\/span><\/strong><\/p>\n<p>El Grupo de Teatro \u00abEl Bunyol\u00bb, estrena el pr\u00f3ximo fin de semana\u00a0 la comedia \u00abarrumacos\u00bb , en el Teatro Goya,\u00a0 con tres funciones,\u00a0\u00a0 el viernes a las 22:30h,\u00a0 el s\u00e1bado a las 22:30h\u00a0 y el domingo a las 19:00h.\u00a0 Los precios de platea numeradas ser\u00e1n de 5 euros y anfiteatro sin numerar 3 euros.<\/p>\n<p>&nbsp;<\/p>\n<p class=\"MsoNormal\" style=\"text-align: justify; text-indent: 35.4pt;\"><span style=\"font-family: 'Arial','sans-serif'; color: black;\">Desde que el <strong style=\"mso-bidi-font-weight: normal;\"><span style=\"text-decoration: underline;\">Grup de Teatre El Bunyol<\/span><\/strong> tom\u00f3 este nombre en<span style=\"mso-spacerun: yes;\">\u00a0\u00a0 <\/span>1993, ya han pasado 20 a\u00f1os. 20 a\u00f1os que han servido para que una obra tras otra, llene de representaciones tanto c\u00f3micas como dram\u00e1ticas la <span style=\"mso-spacerun: yes;\">\u00a0<\/span><span style=\"mso-spacerun: yes;\">\u00a0<\/span>historia de este grupo, y que tambi\u00e9n han servido para hacer pasar buenos ratos a un p\u00fablico incondicional y fiel a esta agrupaci\u00f3n teatral.<\/span><\/p>\n<p class=\"MsoNormal\" style=\"text-indent: 35.4pt;\"><span style=\"font-family: 'Arial','sans-serif'; color: black;\">\u00a0<\/span><\/p>\n<p class=\"MsoNormal\" style=\"margin-left: 35.4pt; text-align: justify; text-indent: 18.0pt;\"><span style=\"font-family: 'Arial','sans-serif'; color: black;\">Con motivo del estreno de<span style=\"mso-spacerun: yes;\">\u00a0 <\/span>\u201cArrumacos\u201d, entrevistamos a Maite Ferrando <span style=\"mso-spacerun: yes;\">\u00a0\u00a0<\/span>que es la que en esta ocasi\u00f3n, dirige a este grupo. <span style=\"mso-spacerun: yes;\">\u00a0<\/span><span style=\"mso-spacerun: yes;\">\u00a0<\/span><\/span><\/p>\n<div id=\"attachment_2814\" style=\"width: 608px\" class=\"wp-caption aligncenter\"><a href=\"http:\/\/www.portaldelolleria.es\/wp-content\/uploads\/2013\/04\/bu\u00f1ol11.jpg\"><img aria-describedby=\"caption-attachment-2814\" loading=\"lazy\" class=\"size-full wp-image-2814\" title=\"bu\u00f1ol1\" src=\"http:\/\/www.portaldelolleria.es\/wp-content\/uploads\/2013\/04\/bu\u00f1ol11.jpg\" alt=\"\" width=\"598\" height=\"398\" srcset=\"http:\/\/www.portaldelolleria.es\/wp-content\/uploads\/2013\/04\/bu\u00f1ol11.jpg 598w, http:\/\/www.portaldelolleria.es\/wp-content\/uploads\/2013\/04\/bu\u00f1ol11-300x199.jpg 300w\" sizes=\"(max-width: 598px) 100vw, 598px\" \/><\/a><p id=\"caption-attachment-2814\" class=\"wp-caption-text\">Pepe Aparici y Maite Ferrando durante la entrevista<\/p><\/div>\n<p class=\"MsoNormal\" style=\"margin-left: 53.4pt; text-align: justify; text-indent: -18.0pt; mso-list: l0 level1 lfo1; tab-stops: list 53.4pt;\"><span style=\"font-family: 'Arial','sans-serif'; mso-fareast-font-family: Arial; color: black;\"><span style=\"mso-list: Ignore;\">&#8211;<span style=\"font: 7.0pt 'Times New Roman';\">\u00a0\u00a0\u00a0\u00a0\u00a0\u00a0 <\/span><\/span><\/span><strong style=\"mso-bidi-font-weight: normal;\"><em style=\"mso-bidi-font-style: normal;\"><span style=\"font-family: 'Arial','sans-serif'; color: black;\">\u00bfDesde cuando perteneces al grupo El Bunyol de L\u2019Olleria?<\/span><\/em><\/strong><\/p>\n<p class=\"MsoNormal\" style=\"margin-left: 53.4pt; text-align: justify; text-indent: -18.0pt; mso-list: l0 level1 lfo1; tab-stops: list 53.4pt;\"><span style=\"font-family: 'Arial','sans-serif'; mso-fareast-font-family: Arial;\"><span style=\"mso-list: Ignore;\">&#8211;<span style=\"font: 7.0pt 'Times New Roman';\">\u00a0\u00a0\u00a0\u00a0\u00a0\u00a0 <\/span><\/span><\/span><span style=\"font-family: 'Arial','sans-serif'; color: black;\">Desde que a este grupo se le puso este nombre, o sea desde 1993 y con la obra \u201cAmors de l\u2019horta\u201d. Despu\u00e9s segu\u00ed todos los a\u00f1os a excepci\u00f3n de dos obras que coincidieron con el nacimiento de mis hijos.<\/span><\/p>\n<p class=\"MsoNormal\" style=\"margin-left: 53.4pt; text-align: justify; text-indent: -18.0pt; mso-list: l0 level1 lfo1; tab-stops: list 53.4pt;\"><span style=\"font-family: 'Arial','sans-serif'; mso-fareast-font-family: Arial;\"><span style=\"mso-list: Ignore;\">&#8211;<span style=\"font: 7.0pt 'Times New Roman';\">\u00a0\u00a0\u00a0\u00a0\u00a0\u00a0 <\/span><\/span><\/span><strong style=\"mso-bidi-font-weight: normal;\"><em style=\"mso-bidi-font-style: normal;\"><span style=\"font-family: 'Arial','sans-serif'; color: black;\">\u00bfDe que obras guardas mejor recuerdo?<\/span><\/em><\/strong><\/p>\n<p class=\"MsoNormal\" style=\"margin-left: 53.4pt; text-align: justify; text-indent: -18.0pt; mso-list: l0 level1 lfo1; tab-stops: list 53.4pt;\"><span style=\"font-family: 'Arial','sans-serif'; mso-fareast-font-family: Arial;\"><span style=\"mso-list: Ignore;\">&#8211;<span style=\"font: 7.0pt 'Times New Roman';\">\u00a0\u00a0\u00a0\u00a0\u00a0\u00a0 <\/span><\/span><\/span><span style=\"font-family: 'Arial','sans-serif'; color: black;\">Sin duda alguna de \u201cLa Casa de Bernarda Alba\u201d y \u201cTres Sombreros de Copa\u201d.<\/span><\/p>\n<p class=\"MsoNormal\" style=\"margin-left: 53.4pt; text-align: justify; text-indent: -18.0pt; mso-list: l0 level1 lfo1; tab-stops: list 53.4pt;\"><span style=\"font-family: 'Arial','sans-serif'; mso-fareast-font-family: Arial;\"><span style=\"mso-list: Ignore;\">&#8211;<span style=\"font: 7.0pt 'Times New Roman';\">\u00a0\u00a0\u00a0\u00a0\u00a0\u00a0 <\/span><\/span><\/span><strong style=\"mso-bidi-font-weight: normal;\"><em style=\"mso-bidi-font-style: normal;\"><span style=\"font-family: 'Arial','sans-serif'; color: black;\">Al tener que dejar yo la direcci\u00f3n del grupo por motivos de salud, se hizo cargo la veterana del grupo, M\u00aa Jes\u00fas Juan. \u00bfQu\u00e9 pas\u00f3 desde entonces?<\/span><\/em><\/strong><\/p>\n<p class=\"MsoNormal\" style=\"margin-left: 53.4pt; text-align: justify; text-indent: -18.0pt; mso-list: l0 level1 lfo1; tab-stops: list 53.4pt;\"><span style=\"font-family: 'Arial','sans-serif'; mso-fareast-font-family: Arial;\"><span style=\"mso-list: Ignore;\">&#8211;<span style=\"font: 7.0pt 'Times New Roman';\">\u00a0\u00a0\u00a0\u00a0\u00a0\u00a0 <\/span><\/span><\/span><span style=\"font-family: 'Arial','sans-serif'; color: black;\">Si, M\u00aa Jes\u00fas estuvo dos a\u00f1os y yo entre comillas, le sustitu\u00ed un poco por causas de salud en su casa, y siguiendo las pautas marcadas por ella.<\/span><\/p>\n<p class=\"MsoNormal\" style=\"margin-left: 53.4pt; text-align: justify; text-indent: -18.0pt; mso-list: l0 level1 lfo1; tab-stops: list 53.4pt;\"><span style=\"font-family: 'Arial','sans-serif'; mso-fareast-font-family: Arial;\"><span style=\"mso-list: Ignore;\">&#8211;<span style=\"font: 7.0pt 'Times New Roman';\">\u00a0\u00a0\u00a0\u00a0\u00a0\u00a0 <\/span><\/span><\/span><strong style=\"mso-bidi-font-weight: normal;\"><em style=\"mso-bidi-font-style: normal;\"><span style=\"font-family: 'Arial','sans-serif'; color: black;\">\u00bfTambi\u00e9n aparte del Grup El Bunyol, has dirigido en otras ocasiones?<\/span><\/em><\/strong><\/p>\n<p class=\"MsoNormal\" style=\"margin-left: 53.4pt; text-align: justify; text-indent: -18.0pt; mso-list: l0 level1 lfo1; tab-stops: list 53.4pt;\"><span style=\"font-family: 'Arial','sans-serif'; mso-fareast-font-family: Arial;\"><span style=\"mso-list: Ignore;\">&#8211;<span style=\"font: 7.0pt 'Times New Roman';\">\u00a0\u00a0\u00a0\u00a0\u00a0\u00a0 <\/span><\/span><\/span><span style=\"font-family: 'Arial','sans-serif'; color: black;\">Si, cuando fui festera de la Virgen de Loreto, preparamos la obra \u201cMelocot\u00f3n en Alm\u00edbar\u201d para recaudar fondos. Tambi\u00e9n \u201cNelo Bacora\u201d para la Comparsa \u201cXirigotes\u201d. Y \u00faltimamente con las mujeres del grupo \u201cEl Bunyol con la obra \u201cO no ser dona\u201d cuya recaudaci\u00f3n en especies fue entregada a C\u00e1ritas. <\/span><\/p>\n<p class=\"MsoNormal\" style=\"margin-left: 53.4pt; text-align: justify; text-indent: -18.0pt; mso-list: l0 level1 lfo1; tab-stops: list 53.4pt;\"><span style=\"font-family: 'Arial','sans-serif'; mso-fareast-font-family: Arial;\"><span style=\"mso-list: Ignore;\">&#8211;<span style=\"font: 7.0pt 'Times New Roman';\">\u00a0\u00a0\u00a0\u00a0\u00a0\u00a0 <\/span><\/span><\/span><strong style=\"mso-bidi-font-weight: normal;\"><em style=\"mso-bidi-font-style: normal;\"><span style=\"font-family: 'Arial','sans-serif'; color: black;\">\u00bfQue me dices de \u201cArrumacos\u201d que estrenareis el pr\u00f3ximo viernes?<\/span><\/em><\/strong><\/p>\n<p class=\"MsoNormal\" style=\"margin-left: 53.4pt; text-align: justify; text-indent: -18.0pt; mso-list: l0 level1 lfo1; tab-stops: list 53.4pt;\"><span style=\"font-family: 'Arial','sans-serif'; mso-fareast-font-family: Arial;\"><span style=\"mso-list: Ignore;\">&#8211;<span style=\"font: 7.0pt 'Times New Roman';\">\u00a0\u00a0\u00a0\u00a0\u00a0\u00a0 <\/span><\/span><\/span><span style=\"font-family: 'Arial','sans-serif'; color: black;\">Arrumacos trata de todas las situaciones que se dan en el amor, enlazadas en trozos de canciones conocidas por todos. Es una versi\u00f3n libre que hemos hecho. Tiene mucha m\u00fasica, se canta, se baila y las canciones son de una \u00e9poca que la mayor\u00eda de la gente conoce. Puede que en algunas escenificaciones, la gente se sienta identificada. Es un poco picante, pero es la vida misma.<\/span><\/p>\n<p class=\"MsoNormal\" style=\"margin-left: 53.4pt; text-align: justify; text-indent: -18.0pt; mso-list: l0 level1 lfo1; tab-stops: list 53.4pt;\"><span style=\"font-family: 'Arial','sans-serif'; mso-fareast-font-family: Arial;\"><span style=\"mso-list: Ignore;\">&#8211;<span style=\"font: 7.0pt 'Times New Roman';\">\u00a0\u00a0\u00a0\u00a0\u00a0\u00a0 <\/span><\/span><\/span><strong style=\"mso-bidi-font-weight: normal;\"><em style=\"mso-bidi-font-style: normal;\"><span style=\"font-family: 'Arial','sans-serif'; color: black;\">\u00bfComo responde el grupo?<\/span><\/em><\/strong><\/p>\n<p class=\"MsoNormal\" style=\"margin-left: 53.4pt; text-align: justify; text-indent: -18.0pt; mso-list: l0 level1 lfo1; tab-stops: list 53.4pt;\"><span style=\"font-family: 'Arial','sans-serif'; mso-fareast-font-family: Arial;\"><span style=\"mso-list: Ignore;\">&#8211;<span style=\"font: 7.0pt 'Times New Roman';\">\u00a0\u00a0\u00a0\u00a0\u00a0\u00a0 <\/span><\/span><\/span><span style=\"font-family: 'Arial','sans-serif'; color: black;\">El grupo est\u00e1 respondiendo muy bien. La obra es muy divertida, todos han asimilado su papel y est\u00e1 saliendo s\u00faper bien. Puntualidad en los ensayos. Ensayos completos. Todo muy bien.<\/span><\/p>\n<p class=\"MsoNormal\" style=\"margin-left: 53.4pt; text-align: justify; text-indent: -18.0pt; mso-list: l0 level1 lfo1; tab-stops: list 53.4pt;\"><span style=\"font-family: 'Arial','sans-serif'; mso-fareast-font-family: Arial;\"><span style=\"mso-list: Ignore;\">&#8211;<span style=\"font: 7.0pt 'Times New Roman';\">\u00a0\u00a0\u00a0\u00a0\u00a0\u00a0 <\/span><\/span><\/span><strong style=\"mso-bidi-font-weight: normal;\"><em style=\"mso-bidi-font-style: normal;\"><span style=\"font-family: 'Arial','sans-serif'; color: black;\">\u00bfQuer\u00edas a\u00f1adir algo m\u00e1s?<\/span><\/em><\/strong><\/p>\n<p class=\"MsoNormal\" style=\"margin-left: 53.4pt; text-align: justify; text-indent: -18.0pt; mso-list: l0 level1 lfo1; tab-stops: list 53.4pt;\"><span style=\"font-family: 'Arial','sans-serif'; mso-fareast-font-family: Arial;\"><span style=\"mso-list: Ignore;\">&#8211;<span style=\"font: 7.0pt 'Times New Roman';\">\u00a0\u00a0\u00a0\u00a0\u00a0\u00a0 <\/span><\/span><\/span><span style=\"font-family: 'Arial','sans-serif'; color: black;\"><span style=\"mso-spacerun: yes;\">\u00a0<\/span>Quer\u00eda dar las gracias a todo el Grupo el Bunyol, tanto a los int\u00e9rpretes como a los que hacen su trabajo entre bambalinas. Se est\u00e1n portando todos, s\u00faper bien conmigo. A ti, por dejarme paso y ense\u00f1arme algo. A M\u00aa Jes\u00fas que tambi\u00e9n me ha ense\u00f1ado mucho a trabajar. Yo estoy cogiendo las ense\u00f1anzas de parte de unos y parte de otros y a todos quiero expresar mi agradecimiento. <\/span><\/p>\n<p class=\"MsoNormal\" style=\"margin-left: 53.4pt; text-align: justify;\"><span style=\"font-family: 'Arial','sans-serif'; color: black;\">Sobre la obra decir que tengo la preocupaci\u00f3n que lleva todos los<span style=\"mso-spacerun: yes;\">\u00a0\u00a0 <\/span>estrenos, pero espero que salga lo mejor posible.<\/span><\/p>\n<p class=\"MsoNormal\" style=\"margin-left: 53.4pt; text-align: justify; text-indent: -18.0pt; mso-list: l0 level1 lfo1; tab-stops: list 53.4pt;\"><span style=\"font-family: 'Arial','sans-serif'; mso-fareast-font-family: Arial; color: black;\"><span style=\"mso-list: Ignore;\">&#8211;<span style=\"font: 7.0pt 'Times New Roman';\">\u00a0\u00a0\u00a0\u00a0\u00a0\u00a0 <\/span><\/span><\/span><strong style=\"mso-bidi-font-weight: normal;\"><em style=\"mso-bidi-font-style: normal;\"><span style=\"font-family: 'Arial','sans-serif'; color: black;\">As\u00ed lo deseamos tambi\u00e9n nosotros, Maite.<\/span><\/em><\/strong><\/p>\n<p class=\"MsoNormal\" style=\"text-align: justify;\"><span style=\"font-family: 'Arial','sans-serif'; color: black;\">Pepe Aparici,<\/span><\/p>\n<p class=\"MsoNormal\" style=\"text-align: justify;\"><span style=\"font-family: 'Arial','sans-serif'; color: black;\">L\u2019Olleria 21 de abril de 2013.<span style=\"mso-spacerun: yes;\">\u00a0\u00a0\u00a0\u00a0\u00a0\u00a0\u00a0\u00a0 <\/span><span style=\"mso-spacerun: yes;\">\u00a0<\/span><span style=\"mso-spacerun: yes;\">\u00a0<\/span><span style=\"mso-spacerun: yes;\">\u00a0\u00a0<\/span><\/span><\/p>\n<p>&nbsp;<\/p>\n<p>&nbsp;<\/p>\n<p class=\"MsoNormal\" style=\"margin-left: 35.4pt; text-align: justify; text-indent: 18.0pt;\"><a href=\"http:\/\/www.portaldelolleria.es\/wp-content\/uploads\/2013\/04\/bu\u00f1ol21.jpg\"><img loading=\"lazy\" class=\"aligncenter size-full wp-image-2815\" title=\"programa arrumacos\" src=\"http:\/\/www.portaldelolleria.es\/wp-content\/uploads\/2013\/04\/bu\u00f1ol21.jpg\" alt=\"\" width=\"598\" height=\"832\" srcset=\"http:\/\/www.portaldelolleria.es\/wp-content\/uploads\/2013\/04\/bu\u00f1ol21.jpg 598w, http:\/\/www.portaldelolleria.es\/wp-content\/uploads\/2013\/04\/bu\u00f1ol21-215x300.jpg 215w\" sizes=\"(max-width: 598px) 100vw, 598px\" \/><\/a><\/p>\n<p class=\"MsoNormal\" style=\"margin-left: 35.4pt; text-align: justify; text-indent: 18.0pt;\"><a href=\"http:\/\/www.portaldelolleria.es\/wp-content\/uploads\/2013\/04\/bu\u00f1ol3.jpg\"><img loading=\"lazy\" class=\"aligncenter size-full wp-image-2811\" title=\"bu\u00f1ol3\" src=\"http:\/\/www.portaldelolleria.es\/wp-content\/uploads\/2013\/04\/bu\u00f1ol3.jpg\" alt=\"\" width=\"598\" height=\"823\" srcset=\"http:\/\/www.portaldelolleria.es\/wp-content\/uploads\/2013\/04\/bu\u00f1ol3.jpg 598w, http:\/\/www.portaldelolleria.es\/wp-content\/uploads\/2013\/04\/bu\u00f1ol3-217x300.jpg 217w\" sizes=\"(max-width: 598px) 100vw, 598px\" \/><\/a><\/p>\n<p>&nbsp;<\/p>\n<p>&nbsp;<\/p>\n<p>&nbsp;<\/p>\n","protected":false},"excerpt":{"rendered":"<p>\u00a0NOTA INFORMATIVA:\u00a0\u00a0 POR RAZONES DE FUERZA MAYOR QUEDAN SUSPENDIDAS TODAS LAS FUNCIONES. El Grupo de Teatro \u00abEl Bunyol\u00bb, estrena el pr\u00f3ximo fin de semana\u00a0 la comedia \u00abarrumacos\u00bb , en el Teatro Goya,\u00a0 con tres funciones,\u00a0\u00a0 el viernes a las 22:30h,\u00a0 el s\u00e1bado a las 22:30h\u00a0 y el domingo a las 19:00h.\u00a0 Los precios de platea [&hellip;]<\/p>\n","protected":false},"author":2,"featured_media":0,"comment_status":"closed","ping_status":"open","sticky":false,"template":"","format":"standard","meta":{"_monsterinsights_skip_tracking":false,"_monsterinsights_sitenote_active":false,"_monsterinsights_sitenote_note":"","_monsterinsights_sitenote_category":0},"categories":[15,12],"tags":[653,652,226,20,130],"_links":{"self":[{"href":"http:\/\/www.portaldelolleria.es\/index.php?rest_route=\/wp\/v2\/posts\/2810"}],"collection":[{"href":"http:\/\/www.portaldelolleria.es\/index.php?rest_route=\/wp\/v2\/posts"}],"about":[{"href":"http:\/\/www.portaldelolleria.es\/index.php?rest_route=\/wp\/v2\/types\/post"}],"author":[{"embeddable":true,"href":"http:\/\/www.portaldelolleria.es\/index.php?rest_route=\/wp\/v2\/users\/2"}],"replies":[{"embeddable":true,"href":"http:\/\/www.portaldelolleria.es\/index.php?rest_route=%2Fwp%2Fv2%2Fcomments&post=2810"}],"version-history":[{"count":3,"href":"http:\/\/www.portaldelolleria.es\/index.php?rest_route=\/wp\/v2\/posts\/2810\/revisions"}],"predecessor-version":[{"id":2818,"href":"http:\/\/www.portaldelolleria.es\/index.php?rest_route=\/wp\/v2\/posts\/2810\/revisions\/2818"}],"wp:attachment":[{"href":"http:\/\/www.portaldelolleria.es\/index.php?rest_route=%2Fwp%2Fv2%2Fmedia&parent=2810"}],"wp:term":[{"taxonomy":"category","embeddable":true,"href":"http:\/\/www.portaldelolleria.es\/index.php?rest_route=%2Fwp%2Fv2%2Fcategories&post=2810"},{"taxonomy":"post_tag","embeddable":true,"href":"http:\/\/www.portaldelolleria.es\/index.php?rest_route=%2Fwp%2Fv2%2Ftags&post=2810"}],"curies":[{"name":"wp","href":"https:\/\/api.w.org\/{rel}","templated":true}]}}