{"id":28106,"date":"2022-01-31T20:18:00","date_gmt":"2022-01-31T18:18:00","guid":{"rendered":"http:\/\/www.portaldelolleria.es\/?p=28106"},"modified":"2022-01-31T22:23:02","modified_gmt":"2022-01-31T20:23:02","slug":"indignacion-justificada-en-las-filas-ollerienses-tras-la-ultima-jornada","status":"publish","type":"post","link":"http:\/\/www.portaldelolleria.es\/?p=28106","title":{"rendered":"Indignaci\u00f3n justificada en las filas ollerienses tras la \u00faltima jornada"},"content":{"rendered":"<p><a href=\"http:\/\/www.portaldelolleria.es\/wp-content\/uploads\/2022\/01\/jornada18.jpg\"><img loading=\"lazy\" class=\"aligncenter size-full wp-image-28108\" title=\"jornada18\" src=\"http:\/\/www.portaldelolleria.es\/wp-content\/uploads\/2022\/01\/jornada18.jpg\" alt=\"\" width=\"598\" height=\"387\" srcset=\"http:\/\/www.portaldelolleria.es\/wp-content\/uploads\/2022\/01\/jornada18.jpg 598w, http:\/\/www.portaldelolleria.es\/wp-content\/uploads\/2022\/01\/jornada18-300x194.jpg 300w\" sizes=\"(max-width: 598px) 100vw, 598px\" \/><\/a><strong>La Nucia B 5-0 L&#8217;Olleria CF<\/strong><\/p>\n<p style=\"text-align: justify;\">L&#8217;Olleria vuelve de vacio e indignado con la labor arbitral en su visita a la Nucia.<\/p>\n<p style=\"text-align: justify;\">El encuentro fu\u00e9 bastante competido hasta el minuto 52. Ambos equipos disfrutaron de ocasiones para mover el marcador, pero de todas ellas, fueron los locales los que aprovecharon un fallo defensivo (18&#8242;) para adelantarse en el partido.<\/p>\n<p style=\"text-align: justify;\">En la reanudaci\u00f3n cuando los ollerienses estaban progresando en su juego, llegaba al minuto 52&#8242;. Tras un saque largo de Dani Cerd\u00e0 hac\u00eda la posici\u00f3n de Balbastre, este se sald\u00f3 con un \u00abagresi\u00f3n camuflada\u00bb en un bal\u00f3n dividido. El defensor sab\u00eda por donde ven\u00eda el bal\u00f3n y ve\u00eda al\u00a0 jugador visitante que corr\u00eda hacia atr\u00e1s en busca del bal\u00f3n. Balbastre era ajeno al golpe que le esperaba. El despeje fu\u00e9 \u00abadornado\u00bb con un codo a la altura del\u00a0 cuello del delantero olleriense. (con el peligro que\u00a0 supone una lesi\u00f3n cervical).<\/p>\n<p style=\"text-align: justify;\">Un trio arbitral normal como m\u00ednimo resuelve la situaci\u00f3n con una amarilla, falta y por supuesto <strong>requiriendo a las asistencias inmeditamente<\/strong>. Un trio arbitral m\u00e1s experimentado, manda al defensor al vestuario. Pero en este caso, tomaron la peor decisi\u00f3n posible, no se atrevieron a pitar lo que todo el mundo vi\u00f3, con la mala fortuna de que el despeje del bal\u00f3n fu\u00e9 a parar a un delantero que tan s\u00f3lo tuvo que seguir su trayectoria, para rematar el 2-0. Lo que otorgaba mayor dimensi\u00f3n a la clamorosa deficiencia arbitral. Ah\u00ed se acab\u00f3 el partido para l&#8217;Olleria, entre la indignaci\u00f3n y la rabia, el equipo no pod\u00eda volver a centrar todos sus sentidos en el encuentro.<\/p>\n<p style=\"text-align: justify;\">A partir de ese momento lo que sobrevuela sobre los ollerienses, es la impotencia de como un<strong> trio de ineptos<\/strong>, acaban con el trabajo de una semana por no estar a la altura. No hablamos de un error arbitral que te hace perder un partido, o una tarde desafortunada que la tiene cualquiera. Hablamos de una acci\u00f3n puntual, donde un jugador ca\u00e9 fulminado por otro en una supuesta pugna por el bal\u00f3n, y entre los tres, ninguno se atrevi\u00f3 a se\u00f1alar una falta evidente. Tres no cometen el mismo error a la vez, es una carencia t\u00e9cnica inaceptable por falta de determinaci\u00f3n.<\/p>\n<p style=\"text-align: justify;\">L&#8217;Olleria vuelve de vacio y goleado desde Alicante. No creo que a estas alturas a ning\u00fan aficionado olleriense le importe mucho ni esos tres puntos ni los cinco goles. Hay hechos m\u00e1s relevantes que un resultado y \u00e9s en estas situaciones cuando los equipos se dan cuenta de la calidad humana que poseen. L&#8217;Olleria est\u00e1 conformado por un grupo que se refuerza moralmente en todo tipo de situaciones, por que las afrontan conjuntamente y esta no iba a ser una excepci\u00f3n. Es m\u00e1s habr\u00eda que felicitarlos por \u00abno perder los papeles\u00bb con lo que han\u00a0 evitado males mayores.<\/p>\n<p style=\"text-align: justify;\">La pr\u00f3xima jornada ser\u00e1 el 13 de febrero, frente a Tavernes de Valldigna en La Solana. Equipo que acaba de perder la segunda plaza pero que no renunciar\u00e1 a seguir luchando por ella. Ser\u00e1 un buen encuentro ante un equipo que pone m\u00e1s enfasis en atacar que defender.<\/p>\n<p style=\"text-align: justify;\">El resto de la jornada nos deja a un CF Gand\u00eda jugando su liga particular en lo alto de la tabla, a Ontinyent reci\u00e9n instalado en la otra plaza de ascenso, y Tavernes y D\u00e9nia trantando de entrar en esa codiciada segunda plaza. L&#8217;Olleria baja a la 7\u00aa plaza empatado a puntos con el 5\u00ba y el 6\u00ba. En la parte baja el Atletico Benidorm entra en serios problemas al distanciarse a 6 puntos de la salvaci\u00f3n.<\/p>\n<p style=\"text-align: justify;\"><a href=\"https:\/\/www.facebook.com\/olleracf\/videos\/683834662777889\" target=\"_blank\">ver jugada de la falta previa al segundo gol<\/a> (facebook)<\/p>\n<p style=\"text-align: justify;\"><strong>FICHA T\u00c9CNICA:<\/strong><\/p>\n<p>CF LA NUC\u00cdA B: Molt\u00f3; Mario Izquierdo, Rodri, Pablo Ruiz (Rivera, 65&#8242;), Juande Garc\u00eda (Monerris, 65&#8242;), H\u00e9ctor (Marc Miralles, 73&#8242;), Caler (Jacob, 65&#8242;), Ismael Mart\u00edn (Hugo Tej\u00f3n, 73&#8242;), Mario Espinosa, V\u00edctor Savall y Murillo.<\/p>\n<p>L&#8217;OLLERIA CF: Dani Cerd\u00e0; Domi, Marco Ferrer, Borja Borred\u00e1 (Nico Albi\u00f1ana, 46&#8242;), Emilio Gil (Carlos Mu\u00f1oz, 65&#8242;), Christian Escriv\u00e1 (Javi Balbastre, 6&#8242;), Sergio Fuentes (Eric Valiente, 65&#8242;), Emilio Ortol\u00e0 &#8216;Gatu&#8217; , Quico Va\u00f1\u00f3, Gonza y Ra\u00fal Moll\u00e1 (Bena, 75&#8242;).<\/p>\n<div id=\"attachment_28107\" style=\"width: 602px\" class=\"wp-caption aligncenter\"><a href=\"http:\/\/www.portaldelolleria.es\/wp-content\/uploads\/2022\/01\/jornada18nucia_clas.jpg\"><img aria-describedby=\"caption-attachment-28107\" loading=\"lazy\" class=\"size-full wp-image-28107\" title=\"jornada18nucia_clas\" src=\"http:\/\/www.portaldelolleria.es\/wp-content\/uploads\/2022\/01\/jornada18nucia_clas.jpg\" alt=\"\" width=\"592\" height=\"516\" srcset=\"http:\/\/www.portaldelolleria.es\/wp-content\/uploads\/2022\/01\/jornada18nucia_clas.jpg 592w, http:\/\/www.portaldelolleria.es\/wp-content\/uploads\/2022\/01\/jornada18nucia_clas-300x261.jpg 300w\" sizes=\"(max-width: 592px) 100vw, 592px\" \/><\/a><p id=\"caption-attachment-28107\" class=\"wp-caption-text\">www.resultados-futbol.com<\/p><\/div>\n","protected":false},"excerpt":{"rendered":"<p><!--:es--> <!--:--><\/p>\n","protected":false},"author":1,"featured_media":0,"comment_status":"closed","ping_status":"open","sticky":false,"template":"","format":"standard","meta":{"_monsterinsights_skip_tracking":false,"_monsterinsights_sitenote_active":false,"_monsterinsights_sitenote_note":"","_monsterinsights_sitenote_category":0},"categories":[9,12],"tags":[],"_links":{"self":[{"href":"http:\/\/www.portaldelolleria.es\/index.php?rest_route=\/wp\/v2\/posts\/28106"}],"collection":[{"href":"http:\/\/www.portaldelolleria.es\/index.php?rest_route=\/wp\/v2\/posts"}],"about":[{"href":"http:\/\/www.portaldelolleria.es\/index.php?rest_route=\/wp\/v2\/types\/post"}],"author":[{"embeddable":true,"href":"http:\/\/www.portaldelolleria.es\/index.php?rest_route=\/wp\/v2\/users\/1"}],"replies":[{"embeddable":true,"href":"http:\/\/www.portaldelolleria.es\/index.php?rest_route=%2Fwp%2Fv2%2Fcomments&post=28106"}],"version-history":[{"count":4,"href":"http:\/\/www.portaldelolleria.es\/index.php?rest_route=\/wp\/v2\/posts\/28106\/revisions"}],"predecessor-version":[{"id":28112,"href":"http:\/\/www.portaldelolleria.es\/index.php?rest_route=\/wp\/v2\/posts\/28106\/revisions\/28112"}],"wp:attachment":[{"href":"http:\/\/www.portaldelolleria.es\/index.php?rest_route=%2Fwp%2Fv2%2Fmedia&parent=28106"}],"wp:term":[{"taxonomy":"category","embeddable":true,"href":"http:\/\/www.portaldelolleria.es\/index.php?rest_route=%2Fwp%2Fv2%2Fcategories&post=28106"},{"taxonomy":"post_tag","embeddable":true,"href":"http:\/\/www.portaldelolleria.es\/index.php?rest_route=%2Fwp%2Fv2%2Ftags&post=28106"}],"curies":[{"name":"wp","href":"https:\/\/api.w.org\/{rel}","templated":true}]}}