{"id":28260,"date":"2022-02-27T11:28:33","date_gmt":"2022-02-27T09:28:33","guid":{"rendered":"http:\/\/www.portaldelolleria.es\/?p=28260"},"modified":"2022-02-27T11:34:24","modified_gmt":"2022-02-27T09:34:24","slug":"%e2%80%9centre-comarques%e2%80%9d-2022-tornen-a-la-vall-d%e2%80%99albaida","status":"publish","type":"post","link":"http:\/\/www.portaldelolleria.es\/?p=28260","title":{"rendered":"\u201cEntre comarques\u201d 2022 tornen a la Vall d\u2019Albaida"},"content":{"rendered":"<p style=\"text-align: justify;\"><a href=\"http:\/\/www.portaldelolleria.es\/wp-content\/uploads\/2022\/02\/entrecomarcas2.jpg\"><img loading=\"lazy\" class=\"aligncenter size-full wp-image-28262\" title=\"entrecomarcas2\" src=\"http:\/\/www.portaldelolleria.es\/wp-content\/uploads\/2022\/02\/entrecomarcas2.jpg\" alt=\"\" width=\"598\" height=\"412\" srcset=\"http:\/\/www.portaldelolleria.es\/wp-content\/uploads\/2022\/02\/entrecomarcas2.jpg 598w, http:\/\/www.portaldelolleria.es\/wp-content\/uploads\/2022\/02\/entrecomarcas2-300x206.jpg 300w\" sizes=\"(max-width: 598px) 100vw, 598px\" \/><\/a><\/p>\n<h4 style=\"text-align: justify;\" data-wahfont=\"28\">Les rutes \u201cEntre comarques\u201d 2022 tornen a la Vall d\u2019Albaida amb un aire renovat i amb propostes d\u2019experi\u00e8ncies \u00faniques a les set comarques participants<\/h4>\n<p style=\"text-align: justify;\" data-wahfont=\"14\">a Vall d\u2019Albaida, la Canal de Navarr\u00e9s, la Safor, la Ribera del X\u00faquer, l\u2019Alcoi\u00e0 i el Comtat s\u00f3n les participants del programa tur\u00edstic \u201cEntre comarques\u201d 2022, una iniciativa que compta amb el suport de la Diputaci\u00f3 de Val\u00e8ncia a trav\u00e9s de Val\u00e8ncia Turisme, i que arranca aquest cap de setmana. El Departament de Turisme de la Mancomunitat de Municipis de la Vall d\u2019Albaida, una de les entitats fundadores d\u2019aquest programa junt amb l\u2019\u00e0rea de Turisme del Consorci de la Ribera, encap\u00e7ala un any m\u00e9s el programa per a potenciar l\u2019oferta tur\u00edstica de la nostra comarca.<\/p>\n<p style=\"text-align: justify;\" data-wahfont=\"14\">Aquest any el programa \u201cEntre comarques\u201d s\u2019ha plantejat d\u2019una manera diferent de les anteriors edicions dutes a terme en \u00e8poca prepand\u00e8mica. El turisme i la manera en com ens apropem als productes tur\u00edstics ha canviat substancialment, i \u00e9s per aix\u00f2 que ara s\u2019ha produ\u00eft un canvi de paradigma. Abans el projecte \u201cEntre comarques\u201d estava centrat en les visites culturals als municipis, per\u00f2 s\u2019ha decidit fer un gir cap a les noves corrents de turisme experiencial i actiu. En aquests moments les persones que visiten una zona o regi\u00f3 busquen una experi\u00e8ncia, una viv\u00e8ncia als llocs visitats amb els cinc sentits, a trav\u00e9s de la gastronomia, la cultura, les artesanies o les activitats a l\u2019aire lliure. Per aquest motiu les rutes \u201cEntre comarques\u201d d\u2019aquesta edici\u00f3 estan enfocades a tem\u00e0tiques i experi\u00e8ncies que, moltes vegades, engloben diversos municipis.<\/p>\n<p style=\"text-align: justify;\" data-wahfont=\"14\">Despr\u00e9s de la crisi que ha patit el sector tur\u00edstic, les diferents entitats p\u00fabliques implicades en aquest programa han decidit posar el seu granet de sorra a la recuperaci\u00f3 de totes aquestes empreses tur\u00edstiques de les nostres comarques. Les empreses tur\u00edstiques de la zona han sigut les encarregades de fer un estudi dels productes tur\u00edstics m\u00e9s atractius per poder potenciar-los. Cada visita est\u00e0 organitzada per una empresa tur\u00edstica diferent, i d\u2019aquesta manera se\u2019ls dona l\u2019oportunitat de donar visibilitat al seu treball i professionalitat. Moltes d\u2019aquestes empreses s\u00f3n emprenedors i emprenedores enamorades de la seua terra i que fan valdre tot all\u00f2 que ofereixen d\u2019una manera molt propera.<\/p>\n<p style=\"text-align: justify;\" data-wahfont=\"14\">Amb l\u2019objectiu de reactivar el turisme cap a la nostra comarca, les rutes a la Vall d\u2019Albaida es concentren en quatre caps de setmana des de mar\u00e7 fins a juny, El 5 i 6 de juny la tem\u00e0tica \u00e9s \u201cA toc de campana\u201d que durant dos dies recorrer\u00e0 Albaida, Atzeneta i Ontinyent on les persones visitants podran con\u00e9ixer de primera m\u00e0 la hist\u00f2ria d\u2019aquest ofici centenari amb les colles de campaners i els seus indrets principals, com els antics forns per a la fosa i les campanes fetes peces de museu que durant anys han ressonat als nostres campanars.<\/p>\n<p style=\"text-align: justify;\" data-wahfont=\"14\">El 7 i 8 de maig \u00e9s un cap de setmana dedicat a les rutes emblem\u00e0tiques del Biodivers de Carr\u00edcola i la ruta dels rellotges de sol d\u2019Otos, aix\u00ed com dels oficis tradicionals a l\u2019alm\u00e0ssera i als forns de cal\u00e7 de Llutxent.<\/p>\n<p style=\"text-align: justify;\" data-wahfont=\"14\">El segon cap de setmana de maig, el dissabte 14 i el diumenge 15, estar\u00e0 dedicat a la gastronomia amb la ruta \u201cTasta la Vall\u201d. Un recorregut cultural per l\u2019Olleria, Aielo de Malferit i Agullent amb el fil conductor de l\u2019artesania gastron\u00f2mica a trav\u00e9s dels vins, l&#8217;esmorzar tradicional i els licors locals d\u2019aquests municipis.<\/p>\n<p style=\"text-align: justify;\" data-wahfont=\"14\">L\u2019\u00faltim cap de setmana de juny ser\u00e0 el torn de les \u201cArtesanies singulars de la Vall\u201d on seran protagonistes l\u2019ofici de la cer\u00e0mica i les gerres de Castell\u00f3 de Rugat i el R\u00e0fol de Salem, aix\u00ed com les mantes bocairentines. Unes rutes que ens ofereixen una experi\u00e8ncia completa de l\u2019entorn en el qual van sorgir aquestes artesanies i com van enriquir la hist\u00f2ria i les tradicions que arriben fins a l\u2019actualitat.<\/p>\n<p style=\"text-align: justify;\" data-wahfont=\"14\">En la resta de rutes organitzades a les comarques ve\u00efnes, podrem descobrir la vida dels neandertals a la Cova de Bolomor o l\u2019edat mitjana al Monestir de Santa Maria de la Valldigna,\u00a0 l\u2019\u00e8poca del modernisme a Alcoi, aix\u00ed com altres propostes de turisme actiu com una ruta guiada pel riu X\u00faquer, cicloturisme en els arrossars de Cullera, paddle surf, senderisme per diversos paratges o bird-watching, conegut com a albirament d\u2019aus, i molt m\u00e9s.<\/p>\n<p style=\"text-align: justify;\" data-wahfont=\"14\">Totes les rutes i visites es podran consultar a les xarxes socials de Turisme Vall d\u2019Albaida, aix\u00ed com en totes les webs de les Mancomunitats participants.\u00a0\u00a0\u00a0 (<a href=\"https:\/\/www.valldalbaida.es\/sites\/www.valldalbaida.es\/files\/Im%C3%A1genes\/Turisme\/Cartell_Entre%20Comarques%202022.jpg\" target=\"_blank\">ver calendario oficial<\/a>)<\/p>\n<p style=\"text-align: justify;\" data-wahfont=\"14\"><a href=\"http:\/\/www.portaldelolleria.es\/wp-content\/uploads\/2022\/02\/entrecomarcas.jpg\"><img loading=\"lazy\" class=\"aligncenter size-full wp-image-28261\" title=\"entrecomarcas\" src=\"http:\/\/www.portaldelolleria.es\/wp-content\/uploads\/2022\/02\/entrecomarcas.jpg\" alt=\"\" width=\"598\" height=\"864\" srcset=\"http:\/\/www.portaldelolleria.es\/wp-content\/uploads\/2022\/02\/entrecomarcas.jpg 598w, http:\/\/www.portaldelolleria.es\/wp-content\/uploads\/2022\/02\/entrecomarcas-207x300.jpg 207w\" sizes=\"(max-width: 598px) 100vw, 598px\" \/><\/a><\/p>\n","protected":false},"excerpt":{"rendered":"<p>Les rutes \u201cEntre comarques\u201d 2022 tornen a la Vall d\u2019Albaida amb un aire renovat i amb propostes d\u2019experi\u00e8ncies \u00faniques a les set comarques participants a Vall d\u2019Albaida, la Canal de Navarr\u00e9s, la Safor, la Ribera del X\u00faquer, l\u2019Alcoi\u00e0 i el Comtat s\u00f3n les participants del programa tur\u00edstic \u201cEntre comarques\u201d 2022, una iniciativa que compta amb [&hellip;]<\/p>\n","protected":false},"author":1,"featured_media":0,"comment_status":"closed","ping_status":"open","sticky":false,"template":"","format":"standard","meta":{"_monsterinsights_skip_tracking":false,"_monsterinsights_sitenote_active":false,"_monsterinsights_sitenote_note":"","_monsterinsights_sitenote_category":0},"categories":[171,12],"tags":[],"_links":{"self":[{"href":"http:\/\/www.portaldelolleria.es\/index.php?rest_route=\/wp\/v2\/posts\/28260"}],"collection":[{"href":"http:\/\/www.portaldelolleria.es\/index.php?rest_route=\/wp\/v2\/posts"}],"about":[{"href":"http:\/\/www.portaldelolleria.es\/index.php?rest_route=\/wp\/v2\/types\/post"}],"author":[{"embeddable":true,"href":"http:\/\/www.portaldelolleria.es\/index.php?rest_route=\/wp\/v2\/users\/1"}],"replies":[{"embeddable":true,"href":"http:\/\/www.portaldelolleria.es\/index.php?rest_route=%2Fwp%2Fv2%2Fcomments&post=28260"}],"version-history":[{"count":3,"href":"http:\/\/www.portaldelolleria.es\/index.php?rest_route=\/wp\/v2\/posts\/28260\/revisions"}],"predecessor-version":[{"id":28265,"href":"http:\/\/www.portaldelolleria.es\/index.php?rest_route=\/wp\/v2\/posts\/28260\/revisions\/28265"}],"wp:attachment":[{"href":"http:\/\/www.portaldelolleria.es\/index.php?rest_route=%2Fwp%2Fv2%2Fmedia&parent=28260"}],"wp:term":[{"taxonomy":"category","embeddable":true,"href":"http:\/\/www.portaldelolleria.es\/index.php?rest_route=%2Fwp%2Fv2%2Fcategories&post=28260"},{"taxonomy":"post_tag","embeddable":true,"href":"http:\/\/www.portaldelolleria.es\/index.php?rest_route=%2Fwp%2Fv2%2Ftags&post=28260"}],"curies":[{"name":"wp","href":"https:\/\/api.w.org\/{rel}","templated":true}]}}