{"id":28331,"date":"2022-03-15T22:30:15","date_gmt":"2022-03-15T20:30:15","guid":{"rendered":"http:\/\/www.portaldelolleria.es\/?p=28331"},"modified":"2022-03-15T22:30:22","modified_gmt":"2022-03-15T20:30:22","slug":"se-prolonga-la-mala-racha-de-lolleria-cf","status":"publish","type":"post","link":"http:\/\/www.portaldelolleria.es\/?p=28331","title":{"rendered":"Se prolonga la \u00abmala racha\u00bb de l&#8217;Olleria CF"},"content":{"rendered":"<p><a href=\"http:\/\/www.portaldelolleria.es\/wp-content\/uploads\/2022\/03\/jornada23.jpg\"><img loading=\"lazy\" class=\"aligncenter size-full wp-image-28333\" title=\"jornada23\" src=\"http:\/\/www.portaldelolleria.es\/wp-content\/uploads\/2022\/03\/jornada23.jpg\" alt=\"\" width=\"598\" height=\"388\" srcset=\"http:\/\/www.portaldelolleria.es\/wp-content\/uploads\/2022\/03\/jornada23.jpg 598w, http:\/\/www.portaldelolleria.es\/wp-content\/uploads\/2022\/03\/jornada23-300x194.jpg 300w\" sizes=\"(max-width: 598px) 100vw, 598px\" \/><\/a><\/p>\n<p>Preferente Valenciana\u00a0 Grupo IV\u00a0 &#8211; \u00a0Jornada 23<\/p>\n<p><strong>L&#8217;Olleria CF\u00a0 1-3\u00a0 Racing Benidorm<\/strong><\/p>\n<p>Encuentro que comenz\u00f3 con un minuto de silencio en memoria de Vicente Vila Albi\u00f1ana\u00a0 (Amadeo).<\/p>\n<p>El desarrollo del encuentro fu\u00e9 muy similar a los \u00faltimos disputados por los ollerienses,\u00a0\u00a0 un equipo bien posicionado, pero en plena sequ\u00eda goleadora\u00a0 le lleva a cosechar la cuarta derrota consecutiva y seguir en \u00abcaida libre\u00bb por la tabla clasificatoria.<\/p>\n<p>El primer tiempo comenz\u00f3 con varias ocasiones, alguna muy clara, que l&#8217;Olleria no supo aprovechar,\u00a0 en cinco minutos\u00a0 de 25 al 30&#8242;\u00a0\u00a0 resolv\u00eda el encuentro aprovechando dos fallos defensivos.\u00a0 Los visitantes que tambi\u00e9n generaron alguna ocasi\u00f3n,\u00a0 s\u00f3lo tuvieron que mantener su entramado\u00a0 defensivo y esperar alguna ocasi\u00f3n m\u00e1s.\u00a0\u00a0 La reanudaci\u00f3n\u00a0 comenz\u00f3 como la primera parte, con los locales volcados en buscar la porteria contraria,\u00a0 pero\u00a0 sin la fortuna ni la contundencia de aprovechar ninguna.\u00a0\u00a0\u00a0 La sentencia llegar\u00eda en el 83&#8242;\u00a0 con un disparo que nadie esperaba y sub\u00eda el tercero al marcador.\u00a0\u00a0 El gol olleriense lleg\u00f3 fruto de un penalti pitado cuando se cumplia el tiempo reglamentario.<\/p>\n<p>La pr\u00f3xima jornada l&#8217;Olleria visita el campo de Calpe,\u00a0 equipo situado en el puesto 11 a dos puntos de los ollerienses. Al igual que con el Racing Benidorm, se juegan el puesto en la tabla clasificatoria.<\/p>\n<p>El resto de la jornada, destaca la derrota de Ontinyent en el campo de su inmediato perseguidor, La Nucia, que se sit\u00faa a 5 puntos de esa codiciada segunda plaza para la promoci\u00f3n de ascenso.\u00a0 La pelea en la zona de descenso se amplia y ya implica a la Font d&#8217;Encarros, que ocupa el puesto 12,\u00a0 tras su derrota frente al Pedreger que sale de esa zona y el empate del Contestano frente al l\u00edder.<\/p>\n<p>L\u2019OLLERIA CF: Rub\u00e9n Mart\u00ednez; Bena, Domi (Pitu, 82\u2019), Borja Borreda (Sergio Fuentes, 77\u2019), Emilio Gil, Carlos Mu\u00f1oz (Javi Balbastre, 67\u2019), Emilio Ortol\u00e0, Quico Va\u00f1\u00f3, Nico (Marco Ferrer, 67\u2019), Gonza y Ra\u00fal Moll\u00e1.<\/p>\n<p>RACING BENIDORM: Alvaro; V\u00edctor (Rafa Del Castillo, 70\u2019), Sergio (Iv\u00e1n Gil, 70\u2019), Jos\u00e9 S\u00e1nchez, Gato (Roque, 67\u2019), Patricio (Gianluca, 82\u2019), Bernardo, \u00dabeda, Jos\u00e9 Alberto, Gallego, De La Rosa (Hamza, 82\u2019).<\/p>\n<p>&nbsp;<\/p>\n<p>&nbsp;<\/p>\n<p><a href=\"http:\/\/www.portaldelolleria.es\/wp-content\/uploads\/2022\/03\/jornada23_racing-benidorm.jpg\"><img loading=\"lazy\" class=\"aligncenter size-full wp-image-28332\" title=\"jornada23_racing benidorm\" src=\"http:\/\/www.portaldelolleria.es\/wp-content\/uploads\/2022\/03\/jornada23_racing-benidorm.jpg\" alt=\"\" width=\"607\" height=\"508\" srcset=\"http:\/\/www.portaldelolleria.es\/wp-content\/uploads\/2022\/03\/jornada23_racing-benidorm.jpg 607w, http:\/\/www.portaldelolleria.es\/wp-content\/uploads\/2022\/03\/jornada23_racing-benidorm-300x251.jpg 300w\" sizes=\"(max-width: 607px) 100vw, 607px\" \/><\/a><\/p>\n<p>&nbsp;<\/p>\n<p><iframe loading=\"lazy\" title=\"YouTube video player\" src=\"https:\/\/www.youtube.com\/embed\/Q-7mUQIs2kQ\" frameborder=\"0\" width=\"598\" height=\"369\"><\/iframe><\/p>\n","protected":false},"excerpt":{"rendered":"<p>Preferente Valenciana\u00a0 Grupo IV\u00a0 &#8211; \u00a0Jornada 23 L&#8217;Olleria CF\u00a0 1-3\u00a0 Racing Benidorm Encuentro que comenz\u00f3 con un minuto de silencio en memoria de Vicente Vila Albi\u00f1ana\u00a0 (Amadeo). El desarrollo del encuentro fu\u00e9 muy similar a los \u00faltimos disputados por los ollerienses,\u00a0\u00a0 un equipo bien posicionado, pero en plena sequ\u00eda goleadora\u00a0 le lleva a cosechar la [&hellip;]<\/p>\n","protected":false},"author":1,"featured_media":0,"comment_status":"closed","ping_status":"open","sticky":false,"template":"","format":"standard","meta":{"_monsterinsights_skip_tracking":false,"_monsterinsights_sitenote_active":false,"_monsterinsights_sitenote_note":"","_monsterinsights_sitenote_category":0},"categories":[9,12],"tags":[],"_links":{"self":[{"href":"http:\/\/www.portaldelolleria.es\/index.php?rest_route=\/wp\/v2\/posts\/28331"}],"collection":[{"href":"http:\/\/www.portaldelolleria.es\/index.php?rest_route=\/wp\/v2\/posts"}],"about":[{"href":"http:\/\/www.portaldelolleria.es\/index.php?rest_route=\/wp\/v2\/types\/post"}],"author":[{"embeddable":true,"href":"http:\/\/www.portaldelolleria.es\/index.php?rest_route=\/wp\/v2\/users\/1"}],"replies":[{"embeddable":true,"href":"http:\/\/www.portaldelolleria.es\/index.php?rest_route=%2Fwp%2Fv2%2Fcomments&post=28331"}],"version-history":[{"count":2,"href":"http:\/\/www.portaldelolleria.es\/index.php?rest_route=\/wp\/v2\/posts\/28331\/revisions"}],"predecessor-version":[{"id":28335,"href":"http:\/\/www.portaldelolleria.es\/index.php?rest_route=\/wp\/v2\/posts\/28331\/revisions\/28335"}],"wp:attachment":[{"href":"http:\/\/www.portaldelolleria.es\/index.php?rest_route=%2Fwp%2Fv2%2Fmedia&parent=28331"}],"wp:term":[{"taxonomy":"category","embeddable":true,"href":"http:\/\/www.portaldelolleria.es\/index.php?rest_route=%2Fwp%2Fv2%2Fcategories&post=28331"},{"taxonomy":"post_tag","embeddable":true,"href":"http:\/\/www.portaldelolleria.es\/index.php?rest_route=%2Fwp%2Fv2%2Ftags&post=28331"}],"curies":[{"name":"wp","href":"https:\/\/api.w.org\/{rel}","templated":true}]}}