{"id":28356,"date":"2022-03-30T21:35:24","date_gmt":"2022-03-30T19:35:24","guid":{"rendered":"http:\/\/www.portaldelolleria.es\/?p=28356"},"modified":"2022-03-30T21:35:24","modified_gmt":"2022-03-30T19:35:24","slug":"fira-de-primavera-2022","status":"publish","type":"post","link":"http:\/\/www.portaldelolleria.es\/?p=28356","title":{"rendered":"Fira de Primavera 2022"},"content":{"rendered":"<p><a href=\"http:\/\/www.portaldelolleria.es\/wp-content\/uploads\/2022\/03\/firacomercial.jpg\"><img loading=\"lazy\" class=\"aligncenter size-full wp-image-28357\" title=\"firacomercial\" src=\"http:\/\/www.portaldelolleria.es\/wp-content\/uploads\/2022\/03\/firacomercial.jpg\" alt=\"\" width=\"598\" height=\"399\" srcset=\"http:\/\/www.portaldelolleria.es\/wp-content\/uploads\/2022\/03\/firacomercial.jpg 598w, http:\/\/www.portaldelolleria.es\/wp-content\/uploads\/2022\/03\/firacomercial-300x200.jpg 300w\" sizes=\"(max-width: 598px) 100vw, 598px\" \/><\/a><\/p>\n<p>&nbsp;<\/p>\n<p>&nbsp;<\/p>\n<div dir=\"auto\"><strong><strong>Fira de Primavera <\/strong>2022 en L&#8217;Olleria<\/strong><\/div>\n<div>\n<div dir=\"auto\">La Concejal\u00eda de Promoci\u00f3n Econ\u00f3mica del Ayuntamiento de L&#8217;Olleria con la colaboraci\u00f3n de la Asociaci\u00f3n de Comerciantes, han organizado, un a\u00f1o m\u00e1s, la Feria de Primavera de L&#8217;Olleria. Una feria de tiendas en la calle en la cual participar\u00e1n un total de 18 comercios locales del municipio y que tendr\u00e1 lugar el pr\u00f3ximo s\u00e1bado 2 de abril en la Avenida Jaume I de L&#8217;Olleria.<\/div>\n<\/div>\n<div>\n<div dir=\"auto\">Adem\u00e1s, en este acontecimiento podremos encontrar animaci\u00f3n infantil, sorteo de cheques por valor de 25 \u20ac y m\u00fasica en directo.<\/div>\n<\/div>\n<div dir=\"auto\">Comercios Participantes:<\/div>\n<div dir=\"auto\">Tere Soler Moda<\/div>\n<div dir=\"auto\">Flors Maria Jos\u00e9<\/div>\n<div dir=\"auto\">Maria Roba Puwericultura<\/div>\n<div dir=\"auto\">La Boutique de Amelie<\/div>\n<div dir=\"auto\">Such Impresores<\/div>\n<div dir=\"auto\">Kucaes<\/div>\n<div dir=\"auto\">De Menuts<\/div>\n<div dir=\"auto\">Laratenda<\/div>\n<div dir=\"auto\">La Nova<\/div>\n<div dir=\"auto\">Grastroinsectes<\/div>\n<div dir=\"auto\">Tere Borr\u00e1s<\/div>\n<div dir=\"auto\">David Avila- Family Banker<\/div>\n<div dir=\"auto\">Mimar<\/div>\n<div dir=\"auto\">Bamb\u00fa Cl\u00ednic<\/div>\n<div dir=\"auto\">Abellan Kids<\/div>\n<div dir=\"auto\">Punt i cot\u00f3<\/div>\n<div dir=\"auto\">9 Pentinat<\/div>\n<div dir=\"auto\">__________________________<\/div>\n<div dir=\"auto\">\n<div dir=\"auto\"><span style=\"color: #003366;\"><strong>Fira de Primavera 2022 a L&#8217;Olleria<\/strong><\/span><\/div>\n<div>\n<div dir=\"auto\"><span style=\"color: #003366;\">La Regidoria de Promoci\u00f3 Econ\u00f2mica de l&#8217;Ajuntament de L&#8217;Olleria amb la col\u00b7laboraci\u00f3 de l&#8217;Associaci\u00f3 de Comerciants, han organitzat, un any m\u00e9s, la Fira de Primavera de L&#8217;Olleria. Una fira de botigues al carrer en la qual participaran un total de 18 comer\u00e7os locals del municipi i que tindr\u00e0 lloc el pr\u00f2xim dissabte 2 d&#8217;abril a l&#8217;Avinguda Jaume I de L&#8217;Olleria.<\/span><\/div>\n<\/div>\n<div>\n<div dir=\"auto\"><span style=\"color: #003366;\">A m\u00e9s, en aquest esdeveniment podrem trobar animaci\u00f3 infantil, sorteig de xecs per valor de 25 \u20ac i m\u00fasica en directe.<\/span><\/div>\n<\/div>\n<div dir=\"auto\"><span style=\"color: #003366;\">Comer\u00e7os participants:<\/span><\/div>\n<div dir=\"auto\"><span style=\"color: #003366;\">Tere Soler Moda<\/span><\/div>\n<div dir=\"auto\"><span style=\"color: #003366;\">Flors Maria Jos\u00e9<\/span><\/div>\n<div dir=\"auto\"><span style=\"color: #003366;\">Maria Roba Puwericultura<\/span><\/div>\n<div dir=\"auto\"><span style=\"color: #003366;\">La Boutique de Amelie<\/span><\/div>\n<div dir=\"auto\"><span style=\"color: #003366;\">Such Impresores<\/span><\/div>\n<div dir=\"auto\"><span style=\"color: #003366;\">Kucaes<\/span><\/div>\n<div dir=\"auto\"><span style=\"color: #003366;\">De Menuts<\/span><\/div>\n<div dir=\"auto\"><span style=\"color: #003366;\">Laratenda<\/span><\/div>\n<div dir=\"auto\"><span style=\"color: #003366;\">La Nova<\/span><\/div>\n<div dir=\"auto\"><span style=\"color: #003366;\">Grastroinsectes<\/span><\/div>\n<div dir=\"auto\"><span style=\"color: #003366;\">Tere Borr\u00e1s<\/span><\/div>\n<div dir=\"auto\"><span style=\"color: #003366;\">David Avila- Family Banker<\/span><\/div>\n<div dir=\"auto\"><span style=\"color: #003366;\">Mimar<\/span><\/div>\n<div dir=\"auto\"><span style=\"color: #003366;\">Bamb\u00fa Cl\u00ednic<\/span><\/div>\n<div dir=\"auto\"><span style=\"color: #003366;\">Abellan Kids<\/span><\/div>\n<div dir=\"auto\"><span style=\"color: #003366;\">Punt i cot\u00f3<\/span><\/div>\n<p><span style=\"color: #003366;\">9 Pentinat<\/span><\/p>\n<\/div>\n","protected":false},"excerpt":{"rendered":"<p>&nbsp; &nbsp; Fira de Primavera 2022 en L&#8217;Olleria La Concejal\u00eda de Promoci\u00f3n Econ\u00f3mica del Ayuntamiento de L&#8217;Olleria con la colaboraci\u00f3n de la Asociaci\u00f3n de Comerciantes, han organizado, un a\u00f1o m\u00e1s, la Feria de Primavera de L&#8217;Olleria. Una feria de tiendas en la calle en la cual participar\u00e1n un total de 18 comercios locales del municipio [&hellip;]<\/p>\n","protected":false},"author":1,"featured_media":0,"comment_status":"closed","ping_status":"open","sticky":false,"template":"","format":"standard","meta":{"_monsterinsights_skip_tracking":false,"_monsterinsights_sitenote_active":false,"_monsterinsights_sitenote_note":"","_monsterinsights_sitenote_category":0},"categories":[171,12],"tags":[],"_links":{"self":[{"href":"http:\/\/www.portaldelolleria.es\/index.php?rest_route=\/wp\/v2\/posts\/28356"}],"collection":[{"href":"http:\/\/www.portaldelolleria.es\/index.php?rest_route=\/wp\/v2\/posts"}],"about":[{"href":"http:\/\/www.portaldelolleria.es\/index.php?rest_route=\/wp\/v2\/types\/post"}],"author":[{"embeddable":true,"href":"http:\/\/www.portaldelolleria.es\/index.php?rest_route=\/wp\/v2\/users\/1"}],"replies":[{"embeddable":true,"href":"http:\/\/www.portaldelolleria.es\/index.php?rest_route=%2Fwp%2Fv2%2Fcomments&post=28356"}],"version-history":[{"count":1,"href":"http:\/\/www.portaldelolleria.es\/index.php?rest_route=\/wp\/v2\/posts\/28356\/revisions"}],"predecessor-version":[{"id":28358,"href":"http:\/\/www.portaldelolleria.es\/index.php?rest_route=\/wp\/v2\/posts\/28356\/revisions\/28358"}],"wp:attachment":[{"href":"http:\/\/www.portaldelolleria.es\/index.php?rest_route=%2Fwp%2Fv2%2Fmedia&parent=28356"}],"wp:term":[{"taxonomy":"category","embeddable":true,"href":"http:\/\/www.portaldelolleria.es\/index.php?rest_route=%2Fwp%2Fv2%2Fcategories&post=28356"},{"taxonomy":"post_tag","embeddable":true,"href":"http:\/\/www.portaldelolleria.es\/index.php?rest_route=%2Fwp%2Fv2%2Ftags&post=28356"}],"curies":[{"name":"wp","href":"https:\/\/api.w.org\/{rel}","templated":true}]}}