{"id":2843,"date":"2013-04-24T10:50:56","date_gmt":"2013-04-24T09:50:56","guid":{"rendered":"http:\/\/www.portaldelolleria.es\/?p=2843"},"modified":"2013-04-25T10:59:49","modified_gmt":"2013-04-25T09:59:49","slug":"david-tolsa-campeon-autonomico-junior-taekwondo-estela-oltra-gana-el-bronce","status":"publish","type":"post","link":"http:\/\/www.portaldelolleria.es\/?p=2843","title":{"rendered":"David Tols\u00e0, Campe\u00f3n Auton\u00f3mico J\u00fanior Taekwondo, Estela Oltra gana el Bronce."},"content":{"rendered":"<p><a href=\"http:\/\/www.portaldelolleria.es\/wp-content\/uploads\/2013\/04\/david-y-estela.jpg\"><img loading=\"lazy\" class=\"aligncenter size-full wp-image-2845\" title=\"david y estela\" src=\"http:\/\/www.portaldelolleria.es\/wp-content\/uploads\/2013\/04\/david-y-estela.jpg\" alt=\"\" width=\"598\" height=\"398\" srcset=\"http:\/\/www.portaldelolleria.es\/wp-content\/uploads\/2013\/04\/david-y-estela.jpg 598w, http:\/\/www.portaldelolleria.es\/wp-content\/uploads\/2013\/04\/david-y-estela-300x199.jpg 300w\" sizes=\"(max-width: 598px) 100vw, 598px\" \/><\/a><\/p>\n<p>&nbsp;<\/p>\n<p>&nbsp;<\/p>\n<p class=\"MsoNormal\"><span style=\"font-size: 12.0pt; line-height: 115%; font-family: 'Times New Roman','serif'; mso-fareast-font-family: 'Times New Roman'; mso-fareast-language: ES; mso-bidi-font-weight: bold;\"><span style=\"mso-spacerun: yes;\">\u00a0 <\/span>Este s\u00e1bado 20 en la poblaci\u00f3n alicantina de Finestrat se celebr\u00f3 el campeonato auton\u00f3mico de Taekwondo en la categor\u00eda junior, que es clasificatorio para el campeonato de Espa\u00f1a que se realizar\u00e1 los pr\u00f3ximos d\u00edas 25-26 de mayo en Marine d&#8217;Or de Castell\u00f3n. Nuestros competidores fueron; David Tols\u00e0 en -45kg y Estela Oltra en -52Kg. Tambi\u00e9n en esta categor\u00eda tenemos a Iris Armero, que en esta ocasi\u00f3n no pudo competir por lesi\u00f3n. Tanto David como Estela, debutan en esta categor\u00eda.<\/span><\/p>\n<p class=\"MsoNormal\"><span style=\"font-size: 12.0pt; line-height: 115%; font-family: 'Times New Roman','serif'; mso-fareast-font-family: 'Times New Roman'; mso-fareast-language: ES; mso-bidi-font-weight: bold;\"><span style=\"mso-spacerun: yes;\">\u00a0 <\/span>David ten\u00eda tres combates para poder llegar a la final, el primero le tocaba a su amigo del Furyo de Alicante Jos\u00e9 I. Mu\u00f1oz (Pepe), que al no presentarse pas\u00f3 David a las semifinales, all\u00ed le esperaba Victor Selma del Olimpo de Sedav\u00ed, que ya compet\u00eda el a\u00f1o pasado en esta categor\u00eda, hicieron un buen combate, David ganaba por 8-6, accediendo as\u00ed a la final donde le<span style=\"mso-spacerun: yes;\">\u00a0 <\/span>esperaba el \u00bbfavorito\u00bb en este peso para llevarse el campeonato Cristian Esteve del KTK de Valencia. En una final muy igualada y en un gran combate por parte de los dos, nuestro competidor gan\u00f3 por 12-11,<span style=\"mso-spacerun: yes;\">\u00a0 <\/span>ganando as\u00ed la medalla de oro que le da muchas opciones para ir al campeonato de Espa\u00f1a, ya que como pas\u00f3 en la otra categor\u00eda, se la jugar\u00e1n los dos competidores en la copa. <\/span><\/p>\n<p class=\"MsoNormal\"><span style=\"font-size: 12.0pt; line-height: 115%; font-family: 'Times New Roman','serif'; mso-fareast-font-family: 'Times New Roman'; mso-fareast-language: ES; mso-bidi-font-weight: bold;\"><span style=\"mso-spacerun: yes;\">\u00a0 <\/span>Por otra parte Estela Oltra ten\u00eda que hacer dos combates para llegar a su final, donde le esperaba la siempre complicada Noelia Redondo del Olimpo. Estela en la semifinal compiti\u00f3 contra Andrea Garc\u00eda del Taekwondo Castell\u00f3n en un complicado combate, que domin\u00f3 Estela en los dos primeros asaltos, en el tercero remonto la castellonense, acabando el combate 8-11, decir que Estela est\u00e1 saliendo de una lesi\u00f3n que le manten\u00eda apartada de los entrenamientos y competici\u00f3n los \u00faltimos cuatro meses y no est\u00e1 al 100%, as\u00ed y todo gan\u00f3 el bronce y tambi\u00e9n la clasificaci\u00f3n para la copa del pr\u00f3ximo 11 de mayo. <\/span><\/p>\n<p class=\"MsoNormal\"><span style=\"font-size: 12.0pt; line-height: 115%; font-family: 'Times New Roman','serif'; mso-fareast-font-family: 'Times New Roman'; mso-fareast-language: ES; mso-bidi-font-weight: bold;\"><span style=\"mso-spacerun: yes;\">\u00a0 <\/span>Desearles mucha suerte a nuestros dos competidores para la copa y as\u00ed poder<\/span><span style=\"font-size: 12.0pt; line-height: 115%; font-family: 'Times New Roman','serif'; mso-fareast-font-family: 'Times New Roman'; mso-fareast-language: ES; mso-bidi-font-weight: bold;\">contaros su clasificaci\u00f3n para el campeonato de Espa\u00f1a y como no, haber si repetimos el \u00e9xito del a\u00f1o pasado donde Estela Oltra se proclam\u00f3 subcampeona de Espa\u00f1a en categor\u00eda cadete.<\/span><\/p>\n<p class=\"MsoNormal\"><span style=\"font-size: 12.0pt; line-height: 115%; font-family: 'Times New Roman','serif'; mso-fareast-font-family: 'Times New Roman'; mso-fareast-language: ES; mso-bidi-font-weight: bold;\"><span style=\"mso-spacerun: yes;\">\u00a0 <\/span><span style=\"mso-spacerun: yes;\">\u00a0<\/span>Tambi\u00e9n decir que esta semana nuestros competidores de las EEM. de Taekwondo, participaran en la IV liguilla que se celebrar\u00e1 en Gand\u00eda este s\u00e1bado 27 de abril donde buscar\u00e1n la clasificaci\u00f3n para la grande final, nuestros competidores para este s\u00e1bado ser\u00e1n, <span style=\"mso-spacerun: yes;\">\u00a0<\/span>por categor\u00edas:<\/span><\/p>\n<p class=\"MsoNormal\" style=\"margin-bottom: .0001pt;\"><span style=\"font-size: 12.0pt; line-height: 115%; font-family: 'Times New Roman','serif'; mso-fareast-font-family: 'Times New Roman'; mso-fareast-language: ES; mso-bidi-font-weight: bold;\"><span style=\"mso-spacerun: yes;\">\u00a0<\/span>-PRECADETES: Ra\u00fcl Tols\u00e0 y Marcel Mart\u00ed. <\/span><\/p>\n<p class=\"MsoNormal\" style=\"margin-bottom: .0001pt;\"><span style=\"font-size: 12.0pt; line-height: 115%; font-family: 'Times New Roman','serif'; mso-fareast-font-family: 'Times New Roman'; mso-fareast-language: ES; mso-bidi-font-weight: bold;\">-CADETES: Borja Garc\u00eda, Mohamed y Mireya Giner. <\/span><\/p>\n<p class=\"MsoNormal\" style=\"margin-bottom: .0001pt;\"><span style=\"font-size: 12.0pt; line-height: 115%; font-family: 'Times New Roman','serif'; mso-fareast-font-family: 'Times New Roman'; mso-fareast-language: ES; mso-bidi-font-weight: bold;\">-JUNIOR: David Tols\u00e0 y Estela Oltra. <\/span><\/p>\n<p class=\"MsoNormal\" style=\"margin-bottom: .0001pt;\"><span style=\"font-size: 12.0pt; line-height: 115%; font-family: 'Times New Roman','serif'; mso-fareast-font-family: 'Times New Roman'; mso-fareast-language: ES; mso-bidi-font-weight: bold;\">-SENIOR: Davis Ure\u00f1a, Andrea Oltra y Oscar Salamanca (La Safor, Gand\u00eda).<\/span><\/p>\n<p class=\"MsoNormal\" style=\"margin-bottom: .0001pt;\"><a href=\"http:\/\/www.portaldelolleria.es\/wp-content\/uploads\/2013\/04\/dtaekwondo.jpg\"><img loading=\"lazy\" class=\"size-full wp-image-2844 aligncenter\" title=\"dtaekwondo\" src=\"http:\/\/www.portaldelolleria.es\/wp-content\/uploads\/2013\/04\/dtaekwondo.jpg\" alt=\"\" width=\"598\" height=\"797\" srcset=\"http:\/\/www.portaldelolleria.es\/wp-content\/uploads\/2013\/04\/dtaekwondo.jpg 598w, http:\/\/www.portaldelolleria.es\/wp-content\/uploads\/2013\/04\/dtaekwondo-225x300.jpg 225w\" sizes=\"(max-width: 598px) 100vw, 598px\" \/><\/a><\/p>\n","protected":false},"excerpt":{"rendered":"<p>&nbsp; &nbsp; \u00a0 Este s\u00e1bado 20 en la poblaci\u00f3n alicantina de Finestrat se celebr\u00f3 el campeonato auton\u00f3mico de Taekwondo en la categor\u00eda junior, que es clasificatorio para el campeonato de Espa\u00f1a que se realizar\u00e1 los pr\u00f3ximos d\u00edas 25-26 de mayo en Marine d&#8217;Or de Castell\u00f3n. Nuestros competidores fueron; David Tols\u00e0 en -45kg y Estela Oltra [&hellip;]<\/p>\n","protected":false},"author":2,"featured_media":0,"comment_status":"closed","ping_status":"open","sticky":false,"template":"","format":"standard","meta":{"_monsterinsights_skip_tracking":false,"_monsterinsights_sitenote_active":false,"_monsterinsights_sitenote_note":"","_monsterinsights_sitenote_category":0},"categories":[9,12],"tags":[103,192,657,19],"_links":{"self":[{"href":"http:\/\/www.portaldelolleria.es\/index.php?rest_route=\/wp\/v2\/posts\/2843"}],"collection":[{"href":"http:\/\/www.portaldelolleria.es\/index.php?rest_route=\/wp\/v2\/posts"}],"about":[{"href":"http:\/\/www.portaldelolleria.es\/index.php?rest_route=\/wp\/v2\/types\/post"}],"author":[{"embeddable":true,"href":"http:\/\/www.portaldelolleria.es\/index.php?rest_route=\/wp\/v2\/users\/2"}],"replies":[{"embeddable":true,"href":"http:\/\/www.portaldelolleria.es\/index.php?rest_route=%2Fwp%2Fv2%2Fcomments&post=2843"}],"version-history":[{"count":1,"href":"http:\/\/www.portaldelolleria.es\/index.php?rest_route=\/wp\/v2\/posts\/2843\/revisions"}],"predecessor-version":[{"id":2846,"href":"http:\/\/www.portaldelolleria.es\/index.php?rest_route=\/wp\/v2\/posts\/2843\/revisions\/2846"}],"wp:attachment":[{"href":"http:\/\/www.portaldelolleria.es\/index.php?rest_route=%2Fwp%2Fv2%2Fmedia&parent=2843"}],"wp:term":[{"taxonomy":"category","embeddable":true,"href":"http:\/\/www.portaldelolleria.es\/index.php?rest_route=%2Fwp%2Fv2%2Fcategories&post=2843"},{"taxonomy":"post_tag","embeddable":true,"href":"http:\/\/www.portaldelolleria.es\/index.php?rest_route=%2Fwp%2Fv2%2Ftags&post=2843"}],"curies":[{"name":"wp","href":"https:\/\/api.w.org\/{rel}","templated":true}]}}