{"id":2852,"date":"2013-04-25T18:42:33","date_gmt":"2013-04-25T17:42:33","guid":{"rendered":"http:\/\/www.portaldelolleria.es\/?p=2852"},"modified":"2013-04-30T11:01:44","modified_gmt":"2013-04-30T10:01:44","slug":"ines-calatayud-ganadora-del-concurso-de-fotografia-l%e2%80%99olleria-llig","status":"publish","type":"post","link":"http:\/\/www.portaldelolleria.es\/?p=2852","title":{"rendered":"In\u00e9s Calatayud ganadora del concurso de fotograf\u00eda L\u2019Olleria Llig"},"content":{"rendered":"<p><a href=\"http:\/\/www.portaldelolleria.es\/wp-content\/uploads\/2013\/04\/calatayud.jpg\"><img loading=\"lazy\" class=\"aligncenter size-full wp-image-2853\" title=\"calatayud\" src=\"http:\/\/www.portaldelolleria.es\/wp-content\/uploads\/2013\/04\/calatayud.jpg\" alt=\"\" width=\"598\" height=\"398\" srcset=\"http:\/\/www.portaldelolleria.es\/wp-content\/uploads\/2013\/04\/calatayud.jpg 598w, http:\/\/www.portaldelolleria.es\/wp-content\/uploads\/2013\/04\/calatayud-300x199.jpg 300w\" sizes=\"(max-width: 598px) 100vw, 598px\" \/><\/a><\/p>\n<p>&nbsp;<\/p>\n<p>&nbsp;<\/p>\n<p class=\"MsoNormal\" style=\"text-align: justify;\"><span style=\"font-size: 12.0pt; line-height: 115%;\" lang=\"ES-TRAD\">Esta semana, coincidiendo con la celebraci\u00f3n del D\u00eda Internacional de Libro, se entregaban los premios del concurso de fotograf\u00eda de Instagram <em style=\"mso-bidi-font-style: normal;\">L\u2019Olleria Llig<\/em>. <\/span><\/p>\n<p class=\"MsoNormal\" style=\"text-align: justify;\"><span style=\"font-size: 12.0pt; line-height: 115%;\" lang=\"ES-TRAD\">El acto tuvo lugar en la Biblioteca Municipal de L\u2019Olleria contando con la presencia del concejal de Cultura, Jes\u00fas Engo que fue el encargado de entregar los dos premios en juego, el primero se lo entregaba a In\u00e9s Calatayud Albuixech que present\u00f3 una fotograf\u00eda de una de las calles del municipio, por su parte, el segundo premio tambi\u00e9n fue a parar a una mujer, Laura Albi\u00f1ana S\u00e1nchez que apost\u00f3 por una fotograf\u00eda en la que aparece un libro abierto con la mano de un ni\u00f1o sobre el libro.<\/span><\/p>\n<p class=\"MsoNormal\" style=\"text-align: justify;\"><span style=\"font-size: 12.0pt; line-height: 115%;\" lang=\"ES-TRAD\">Los premios, tal y com subrayaba el concejal de Cultura, Jes\u00fas Engo \u201cconsisten en un lote de libros que donados por las editoriales Ediciones B, Roca Editorial, Blume Editorial, Edicions Columna y Ara Llibres por lo que les agradezco encarecidamente su colaboraci\u00f3n desinteresada\u201d a\u00f1adiendo que \u201ceste concurso ha sido algo novedoso que no hab\u00edamos hecho nunca y agradecemos mucho la respuesta que ha tenido y la participaci\u00f3n a todas las personas que nos han enviado fotograf\u00edas\u201d.<\/span><\/p>\n<p class=\"MsoNormal\" style=\"text-align: justify;\"><span style=\"font-size: 12.0pt; line-height: 115%;\" lang=\"ES-TRAD\">El acto cont\u00f3 igualmente con la proyecci\u00f3n de todos los trabajos presentados. <\/span><\/p>\n<p class=\"MsoNormal\" style=\"text-align: justify;\"><a href=\"http:\/\/www.portaldelolleria.es\/wp-content\/uploads\/2013\/04\/calatayud2.jpg\"><img loading=\"lazy\" class=\"aligncenter size-full wp-image-2875\" title=\"calatayud2\" src=\"http:\/\/www.portaldelolleria.es\/wp-content\/uploads\/2013\/04\/calatayud2.jpg\" alt=\"\" width=\"598\" height=\"398\" srcset=\"http:\/\/www.portaldelolleria.es\/wp-content\/uploads\/2013\/04\/calatayud2.jpg 598w, http:\/\/www.portaldelolleria.es\/wp-content\/uploads\/2013\/04\/calatayud2-300x199.jpg 300w\" sizes=\"(max-width: 598px) 100vw, 598px\" \/><\/a><\/p>\n<p class=\"MsoNormal\" style=\"text-align: justify;\">\n<p><iframe loading=\"lazy\" width=\"598\" height=\"449\" src=\"http:\/\/www.youtube.com\/embed\/xntlTu4cXXM\" frameborder=\"0\" allowfullscreen><\/iframe><\/p>\n","protected":false},"excerpt":{"rendered":"<p>&nbsp; &nbsp; Esta semana, coincidiendo con la celebraci\u00f3n del D\u00eda Internacional de Libro, se entregaban los premios del concurso de fotograf\u00eda de Instagram L\u2019Olleria Llig. El acto tuvo lugar en la Biblioteca Municipal de L\u2019Olleria contando con la presencia del concejal de Cultura, Jes\u00fas Engo que fue el encargado de entregar los dos premios en [&hellip;]<\/p>\n","protected":false},"author":2,"featured_media":0,"comment_status":"closed","ping_status":"open","sticky":false,"template":"","format":"standard","meta":{"_monsterinsights_skip_tracking":false,"_monsterinsights_sitenote_active":false,"_monsterinsights_sitenote_note":"","_monsterinsights_sitenote_category":0},"categories":[3,12],"tags":[41,659,298,660,662,658,661],"_links":{"self":[{"href":"http:\/\/www.portaldelolleria.es\/index.php?rest_route=\/wp\/v2\/posts\/2852"}],"collection":[{"href":"http:\/\/www.portaldelolleria.es\/index.php?rest_route=\/wp\/v2\/posts"}],"about":[{"href":"http:\/\/www.portaldelolleria.es\/index.php?rest_route=\/wp\/v2\/types\/post"}],"author":[{"embeddable":true,"href":"http:\/\/www.portaldelolleria.es\/index.php?rest_route=\/wp\/v2\/users\/2"}],"replies":[{"embeddable":true,"href":"http:\/\/www.portaldelolleria.es\/index.php?rest_route=%2Fwp%2Fv2%2Fcomments&post=2852"}],"version-history":[{"count":4,"href":"http:\/\/www.portaldelolleria.es\/index.php?rest_route=\/wp\/v2\/posts\/2852\/revisions"}],"predecessor-version":[{"id":2876,"href":"http:\/\/www.portaldelolleria.es\/index.php?rest_route=\/wp\/v2\/posts\/2852\/revisions\/2876"}],"wp:attachment":[{"href":"http:\/\/www.portaldelolleria.es\/index.php?rest_route=%2Fwp%2Fv2%2Fmedia&parent=2852"}],"wp:term":[{"taxonomy":"category","embeddable":true,"href":"http:\/\/www.portaldelolleria.es\/index.php?rest_route=%2Fwp%2Fv2%2Fcategories&post=2852"},{"taxonomy":"post_tag","embeddable":true,"href":"http:\/\/www.portaldelolleria.es\/index.php?rest_route=%2Fwp%2Fv2%2Ftags&post=2852"}],"curies":[{"name":"wp","href":"https:\/\/api.w.org\/{rel}","templated":true}]}}