{"id":2855,"date":"2013-04-25T18:53:40","date_gmt":"2013-04-25T17:53:40","guid":{"rendered":"http:\/\/www.portaldelolleria.es\/?p=2855"},"modified":"2013-04-25T18:53:40","modified_gmt":"2013-04-25T17:53:40","slug":"federacion-espanola-de-taekwondo-otorga-medalla-de-plata-al-merito-deportivo-a-fernando-arjona","status":"publish","type":"post","link":"http:\/\/www.portaldelolleria.es\/?p=2855","title":{"rendered":"Federaci\u00f3n Espa\u00f1ola de Taekwondo otorga medalla de plata al m\u00e9rito deportivo a Fernando Arjona"},"content":{"rendered":"<p>&nbsp;<\/p>\n<p><a href=\"http:\/\/www.portaldelolleria.es\/wp-content\/uploads\/2013\/04\/fernando.jpg\"><img loading=\"lazy\" class=\"aligncenter size-full wp-image-2857\" title=\"fernando\" src=\"http:\/\/www.portaldelolleria.es\/wp-content\/uploads\/2013\/04\/fernando.jpg\" alt=\"\" width=\"598\" height=\"398\" srcset=\"http:\/\/www.portaldelolleria.es\/wp-content\/uploads\/2013\/04\/fernando.jpg 598w, http:\/\/www.portaldelolleria.es\/wp-content\/uploads\/2013\/04\/fernando-300x199.jpg 300w\" sizes=\"(max-width: 598px) 100vw, 598px\" \/><\/a><\/p>\n<p class=\"MsoNormal\" style=\"text-align: justify;\"><span style=\"font-size: 12.0pt; line-height: 115%;\" lang=\"ES-TRAD\">El Taekwondo olleriense continua dando alegr\u00edas esta vez de la mano del entrenador y coordinador de la Escuela Deportiva de Taekwondo de L\u2019Olleria, Fernando Arjona Gil, a quien La Federaci\u00f3n Espa\u00f1ola de Taekwondo ha otorgado la medalla de plata al m\u00e9rito deportivo.<\/span><\/p>\n<p class=\"MsoNormal\" style=\"text-align: justify;\"><span style=\"font-size: 12.0pt; line-height: 115%;\" lang=\"ES-TRAD\">El concejal de Deportes, Vicente Oviedo ha destacado \u201cla gran calidad deportiva y humana de Fernando demostrando una vez m\u00e1s la gran suerte que tiene nuestro municipio y la Escuela Deportiva de Taekwondo de L\u2019Olleria de contar con \u00e9l, un gran maestro que nos ha dado una gran alegr\u00eda con este reconocimiento por lo que le felicito y le animo a continuar trabajando como hasta ahora\u201d.<\/span><\/p>\n<p class=\"MsoNormal\" style=\"text-align: justify;\"><span style=\"font-size: 12.0pt; line-height: 115%;\" lang=\"ES-TRAD\">Por su parte, Fernando Arjona ha expresado su alegr\u00eda y orgullo \u201cpor este premio que no esperaba y que me anima a continuar trabajando con ilusi\u00f3n, con ganas y con esfuerzo en este deporte, el taekwondo, que tanto quiero y me gustar\u00eda dar las gracias a las personas que han pensado en m\u00ed para esta medalla de plata\u201d.<\/span><\/p>\n<p class=\"MsoNormal\" style=\"text-align: justify;\"><span style=\"font-size: 12.0pt; line-height: 115%; mso-ansi-language: CA;\" lang=\"CA\">El acto de entrega tendr\u00e1 lugar en la <\/span><span style=\"font-size: 12.0pt; line-height: 115%;\" lang=\"ES-TRAD\">Gala de los Premios Nacionales de la Real Federaci\u00f3n Espa\u00f1ola de Taekwondo el pr\u00f3ximo 2 de mayo en la Nuc\u00eda, en la <em style=\"mso-bidi-font-style: normal;\">Ciutat Esportiva &#8216;Camilo Cano&#8217;<\/em><span style=\"mso-spacerun: yes;\">\u00a0 <\/span>aprovechando la celebraci\u00f3n del XI Campeonato de Europa de Taekwondo Poomsae (t\u00e9cnica) y el XI Open Internacional de Espa\u00f1a de Taekwondo en combate.<\/span><\/p>\n<p>\u00a0<!--[if gte mso 9]><xml>\n<o:OfficeDocumentSettings>\n<o:TargetScreenSize>800x600<\/o:TargetScreenSize>\n<\/o:OfficeDocumentSettings>\n<\/xml><![endif]--><\/p>\n<p class=\"MsoNormal\" style=\"text-align: justify;\"><strong style=\"mso-bidi-font-weight: normal;\"><span style=\"font-size: 12.0pt; line-height: 115%;\" lang=\"ES-TRAD\">Datos de Fernando Arjona Gil. <\/span><\/strong><\/p>\n<p class=\"MsoNormal\" style=\"text-align: justify;\"><span style=\"font-size: 12.0pt; line-height: 115%;\" lang=\"ES-TRAD\">Fernando Arjona Gil, naci\u00f3 en El Ballestero, Albacete, pero se traslad\u00f3 a vivir a L\u2019Olleria cuando contaba con 1 a\u00f1o de edad, <span style=\"mso-spacerun: yes;\">\u00a0<\/span>es coordinador de la Escuela Municipal de Taekwondo de L\u2019Olleria desde 1997 y director del C.D Fernando. <\/span><\/p>\n<p class=\"MsoNormal\" style=\"text-align: justify;\"><span style=\"font-size: 12.0pt; line-height: 115%;\" lang=\"ES-TRAD\">Miembro de la Asamblea General de la comisi\u00f3n delegada nacional y miembro del Comit\u00e9 Nacional de Recompensas de Grados de la Real Federaci\u00f3n Espa\u00f1ola de Taekwondo, cintur\u00f3n negro 6 dan de Taekwondo, cintur\u00f3n negro 5 dan de Hapkido. Maestro Nacional de Taekwondo, y miembro de la junta directiva de la Federaci\u00f3n de Taekwondo de la CV.<\/span><\/p>\n<p class=\"MsoNormal\" style=\"text-align: justify;\"><span style=\"font-size: 12.0pt; line-height: 115%;\" lang=\"ES-TRAD\">Adem\u00e1s, es diplomado en osteopat\u00eda, diet\u00e9tica y nutrici\u00f3n y<span style=\"mso-spacerun: yes;\">\u00a0 <\/span>en quiromasaje deportivo y terap\u00e9utico. <\/span><\/p>\n<p><a href=\"http:\/\/www.portaldelolleria.es\/wp-content\/uploads\/2013\/04\/fernando2.jpg\"><img loading=\"lazy\" class=\"aligncenter size-full wp-image-2856\" title=\"fernando2\" src=\"http:\/\/www.portaldelolleria.es\/wp-content\/uploads\/2013\/04\/fernando2.jpg\" alt=\"\" width=\"598\" height=\"398\" srcset=\"http:\/\/www.portaldelolleria.es\/wp-content\/uploads\/2013\/04\/fernando2.jpg 598w, http:\/\/www.portaldelolleria.es\/wp-content\/uploads\/2013\/04\/fernando2-300x199.jpg 300w\" sizes=\"(max-width: 598px) 100vw, 598px\" \/><\/a><\/p>\n","protected":false},"excerpt":{"rendered":"<p>&nbsp; El Taekwondo olleriense continua dando alegr\u00edas esta vez de la mano del entrenador y coordinador de la Escuela Deportiva de Taekwondo de L\u2019Olleria, Fernando Arjona Gil, a quien La Federaci\u00f3n Espa\u00f1ola de Taekwondo ha otorgado la medalla de plata al m\u00e9rito deportivo. El concejal de Deportes, Vicente Oviedo ha destacado \u201cla gran calidad deportiva [&hellip;]<\/p>\n","protected":false},"author":2,"featured_media":0,"comment_status":"closed","ping_status":"open","sticky":false,"template":"","format":"standard","meta":{"_monsterinsights_skip_tracking":false,"_monsterinsights_sitenote_active":false,"_monsterinsights_sitenote_note":"","_monsterinsights_sitenote_category":0},"categories":[9,12],"tags":[665,539,663,664,193,19],"_links":{"self":[{"href":"http:\/\/www.portaldelolleria.es\/index.php?rest_route=\/wp\/v2\/posts\/2855"}],"collection":[{"href":"http:\/\/www.portaldelolleria.es\/index.php?rest_route=\/wp\/v2\/posts"}],"about":[{"href":"http:\/\/www.portaldelolleria.es\/index.php?rest_route=\/wp\/v2\/types\/post"}],"author":[{"embeddable":true,"href":"http:\/\/www.portaldelolleria.es\/index.php?rest_route=\/wp\/v2\/users\/2"}],"replies":[{"embeddable":true,"href":"http:\/\/www.portaldelolleria.es\/index.php?rest_route=%2Fwp%2Fv2%2Fcomments&post=2855"}],"version-history":[{"count":1,"href":"http:\/\/www.portaldelolleria.es\/index.php?rest_route=\/wp\/v2\/posts\/2855\/revisions"}],"predecessor-version":[{"id":2858,"href":"http:\/\/www.portaldelolleria.es\/index.php?rest_route=\/wp\/v2\/posts\/2855\/revisions\/2858"}],"wp:attachment":[{"href":"http:\/\/www.portaldelolleria.es\/index.php?rest_route=%2Fwp%2Fv2%2Fmedia&parent=2855"}],"wp:term":[{"taxonomy":"category","embeddable":true,"href":"http:\/\/www.portaldelolleria.es\/index.php?rest_route=%2Fwp%2Fv2%2Fcategories&post=2855"},{"taxonomy":"post_tag","embeddable":true,"href":"http:\/\/www.portaldelolleria.es\/index.php?rest_route=%2Fwp%2Fv2%2Ftags&post=2855"}],"curies":[{"name":"wp","href":"https:\/\/api.w.org\/{rel}","templated":true}]}}