{"id":2862,"date":"2013-04-26T09:47:21","date_gmt":"2013-04-26T08:47:21","guid":{"rendered":"http:\/\/www.portaldelolleria.es\/?p=2862"},"modified":"2013-04-26T10:05:08","modified_gmt":"2013-04-26T09:05:08","slug":"grup-de-teatre-el-bunyol-nota-de-prensa","status":"publish","type":"post","link":"http:\/\/www.portaldelolleria.es\/?p=2862","title":{"rendered":"Grup de Teatre El Bunyol:  Nota de prensa"},"content":{"rendered":"<p><a href=\"http:\/\/www.portaldelolleria.es\/wp-content\/uploads\/2013\/04\/elbunyol.jpg\"><img loading=\"lazy\" class=\"aligncenter size-full wp-image-2863\" title=\"elbunyol\" src=\"http:\/\/www.portaldelolleria.es\/wp-content\/uploads\/2013\/04\/elbunyol.jpg\" alt=\"\" width=\"598\" height=\"398\" srcset=\"http:\/\/www.portaldelolleria.es\/wp-content\/uploads\/2013\/04\/elbunyol.jpg 598w, http:\/\/www.portaldelolleria.es\/wp-content\/uploads\/2013\/04\/elbunyol-300x199.jpg 300w\" sizes=\"(max-width: 598px) 100vw, 598px\" \/><\/a><\/p>\n<p>&nbsp;<\/p>\n<p>&nbsp;<\/p>\n<p><span id=\"result_box\" lang=\"es\"><span class=\"hps\">NOTA<\/span> <span class=\"hps\">DE PRENSA<\/span><\/span><\/p>\n<p><span class=\"hps\">El grupo de<\/span> <span class=\"hps\">teatro El<\/span> <span class=\"hps\">Bunyol<\/span> <span class=\"hps\">comunica que<\/span> <span class=\"hps\">las<\/span> <span class=\"hps\">representaciones<\/span> <span class=\"hps\">teatrales<\/span> <span class=\"hps atn\">de la obra \u00ab<\/span><span>arrumacos<\/span><span>\u00ab<\/span> <span class=\"hps\">que iban a hacer<\/span> <span class=\"hps\">en<\/span> <span class=\"hps\">este fin de<\/span> <span class=\"hps\">semana<\/span><span>,<\/span> <span class=\"hps\">del 26 al<\/span> <span class=\"hps\">28 de abril<\/span><span>,<\/span> <span class=\"hps\">quedan suspendidas<\/span><span>.<\/span><\/p>\n<p><span class=\"hps\">El motivo de esta<\/span> <span class=\"hps\">decisi\u00f3n<\/span> <span class=\"hps\">es<\/span> <span class=\"hps\">la tr\u00e1gica<\/span> <span class=\"hps\">p\u00e9rdida<\/span> <span class=\"hps\">de Jos\u00e9<\/span> <span class=\"hps\">Garc\u00eda<\/span> <span class=\"hps\">Momp\u00f3<\/span><span>, conocido<\/span> <span class=\"hps\">por todos<\/span> <span class=\"hps\">como<\/span> <span class=\"hps atn\">\u00ab<\/span><span>Pepe el<\/span> <span class=\"hps\">Llandero<\/span><span>\u00ab<\/span><span>,<\/span> <span class=\"hps\">miembro del grupo<\/span> <span class=\"hps\">y<\/span> <span class=\"hps\">componente<\/span> <span class=\"hps\">del elenco<\/span> <span class=\"hps\">de actores<\/span> <span class=\"hps\">que iban<\/span> <span class=\"hps\">a actuar<\/span> <span class=\"hps\">en la llamada<\/span> <span class=\"hps\">obra<\/span><span>.<\/span><\/p>\n<p><span class=\"hps\">Los miembros<\/span> <span class=\"hps\">del grupo<\/span> <span class=\"hps\">de teatro<\/span> <span class=\"hps\">queremos agradecer<\/span> <span class=\"hps\">la confianza de su<\/span> <span class=\"hps\">incondicional<\/span> <span class=\"hps\">p\u00fablico<\/span> <span class=\"hps\">que esperaba<\/span> <span class=\"hps\">con<\/span> <span class=\"hps\">ansia el<\/span> <span class=\"hps\">momento del estreno<\/span> <span class=\"hps\">y<\/span> <span class=\"hps\">lamentamos<\/span> <span class=\"hps\">profundamente<\/span> <span class=\"hps\">la suspensi\u00f3n<\/span> <span class=\"hps\">de las funciones<\/span><span>.<\/span><\/p>\n<p><span class=\"hps\">Queremos<\/span><span>,<\/span> <span class=\"hps\">como no pod\u00eda<\/span> <span class=\"hps\">ser de otra manera<\/span><span>,<\/span> <span class=\"hps\">expresar<\/span> <span class=\"hps\">sinceramente<\/span> <span class=\"hps\">el m\u00e1s sentido<\/span> <span class=\"hps\">p\u00e9same<\/span> <span class=\"hps\">a toda la<\/span> <span class=\"hps\">familia<\/span> <span class=\"hps\">y amigos<\/span> <span class=\"hps\">de nuestro querido<\/span> <span class=\"hps\">Pepe<\/span> <span class=\"hps\">por<\/span> <span class=\"hps\">esta inesperada<\/span> <span class=\"hps\">y<\/span> <span class=\"hps\">sentida p\u00e9rdida<\/span><span>.<\/span><\/p>\n<p class=\"MsoNormal\" style=\"text-align: justify;\"><span style=\"mso-spacerun: yes;\">\u00a0<\/span><\/p>\n","protected":false},"excerpt":{"rendered":"<p>&nbsp; &nbsp; NOTA DE PRENSA El grupo de teatro El Bunyol comunica que las representaciones teatrales de la obra \u00abarrumacos\u00ab que iban a hacer en este fin de semana, del 26 al 28 de abril, quedan suspendidas. El motivo de esta decisi\u00f3n es la tr\u00e1gica p\u00e9rdida de Jos\u00e9 Garc\u00eda Momp\u00f3, conocido por todos como \u00abPepe [&hellip;]<\/p>\n","protected":false},"author":2,"featured_media":0,"comment_status":"closed","ping_status":"open","sticky":false,"template":"","format":"standard","meta":{"_monsterinsights_skip_tracking":false,"_monsterinsights_sitenote_active":false,"_monsterinsights_sitenote_note":"","_monsterinsights_sitenote_category":0},"categories":[15,12],"tags":[652,20,666],"_links":{"self":[{"href":"http:\/\/www.portaldelolleria.es\/index.php?rest_route=\/wp\/v2\/posts\/2862"}],"collection":[{"href":"http:\/\/www.portaldelolleria.es\/index.php?rest_route=\/wp\/v2\/posts"}],"about":[{"href":"http:\/\/www.portaldelolleria.es\/index.php?rest_route=\/wp\/v2\/types\/post"}],"author":[{"embeddable":true,"href":"http:\/\/www.portaldelolleria.es\/index.php?rest_route=\/wp\/v2\/users\/2"}],"replies":[{"embeddable":true,"href":"http:\/\/www.portaldelolleria.es\/index.php?rest_route=%2Fwp%2Fv2%2Fcomments&post=2862"}],"version-history":[{"count":3,"href":"http:\/\/www.portaldelolleria.es\/index.php?rest_route=\/wp\/v2\/posts\/2862\/revisions"}],"predecessor-version":[{"id":2865,"href":"http:\/\/www.portaldelolleria.es\/index.php?rest_route=\/wp\/v2\/posts\/2862\/revisions\/2865"}],"wp:attachment":[{"href":"http:\/\/www.portaldelolleria.es\/index.php?rest_route=%2Fwp%2Fv2%2Fmedia&parent=2862"}],"wp:term":[{"taxonomy":"category","embeddable":true,"href":"http:\/\/www.portaldelolleria.es\/index.php?rest_route=%2Fwp%2Fv2%2Fcategories&post=2862"},{"taxonomy":"post_tag","embeddable":true,"href":"http:\/\/www.portaldelolleria.es\/index.php?rest_route=%2Fwp%2Fv2%2Ftags&post=2862"}],"curies":[{"name":"wp","href":"https:\/\/api.w.org\/{rel}","templated":true}]}}