{"id":29024,"date":"2022-07-15T12:09:46","date_gmt":"2022-07-15T10:09:46","guid":{"rendered":"http:\/\/www.portaldelolleria.es\/?p=29024"},"modified":"2022-07-15T12:09:47","modified_gmt":"2022-07-15T10:09:47","slug":"euphussion-en-concierto","status":"publish","type":"post","link":"http:\/\/www.portaldelolleria.es\/?p=29024","title":{"rendered":"Euphussion en concierto"},"content":{"rendered":"<div class=\"wp-block-image\">\n<figure class=\"aligncenter size-full\"><a href=\"http:\/\/www.portaldelolleria.es\/wp-content\/uploads\/2022\/07\/euphussion.jpg\"><img loading=\"lazy\" width=\"598\" height=\"398\" src=\"http:\/\/www.portaldelolleria.es\/wp-content\/uploads\/2022\/07\/euphussion.jpg\" alt=\"\" class=\"wp-image-29025\" srcset=\"http:\/\/www.portaldelolleria.es\/wp-content\/uploads\/2022\/07\/euphussion.jpg 598w, http:\/\/www.portaldelolleria.es\/wp-content\/uploads\/2022\/07\/euphussion-300x200.jpg 300w\" sizes=\"(max-width: 598px) 100vw, 598px\" \/><\/a><\/figure><\/div>\n\n\n<p>El pr\u00f3ximo domingo 17 de julio a partir de las 20:00 h, la Casa Santonja de L&#8217;Olleria acoger\u00e1 el Concierto EUPHUSSION.<\/p>\n\n\n\n<p>Un Concierto dentro del Curso de Percusi\u00f3n, de un grupo de c\u00e1mara de reciente creaci\u00f3n formado por Jordi Roca i Jos\u00e9 Luis Sell\u00e9s.<\/p>\n\n\n\n<p>Las obras que interpretar\u00e1n son aquellas que marcaron el grupo a los inicios el mundo de la m\u00fasica de c\u00e1mara. De este comienzo ha nacido este proyecto: Origen.<\/p>\n\n\n\n<p>_________________________<\/p>\n\n\n\n<p class=\"has-text-color\" style=\"color:#0e4361\">El pr\u00f2xim diumenge 17 de juliol a partir de les 20:00 h, la Casa Santonja de L&#8217;Olleria acollir\u00e0 el Concert EUPHUSSION.<\/p>\n\n\n\n<p class=\"has-text-color\" style=\"color:#0e4361\">Un Concert dins del Curs de Percussi\u00f3, d\u2019un grup de cambra de recent creaci\u00f3 format per Jordi Roca i Jos\u00e9 Luis Sell\u00e9s.<\/p>\n\n\n\n<p class=\"has-text-color\" style=\"color:#0e4361\">Les obres que interpretaran s\u00f3n aquelles que van marcar el grup als inicis el m\u00f3n de la m\u00fasica de cambra. D&#8217;aquest comen\u00e7ament ha nascut aquest projecte: Origen.<\/p>\n","protected":false},"excerpt":{"rendered":"<p>El pr\u00f3ximo domingo 17 de julio a partir de las 20:00 h, la Casa Santonja de L&#8217;Olleria acoger\u00e1 el Concierto EUPHUSSION. Un Concierto dentro del Curso de Percusi\u00f3n, de un grupo de c\u00e1mara de reciente creaci\u00f3n formado por Jordi Roca i Jos\u00e9 Luis Sell\u00e9s. Las obras que interpretar\u00e1n son aquellas que marcaron el grupo a [&hellip;]<\/p>\n","protected":false},"author":1,"featured_media":0,"comment_status":"closed","ping_status":"open","sticky":false,"template":"","format":"standard","meta":{"_monsterinsights_skip_tracking":false,"_monsterinsights_sitenote_active":false,"_monsterinsights_sitenote_note":"","_monsterinsights_sitenote_category":0},"categories":[15,12],"tags":[],"_links":{"self":[{"href":"http:\/\/www.portaldelolleria.es\/index.php?rest_route=\/wp\/v2\/posts\/29024"}],"collection":[{"href":"http:\/\/www.portaldelolleria.es\/index.php?rest_route=\/wp\/v2\/posts"}],"about":[{"href":"http:\/\/www.portaldelolleria.es\/index.php?rest_route=\/wp\/v2\/types\/post"}],"author":[{"embeddable":true,"href":"http:\/\/www.portaldelolleria.es\/index.php?rest_route=\/wp\/v2\/users\/1"}],"replies":[{"embeddable":true,"href":"http:\/\/www.portaldelolleria.es\/index.php?rest_route=%2Fwp%2Fv2%2Fcomments&post=29024"}],"version-history":[{"count":1,"href":"http:\/\/www.portaldelolleria.es\/index.php?rest_route=\/wp\/v2\/posts\/29024\/revisions"}],"predecessor-version":[{"id":29026,"href":"http:\/\/www.portaldelolleria.es\/index.php?rest_route=\/wp\/v2\/posts\/29024\/revisions\/29026"}],"wp:attachment":[{"href":"http:\/\/www.portaldelolleria.es\/index.php?rest_route=%2Fwp%2Fv2%2Fmedia&parent=29024"}],"wp:term":[{"taxonomy":"category","embeddable":true,"href":"http:\/\/www.portaldelolleria.es\/index.php?rest_route=%2Fwp%2Fv2%2Fcategories&post=29024"},{"taxonomy":"post_tag","embeddable":true,"href":"http:\/\/www.portaldelolleria.es\/index.php?rest_route=%2Fwp%2Fv2%2Ftags&post=29024"}],"curies":[{"name":"wp","href":"https:\/\/api.w.org\/{rel}","templated":true}]}}