{"id":29085,"date":"2022-09-15T21:49:54","date_gmt":"2022-09-15T19:49:54","guid":{"rendered":"http:\/\/www.portaldelolleria.es\/?p=29085"},"modified":"2022-09-15T21:49:55","modified_gmt":"2022-09-15T19:49:55","slug":"el-departamento-de-salud-optimiza-su-plan-de-ahorro-energetico","status":"publish","type":"post","link":"http:\/\/www.portaldelolleria.es\/?p=29085","title":{"rendered":"El Departamento de Salud optimiza su plan de ahorro energ\u00e9tico"},"content":{"rendered":"<div class=\"wp-block-image\">\n<figure class=\"aligncenter size-full\"><a href=\"http:\/\/www.portaldelolleria.es\/wp-content\/uploads\/2022\/09\/1tmm9t1r.jpg\"><img loading=\"lazy\" width=\"598\" height=\"377\" src=\"http:\/\/www.portaldelolleria.es\/wp-content\/uploads\/2022\/09\/1tmm9t1r.jpg\" alt=\"\" class=\"wp-image-29089\" srcset=\"http:\/\/www.portaldelolleria.es\/wp-content\/uploads\/2022\/09\/1tmm9t1r.jpg 598w, http:\/\/www.portaldelolleria.es\/wp-content\/uploads\/2022\/09\/1tmm9t1r-300x189.jpg 300w\" sizes=\"(max-width: 598px) 100vw, 598px\" \/><\/a><\/figure><\/div>\n\n\n<ul><li>Se invierte en mejoras de eficiencia energ\u00e9tica, iluminaci\u00f3n LED y sostenibilidad<\/li><\/ul>\n\n\n\n<ul><li>Una campa\u00f1a anima a los profesionales al ahorro energ\u00e9tico en su \u00e1mbito laboral<\/li><\/ul>\n\n\n\n<p><strong>X\u00e0tiva (15.09.22<\/strong>). Las acciones de sostenibilidad que lleva adelante el Departamento de Salud desde hace m\u00e1s de tres a\u00f1os incluyen un plan de ahorro de electricidad basado en la inversi\u00f3n constante en eficiencia energ\u00e9tica y el est\u00edmulo y promoci\u00f3n del ahorro el\u00e9ctrico entre profesionales.<\/p>\n\n\n\n<p>A la inversi\u00f3n en tecnolog\u00eda m\u00e1s eficiente en consumo el\u00e9ctrico, se une las iniciativas del Comit\u00e9 de Sostenibilidad y Salud Urbana del Departamento de Salud que ha llevado adelante el control de sus consumos y la propuesta de soluciones de sostenibilidad y gasto energ\u00e9tico que ya se est\u00e1n implementando.<\/p>\n\n\n\n<p>En los \u00faltimos tres a\u00f1os el \u00e1rea de Mantenimiento del Hospital Llu\u00eds Alcany\u00eds ha sustituido por completo la iluminaci\u00f3n exterior basada en vapor de sodio por tecnolog\u00eda LED, consiguiendo un ahorro energ\u00e9tico del 50% del consumo en iluminaci\u00f3n externa.<\/p>\n\n\n\n<p>Esta l\u00ednea de mejoras en la eficiencia el\u00e9ctrica ha permitido tambi\u00e9n la sustituci\u00f3n de m\u00e1s de 950 luminarias interiores de fluorescencia, por pantallas LED que tambi\u00e9n consiguen una reducci\u00f3n del consumo del 50% en cada pantalla sustituida.<\/p>\n\n\n\n<p>El Hospital Llu\u00eds Alcany\u00eds ha puesto en funcionamiento m\u00e1s de 12 m\u00b2 de captadores solares t\u00e9rmicos con capacidad para calentar m\u00e1s de 15.000 litros de agua sanitaria, lo que tambi\u00e9n resulta un ahorro energ\u00e9tico destacable. El objetivo es llegar a obtener la totalidad del agua caliente mediante energ\u00eda solar en los pr\u00f3ximos meses.<\/p>\n\n\n\n<p>Adem\u00e1s el Hospital de X\u00e0tiva prev\u00e9 instalar sobre una de sus cubiertas del edificio industrial cerca de 100m2 de paneles fotovolt\u00e1icos que unir\u00e1 su producci\u00f3n el\u00e9ctrica a la instalaci\u00f3n del centro y que prev\u00e9 la aportaci\u00f3n de una potencia el\u00e9ctrica en pico de 18,48 Kwp.<\/p>\n\n\n<div class=\"wp-block-image\">\n<figure class=\"aligncenter size-full\"><a href=\"http:\/\/www.portaldelolleria.es\/wp-content\/uploads\/2022\/09\/CARGA.jpg\"><img loading=\"lazy\" width=\"598\" height=\"355\" src=\"http:\/\/www.portaldelolleria.es\/wp-content\/uploads\/2022\/09\/CARGA.jpg\" alt=\"\" class=\"wp-image-29088\" srcset=\"http:\/\/www.portaldelolleria.es\/wp-content\/uploads\/2022\/09\/CARGA.jpg 598w, http:\/\/www.portaldelolleria.es\/wp-content\/uploads\/2022\/09\/CARGA-300x178.jpg 300w\" sizes=\"(max-width: 598px) 100vw, 598px\" \/><\/a><\/figure><\/div>\n\n\n<p><strong>\u201cHaz un gesto\u201d<\/strong><\/p>\n\n\n\n<p>La constante en acciones por la reducci\u00f3n del consumo el\u00e9ctrico se traslada tambi\u00e9n a una iniciativa sobre el personal: Se trata de la campa\u00f1a \u201cHaz un Gesto\u201d que se inici\u00f3 a finales del pasado a\u00f1o entre los profesionales de todo el Departamento de Salud.<\/p>\n\n\n\n<p>La campa\u00f1a consiste en un aviso mediante la intranet profesional, que recuerda c\u00f3mo se puede contribuir mejor al ahorro energ\u00e9tico con actitudes personales. Juntamente tambi\u00e9n se ha creado un espacio web que explica los objetivos de esta campa\u00f1a de sensibilizaci\u00f3n.<\/p>\n\n\n\n<p>Tambi\u00e9n, en todas las pantallas de los ordenadores del Departamento se emite al inicio de cada sesi\u00f3n, un recordatorio sobre c\u00f3mo se puede contribuir a ahorrar energ\u00eda, instando a apagar los aparatos y luces en cuanto no es necesario.<\/p>\n\n\n\n<p>La campa\u00f1a pretende sensibilizar no solamente con los beneficios monetarios que produce un ahorro el\u00e9ctrico, sino tambi\u00e9n con la reducci\u00f3n de la huella de carbono y emisiones de CO2 que generan los centros sanitarios.<\/p>\n\n\n\n<p>Actualmente el departamento de salud X\u00e0tiva-Ontinyent y en concreto su Hospital Llu\u00eds Alcany\u00eds de X\u00e0tiva, es de los pocos hospitales de la red valenciana de hospitales p\u00fablicos, que calcula su huella de carbono, manteniendo as\u00ed, el sello de CALCULA 2019 que concede el Ministerio de Transici\u00f3n Ecol\u00f3gica por su compromiso inicial en calcular para poder reducir sus emisiones contaminantes.<\/p>\n\n\n\n<p>Desde el \u00e1rea de Mantenimiento del Departamento de Salud y de acuerdo con estas iniciativas del comit\u00e9 de Sostenibilidad, se realiza un seguimiento de los consumos el\u00e9ctricos para evaluar el efecto de estas iniciativas y poder actuar con los resultados. De esta forma, tras el periodo estival, se continuar\u00e1 adelante proponiendo nuevas iniciativas o mejoras en el actual\u00a0 plan para que estas tengan un efecto real sobre un consumo el\u00e9ctrico m\u00e1s sostenible y racional.<\/p>\n\n\n\n<p>___________________________________<\/p>\n\n\n<div class=\"wp-block-image\">\n<figure class=\"aligncenter size-full\"><a href=\"http:\/\/www.portaldelolleria.es\/wp-content\/uploads\/2022\/09\/CLIMA.jpg\"><img loading=\"lazy\" width=\"598\" height=\"276\" src=\"http:\/\/www.portaldelolleria.es\/wp-content\/uploads\/2022\/09\/CLIMA.jpg\" alt=\"\" class=\"wp-image-29086\" srcset=\"http:\/\/www.portaldelolleria.es\/wp-content\/uploads\/2022\/09\/CLIMA.jpg 598w, http:\/\/www.portaldelolleria.es\/wp-content\/uploads\/2022\/09\/CLIMA-300x138.jpg 300w\" sizes=\"(max-width: 598px) 100vw, 598px\" \/><\/a><\/figure><\/div>\n\n\n<div class=\"wp-container-1 wp-block-group has-text-color\" style=\"color:#1d658e\"><div class=\"wp-block-group__inner-container\">\n<p><strong>El Departament de Salut optimitza el seu pla d&#8217;estalvi energ\u00e8tic<\/strong><\/p>\n\n\n\n<ul><li>S&#8217;invertix en millores d&#8217;efici\u00e8ncia energ\u00e8tica, il\u00b7luminaci\u00f3 LED i sostenibilitat<\/li><\/ul>\n\n\n\n<ul><li>Una campanya anima els professionals a l&#8217;estalvi energ\u00e8tic en el seu \u00e0mbit laboral<\/li><\/ul>\n\n\n\n<p><strong>X\u00e0tiva (15.09.22<\/strong>). Les accions de sostenibilitat que porta endavant el Departament de Salut des de fa m\u00e9s de tres anys inclouen un pla d&#8217;estalvi d&#8217;electricitat basat en la inversi\u00f3 constant en efici\u00e8ncia energ\u00e8tica i l&#8217;est\u00edmul i promoci\u00f3 de l&#8217;estalvi el\u00e8ctric entre professionals.<\/p>\n\n\n\n<p>A la inversi\u00f3 en tecnologia m\u00e9s eficient en consum el\u00e8ctric, s&#8217;unix les iniciatives del Comit\u00e9 de Sostenibilitat i Salut Urbana del Departament de Salut que ha portat avant el control dels seus consums i la proposta de solucions de sostenibilitat i gasto energ\u00e8tic que ja s&#8217;estan implementant.<\/p>\n\n\n\n<p>En els \u00faltims tres anys l&#8217;\u00e0rea de Manteniment de l&#8217;Hospital Llu\u00eds Alcany\u00eds ha substitu\u00eft per complet la il\u00b7luminaci\u00f3 exterior basada en vapor de sodi per tecnologia LED, aconseguint un estalvi energ\u00e8tic del 50% del consum en il\u00b7luminaci\u00f3 externa.<\/p>\n\n\n\n<p>Esta l\u00ednia de millores en l&#8217;efici\u00e8ncia el\u00e8ctrica ha perm\u00e9s tamb\u00e9 la substituci\u00f3 de m\u00e9s de 950 llumin\u00e0ries interiors de fluoresc\u00e8ncia, per pantalles LED que tamb\u00e9 aconseguixen una reducci\u00f3 del consum del 50% en cada pantalla substitu\u00efda.<\/p>\n\n\n\n<p>L&#8217;Hospital Llu\u00eds Alcany\u00eds ha posat en funcionament m\u00e9s de 120 m\u00b2 de captadors solars t\u00e8rmics amb capacitat per a calfar m\u00e9s de 15.000 litres d&#8217;aigua sanit\u00e0ria, \u00a0la qual cosa tamb\u00e9 resulta un estalvi energ\u00e8tic destacable. L&#8217;objectiu \u00e9s arribar a obtindre la totalitat de l&#8217;aigua calenta per mitj\u00e0 d&#8217;energia solar en els pr\u00f2xims mesos.<\/p>\n\n\n\n<p>A m\u00e9s l&#8217;Hospital de X\u00e0tiva preveu instal\u00b7lar sobre una de les seues cobertes de l&#8217;edifici industrial prop de 100m2 de panells fotovoltaics que unir\u00e0 la seua producci\u00f3 el\u00e8ctrica a la instal\u00b7laci\u00f3 del centre i que preveu l&#8217;aportaci\u00f3 d&#8217;una pot\u00e8ncia el\u00e8ctrica en\u00a0pic de 18,48 Kwp.<\/p>\n\n\n<div class=\"wp-block-image\">\n<figure class=\"aligncenter size-full\"><a href=\"http:\/\/www.portaldelolleria.es\/wp-content\/uploads\/2022\/09\/farolas.jpg\"><img loading=\"lazy\" width=\"597\" height=\"522\" src=\"http:\/\/www.portaldelolleria.es\/wp-content\/uploads\/2022\/09\/farolas.jpg\" alt=\"\" class=\"wp-image-29087\" srcset=\"http:\/\/www.portaldelolleria.es\/wp-content\/uploads\/2022\/09\/farolas.jpg 597w, http:\/\/www.portaldelolleria.es\/wp-content\/uploads\/2022\/09\/farolas-300x262.jpg 300w\" sizes=\"(max-width: 597px) 100vw, 597px\" \/><\/a><\/figure><\/div>\n\n\n<p><strong>\u201cFes un gest\u201d<\/strong><\/p>\n\n\n\n<p>La constant en accions per la reducci\u00f3 del consum el\u00e8ctric es trasllada tamb\u00e9 a una iniciativa sobre el personal: Es tracta de la campanya \u201cFes un Gest\u201d que es va iniciar a finals del passat any entre els professionals de tot el Departament de Salut.<\/p>\n\n\n\n<p>La campanya consistix en un av\u00eds per mitj\u00e0 de la intranet professional, que recorda com es pot contribuir millor a l&#8217;estalvi energ\u00e8tic amb actituds personals. Juntament tamb\u00e9 s&#8217;ha creat un espai web que explica els objectius d&#8217;esta campanya de sensibilitzaci\u00f3.<\/p>\n\n\n\n<p>Tamb\u00e9, en totes les pantalles dels\u00a0ordinadors del Departament s&#8217;emet a l&#8217;inici de cada sessi\u00f3, un recordatori sobre com es pot contribuir a estalviar energia, instant a apagar els aparells i llums en quant no cal.<\/p>\n\n\n\n<p>La campanya pret\u00e9n sensibilitzar no sols amb els beneficis monetaris que produ\u00efx un estalvi el\u00e8ctric, sin\u00f3 tamb\u00e9 amb la reducci\u00f3 de l&#8217;empremta de carboni i emissions de CO2 que generen els centres sanitaris.<\/p>\n\n\n\n<p>Actualment el departament de salut X\u00e0tiva-Ontinyent i en concret el seu Hospital Llu\u00eds Alcany\u00eds de X\u00e0tiva, \u00e9s dels pocs hospitals de la xarxa valenciana d&#8217;hospitals p\u00fablics, que calcula la seua empremta de carboni, mantenint aix\u00ed, el segell de CALCULA 2019 que concedix el Ministeri de Transici\u00f3 Ecol\u00f2gica pel seu comprom\u00eds inicial a calcular per a poder reduir les seues emissions contaminants.<\/p>\n\n\n\n<p>Des de l&#8217;\u00e0rea de Manteniment del Departament de Salut i d&#8217;acord amb estes iniciatives del comit\u00e9 de Sostenibilitat, es realitza un seguiment dels consums el\u00e8ctrics per a avaluar l&#8217;efecte d&#8217;estes iniciatives i poder actuar amb els resultats. D&#8217;esta manera, despr\u00e9s del per\u00edode estival, es continuar\u00e0 avant proposant noves iniciatives o millores en l&#8217;actual\u00a0 pla perqu\u00e8 estes tinguen un efecte real sobre un consum el\u00e8ctric m\u00e9s sostenible i racional.<\/p>\n<\/div><\/div>\n\n\n\n<hr class=\"wp-block-separator has-alpha-channel-opacity\"\/>\n\n\n\n<p><a id=\"_msocom_1\"><\/a><\/p>\n\n\n\n<p>\u00a0<\/p>\n\n\n\n<p><\/p>\n\n\n\n<p><\/p>\n","protected":false},"excerpt":{"rendered":"<p>Se invierte en mejoras de eficiencia energ\u00e9tica, iluminaci\u00f3n LED y sostenibilidad Una campa\u00f1a anima a los profesionales al ahorro energ\u00e9tico en su \u00e1mbito laboral X\u00e0tiva (15.09.22). Las acciones de sostenibilidad que lleva adelante el Departamento de Salud desde hace m\u00e1s de tres a\u00f1os incluyen un plan de ahorro de electricidad basado en la inversi\u00f3n constante [&hellip;]<\/p>\n","protected":false},"author":1,"featured_media":0,"comment_status":"closed","ping_status":"open","sticky":false,"template":"","format":"standard","meta":{"_monsterinsights_skip_tracking":false,"_monsterinsights_sitenote_active":false,"_monsterinsights_sitenote_note":"","_monsterinsights_sitenote_category":0},"categories":[3,12],"tags":[],"_links":{"self":[{"href":"http:\/\/www.portaldelolleria.es\/index.php?rest_route=\/wp\/v2\/posts\/29085"}],"collection":[{"href":"http:\/\/www.portaldelolleria.es\/index.php?rest_route=\/wp\/v2\/posts"}],"about":[{"href":"http:\/\/www.portaldelolleria.es\/index.php?rest_route=\/wp\/v2\/types\/post"}],"author":[{"embeddable":true,"href":"http:\/\/www.portaldelolleria.es\/index.php?rest_route=\/wp\/v2\/users\/1"}],"replies":[{"embeddable":true,"href":"http:\/\/www.portaldelolleria.es\/index.php?rest_route=%2Fwp%2Fv2%2Fcomments&post=29085"}],"version-history":[{"count":1,"href":"http:\/\/www.portaldelolleria.es\/index.php?rest_route=\/wp\/v2\/posts\/29085\/revisions"}],"predecessor-version":[{"id":29090,"href":"http:\/\/www.portaldelolleria.es\/index.php?rest_route=\/wp\/v2\/posts\/29085\/revisions\/29090"}],"wp:attachment":[{"href":"http:\/\/www.portaldelolleria.es\/index.php?rest_route=%2Fwp%2Fv2%2Fmedia&parent=29085"}],"wp:term":[{"taxonomy":"category","embeddable":true,"href":"http:\/\/www.portaldelolleria.es\/index.php?rest_route=%2Fwp%2Fv2%2Fcategories&post=29085"},{"taxonomy":"post_tag","embeddable":true,"href":"http:\/\/www.portaldelolleria.es\/index.php?rest_route=%2Fwp%2Fv2%2Ftags&post=29085"}],"curies":[{"name":"wp","href":"https:\/\/api.w.org\/{rel}","templated":true}]}}