{"id":2916,"date":"2013-05-03T12:00:02","date_gmt":"2013-05-03T11:00:02","guid":{"rendered":"http:\/\/www.portaldelolleria.es\/?p=2916"},"modified":"2013-05-03T12:00:02","modified_gmt":"2013-05-03T11:00:02","slug":"el-ayuntamiento-firma-un-convenio-con-caixa-popular-para-favorecer-el-emprendedurismo","status":"publish","type":"post","link":"http:\/\/www.portaldelolleria.es\/?p=2916","title":{"rendered":"El Ayuntamiento  firma un convenio con Caixa Popular para favorecer el emprendedurismo"},"content":{"rendered":"<p><a href=\"http:\/\/www.portaldelolleria.es\/wp-content\/uploads\/2013\/05\/caixapopular.jpg\"><img loading=\"lazy\" class=\"aligncenter size-full wp-image-2917\" title=\"caixapopular\" src=\"http:\/\/www.portaldelolleria.es\/wp-content\/uploads\/2013\/05\/caixapopular.jpg\" alt=\"\" width=\"598\" height=\"398\" srcset=\"http:\/\/www.portaldelolleria.es\/wp-content\/uploads\/2013\/05\/caixapopular.jpg 598w, http:\/\/www.portaldelolleria.es\/wp-content\/uploads\/2013\/05\/caixapopular-300x199.jpg 300w\" sizes=\"(max-width: 598px) 100vw, 598px\" \/><\/a><\/p>\n<p>&nbsp;<\/p>\n<p>&nbsp;<\/p>\n<p class=\"MsoNormal\" style=\"text-align: justify;\"><span style=\"font-size: 12.0pt; line-height: 115%;\" lang=\"ES-TRAD\">El alcalde de L\u2019Olleria, Jos\u00e9 Vidal y el Coordinador de Zona de Caixa Popular de L\u2019Olleria, Miquel Grau, firmaban esta ma\u00f1ana un convenio de colaboraci\u00f3n cuyo principal objetivo tal y como ha explicado el primer edil \u201ces facilitar el cr\u00e9dito a nuestros emprendedores, comerciantes y empresarios, j\u00f3venes y asociaciones, un objetivo de suma importancia en estos momentos econ\u00f3micos tan dif\u00edciles, donde el apoyo a nuestro sector econ\u00f3mico y su reactivaci\u00f3n es una prioridad, por lo que desde el Ayuntamiento agradecemos a Caixa Popular su predisposici\u00f3n y colaboraci\u00f3n\u201d a\u00f1adiendo que \u201ccon este convenio queremos favorecer y dar apoyo a la creaci\u00f3n de proyectos emprendedores y de auto ocupaci\u00f3n desarrollados en nuestro municipio ya que la financiaci\u00f3n a la hora de poner en marcha un proyecto es una de las grandes dificultades con las que se encuentran los emprendedores\u201d.<\/span><\/p>\n<p class=\"MsoNormal\" style=\"text-align: justify;\"><span style=\"font-size: 12.0pt; line-height: 115%;\" lang=\"ES-TRAD\">En cuanto a las v\u00edas de financiaci\u00f3n Vidal explicaba que \u201cpara los emprendedores, se han creado unos microcr\u00e9ditos cuyos beneficiarios ser\u00e1n las microempresas o personas f\u00edsicas que tengan previsto abrir un negocio de \u00edndole comercial o empresarial en L\u2019Olleria as\u00ed como los ollerienses que tengan previsto iniciar un negocio de \u00edndole comercial o empresarial en otro municipio con oficina de Caixa Popular, igualmente, aquellas empresas de reciente creaci\u00f3n que desarrollen su actividad en el municipio o la gerencia de la misma sea de L\u2019Olleria y desarrolle su actividad en otro municipio donde tenga oficina Caixa Popular\u201d a\u00f1adiendo que \u201ccon car\u00e1cter general, se establecen como preferentes para la obtenci\u00f3n de la financiaci\u00f3n en esta l\u00ednea de microcr\u00e9ditos, los mayores de 45 a\u00f1os, los hogares monoparentales, las mujeres, los discapacitados y los parados de larga duraci\u00f3n\u201d.<\/span><\/p>\n<p class=\"MsoNormal\" style=\"text-align: justify;\"><span style=\"font-size: 12.0pt; line-height: 115%;\" lang=\"ES-TRAD\">Por su parte, Miquel Grau ha destacado que \u201cCaixa Popular tiene como objetivo el fomento de las actividades locales que permitan el desarrollo de la sociedad en los municipios donde tiene presencia, y L\u2019Olleria se encuentra entre sus objetivos prioritarios de desarrollo y expansi\u00f3n\u201d. Igualmente comentaba las condiciones del microcr\u00e9dito \u201cque ser\u00e1 hasta el 95% de la inversi\u00f3n a realizar, con un m\u00e1ximo de 25.000 euros y a un inter\u00e9s por debajo del habitual\u201d. <\/span><\/p>\n<p class=\"MsoNormal\" style=\"text-align: justify;\"><span style=\"font-size: 12.0pt; line-height: 115%;\" lang=\"ES-TRAD\">En cuanto al procedimiento de presentaci\u00f3n, concesi\u00f3n y seguimiento, \u201cel ADL del Ayuntamiento despu\u00e9s de estudiar la propuesta presentada y valorando el plan de empresa del proyecto, realizar\u00e1 un escrito en el que se indicar\u00e1 bajo su punto de vista la viabilidad o no del mismo, los interesados presentaran la propuesta por duplicado al Ayuntamiento y a la oficina de Caixa Popular que igualmente, estudiar\u00e1 la operaci\u00f3n presentada procediendo a su aprobaci\u00f3n o<span style=\"mso-spacerun: yes;\">\u00a0 <\/span>denegaci\u00f3n o, incluso podr\u00e1 proponer modificaciones sobre la propuesta presentada, informando del resultado al ADL del Ayuntamiento de L\u2019Olleria. <\/span><\/p>\n<p class=\"MsoNormal\" style=\"text-align: justify;\"><span style=\"font-size: 12.0pt; line-height: 115%;\" lang=\"ES-TRAD\">Por \u00faltimo, Jos\u00e9 Vidal ha reiterado su agradecimiento a Caixa Popular \u201cpor su colaboraci\u00f3n con este Ayuntamiento, no s\u00f3lo con este convenio que hoy firmamos sino con otras iniciativas como la tarjeta de pago de impuesto municipales que permite aplazar los pagos de impuestos 6 meses sin intereses\u201d.<\/span><\/p>\n","protected":false},"excerpt":{"rendered":"<p>&nbsp; &nbsp; El alcalde de L\u2019Olleria, Jos\u00e9 Vidal y el Coordinador de Zona de Caixa Popular de L\u2019Olleria, Miquel Grau, firmaban esta ma\u00f1ana un convenio de colaboraci\u00f3n cuyo principal objetivo tal y como ha explicado el primer edil \u201ces facilitar el cr\u00e9dito a nuestros emprendedores, comerciantes y empresarios, j\u00f3venes y asociaciones, un objetivo de suma [&hellip;]<\/p>\n","protected":false},"author":2,"featured_media":0,"comment_status":"closed","ping_status":"open","sticky":false,"template":"","format":"standard","meta":{"_monsterinsights_skip_tracking":false,"_monsterinsights_sitenote_active":false,"_monsterinsights_sitenote_note":"","_monsterinsights_sitenote_category":0},"categories":[171,12],"tags":[5,676,545,677,20],"_links":{"self":[{"href":"http:\/\/www.portaldelolleria.es\/index.php?rest_route=\/wp\/v2\/posts\/2916"}],"collection":[{"href":"http:\/\/www.portaldelolleria.es\/index.php?rest_route=\/wp\/v2\/posts"}],"about":[{"href":"http:\/\/www.portaldelolleria.es\/index.php?rest_route=\/wp\/v2\/types\/post"}],"author":[{"embeddable":true,"href":"http:\/\/www.portaldelolleria.es\/index.php?rest_route=\/wp\/v2\/users\/2"}],"replies":[{"embeddable":true,"href":"http:\/\/www.portaldelolleria.es\/index.php?rest_route=%2Fwp%2Fv2%2Fcomments&post=2916"}],"version-history":[{"count":1,"href":"http:\/\/www.portaldelolleria.es\/index.php?rest_route=\/wp\/v2\/posts\/2916\/revisions"}],"predecessor-version":[{"id":2918,"href":"http:\/\/www.portaldelolleria.es\/index.php?rest_route=\/wp\/v2\/posts\/2916\/revisions\/2918"}],"wp:attachment":[{"href":"http:\/\/www.portaldelolleria.es\/index.php?rest_route=%2Fwp%2Fv2%2Fmedia&parent=2916"}],"wp:term":[{"taxonomy":"category","embeddable":true,"href":"http:\/\/www.portaldelolleria.es\/index.php?rest_route=%2Fwp%2Fv2%2Fcategories&post=2916"},{"taxonomy":"post_tag","embeddable":true,"href":"http:\/\/www.portaldelolleria.es\/index.php?rest_route=%2Fwp%2Fv2%2Ftags&post=2916"}],"curies":[{"name":"wp","href":"https:\/\/api.w.org\/{rel}","templated":true}]}}