{"id":29370,"date":"2022-12-20T19:10:21","date_gmt":"2022-12-20T17:10:21","guid":{"rendered":"http:\/\/www.portaldelolleria.es\/?p=29370"},"modified":"2022-12-20T19:48:01","modified_gmt":"2022-12-20T17:48:01","slug":"el-maestro-fernando-arjona-premiado-con-el-8odan","status":"publish","type":"post","link":"http:\/\/www.portaldelolleria.es\/?p=29370","title":{"rendered":"El maestro Fern\u00e1ndo Arjona premiado con el 8\u00baDAN"},"content":{"rendered":"<div class=\"wp-block-image\">\n<figure class=\"aligncenter size-full\"><a href=\"http:\/\/www.portaldelolleria.es\/wp-content\/uploads\/2022\/12\/arjona.jpg\"><img loading=\"lazy\" width=\"598\" height=\"421\" src=\"http:\/\/www.portaldelolleria.es\/wp-content\/uploads\/2022\/12\/arjona.jpg\" alt=\"\" class=\"wp-image-29372\" srcset=\"http:\/\/www.portaldelolleria.es\/wp-content\/uploads\/2022\/12\/arjona.jpg 598w, http:\/\/www.portaldelolleria.es\/wp-content\/uploads\/2022\/12\/arjona-300x211.jpg 300w\" sizes=\"(max-width: 598px) 100vw, 598px\" \/><\/a><\/figure><\/div>\n\n\n<p>La Real Federaci\u00f3n Espa\u00f1ola de Taekwondo, y la Federaci\u00f3n Valencia de Taekwondo han otorgado a Fern\u00e1ndo Arjona Gil la obtenci\u00f3n de 8\u00baDAN  como recompensa por su profesionalidad y larga vida dedicada al Taekwondo.<\/p>\n\n\n\n<p>Con ello y tr\u00e1s el homenaje recibido por parte de L&#8217;Olleria como broche a su excelente carrera deportiva, el maestro sigue acumulando premios y menciones.   En esta ocasi\u00f3n el Comit\u00e9 de Recompensas de la Real Federaci\u00f3n Nacional de Taekwondo,  le otorgan el nuevo grado,  justo ocho a\u00f1os despu\u00e9s de la concesi\u00f3n del 7\u00baDAN (17\/12\/2014).<\/p>\n\n\n\n<p>El portador de este grado, \u00e9s reconocido  con el t\u00edtulo de <strong>Gran Maestro<\/strong><strong> \u00abChong Kwan\u00bb (<em>Jang Nim<\/em>)<\/strong>. Es el primero de dos t\u00edtulos que se entregan de forma honor\u00edfica.<\/p>\n\n\n\n<p>Con este nuevo premio, el maestro asciende otro rango, consagr\u00e1ndose como uno de los deportistas m\u00e1s laureados en la historia de  L&#8217;Olleria,  tras dedicar m\u00e1s de 43 a\u00f1os al Taekwondo.<\/p>\n","protected":false},"excerpt":{"rendered":"<p>La Real Federaci\u00f3n Espa\u00f1ola de Taekwondo, y la Federaci\u00f3n Valencia de Taekwondo han otorgado a Fern\u00e1ndo Arjona Gil la obtenci\u00f3n de 8\u00baDAN como recompensa por su profesionalidad y larga vida dedicada al Taekwondo. Con ello y tr\u00e1s el homenaje recibido por parte de L&#8217;Olleria como broche a su excelente carrera deportiva, el maestro sigue acumulando [&hellip;]<\/p>\n","protected":false},"author":1,"featured_media":0,"comment_status":"closed","ping_status":"open","sticky":false,"template":"","format":"standard","meta":{"_monsterinsights_skip_tracking":false,"_monsterinsights_sitenote_active":false,"_monsterinsights_sitenote_note":"","_monsterinsights_sitenote_category":0},"categories":[9,12],"tags":[],"_links":{"self":[{"href":"http:\/\/www.portaldelolleria.es\/index.php?rest_route=\/wp\/v2\/posts\/29370"}],"collection":[{"href":"http:\/\/www.portaldelolleria.es\/index.php?rest_route=\/wp\/v2\/posts"}],"about":[{"href":"http:\/\/www.portaldelolleria.es\/index.php?rest_route=\/wp\/v2\/types\/post"}],"author":[{"embeddable":true,"href":"http:\/\/www.portaldelolleria.es\/index.php?rest_route=\/wp\/v2\/users\/1"}],"replies":[{"embeddable":true,"href":"http:\/\/www.portaldelolleria.es\/index.php?rest_route=%2Fwp%2Fv2%2Fcomments&post=29370"}],"version-history":[{"count":4,"href":"http:\/\/www.portaldelolleria.es\/index.php?rest_route=\/wp\/v2\/posts\/29370\/revisions"}],"predecessor-version":[{"id":29376,"href":"http:\/\/www.portaldelolleria.es\/index.php?rest_route=\/wp\/v2\/posts\/29370\/revisions\/29376"}],"wp:attachment":[{"href":"http:\/\/www.portaldelolleria.es\/index.php?rest_route=%2Fwp%2Fv2%2Fmedia&parent=29370"}],"wp:term":[{"taxonomy":"category","embeddable":true,"href":"http:\/\/www.portaldelolleria.es\/index.php?rest_route=%2Fwp%2Fv2%2Fcategories&post=29370"},{"taxonomy":"post_tag","embeddable":true,"href":"http:\/\/www.portaldelolleria.es\/index.php?rest_route=%2Fwp%2Fv2%2Ftags&post=29370"}],"curies":[{"name":"wp","href":"https:\/\/api.w.org\/{rel}","templated":true}]}}