{"id":29499,"date":"2023-02-02T15:55:37","date_gmt":"2023-02-02T13:55:37","guid":{"rendered":"http:\/\/www.portaldelolleria.es\/?p=29499"},"modified":"2023-02-02T15:58:10","modified_gmt":"2023-02-02T13:58:10","slug":"lolleria-conmemora-el-dia-contra-el-cancer","status":"publish","type":"post","link":"http:\/\/www.portaldelolleria.es\/?p=29499","title":{"rendered":"L&#8217;Olleria conmemora el D\u00eda Contra el C\u00e1ncer"},"content":{"rendered":"<div class=\"wp-block-image\">\n<figure class=\"aligncenter size-full\"><a href=\"http:\/\/www.portaldelolleria.es\/wp-content\/uploads\/2023\/02\/cancer_olleria_1.jpg\"><img loading=\"lazy\" width=\"598\" height=\"396\" src=\"http:\/\/www.portaldelolleria.es\/wp-content\/uploads\/2023\/02\/cancer_olleria_1.jpg\" alt=\"\" class=\"wp-image-29501\" srcset=\"http:\/\/www.portaldelolleria.es\/wp-content\/uploads\/2023\/02\/cancer_olleria_1.jpg 598w, http:\/\/www.portaldelolleria.es\/wp-content\/uploads\/2023\/02\/cancer_olleria_1-300x199.jpg 300w\" sizes=\"(max-width: 598px) 100vw, 598px\" \/><\/a><\/figure><\/div>\n\n\n<p style=\"font-size:10px\"><em>NPW: Ajuntament de L&#8217;Olleria, 02\/02\/2023<\/em>.<\/p>\n\n\n\n<p class=\"has-small-font-size\"><em>La plaza de la Vila se ha inundado de globos esta ma\u00f1ana, a trav\u00e9s de esta iniciativa de Contra el C\u00e1ncer L&#8217;Olleria, con la colaboraci\u00f3n de los vecinos y las vecinas para visibilizar el apoyo frente el c\u00e1ncer y a las personas afectadas por esta dolencia.<\/em><\/p>\n\n\n\n<p>El Ayuntamiento de L&#8217;Olleria, Contra el C\u00e1ncer L&#8217;Olleria y los vecinos y las vecinas del municipio han participado esta ma\u00f1ana en el acto solidario formando un gran lazo de color verde en la plaza de la Vila. El objetivo de la asociaci\u00f3n local en la conmemoraci\u00f3n del D\u00eda Contra el C\u00e1ncer, que se celebrar\u00e1 mundialmente el pr\u00f3ximo s\u00e1bado 4 de febrero, ha sido lo de concienciar y movilizar a la sociedad espa\u00f1ola sobre la importancia de sumar los recursos y las capacidades de todos alrededor de un gran programa de acci\u00f3n contra el c\u00e1ncer.&nbsp;<\/p>\n\n\n\n<p>En la conmemoraci\u00f3n han estado presentes el alcalde de L&#8217;Olleria, Ram\u00f3n Vidal, y los concejales Daniel Semper y Aida Giner. Adem\u00e1s, la presidenta de Contra el C\u00e1ncer L&#8217;Olleria, M\u00aa Teresa Catal\u00e1n, junto a todas las voluntarias, ha realizado la lectura de un manifiesto con las principales peticiones para avanzar frente el c\u00e1ncer que pasan por las premisas de la divulgaci\u00f3n, la prevenci\u00f3n, la atenci\u00f3n y la investigaci\u00f3n.&nbsp;<\/p>\n\n\n\n<p>El alcalde de L&#8217;Olleria, Ram\u00f3n Vidal, ha recordado la relevancia que tienen las acciones que se realizan desde Contra el C\u00e1ncer L&#8217;Olleria: \u201cL&#8217;Olleria es un municipio cada d\u00eda m\u00e1s solidario gracias a la gran labor de nuestra asociaci\u00f3n local. El pasado octubre recaudamos casi 15 euros a la marcha solidaria RunC\u00e0ncer y nuestro trabajo es continuar concienciando a todos y a todas de esta obligaci\u00f3n social que tenemos para combatir esta dolencia\u201d, ha finalizado el primer edil.<\/p>\n\n\n<div class=\"wp-block-image\">\n<figure class=\"aligncenter size-full\"><a href=\"http:\/\/www.portaldelolleria.es\/wp-content\/uploads\/2023\/02\/cancer_olleria_2.jpg\"><img loading=\"lazy\" width=\"598\" height=\"339\" src=\"http:\/\/www.portaldelolleria.es\/wp-content\/uploads\/2023\/02\/cancer_olleria_2.jpg\" alt=\"\" class=\"wp-image-29500\" srcset=\"http:\/\/www.portaldelolleria.es\/wp-content\/uploads\/2023\/02\/cancer_olleria_2.jpg 598w, http:\/\/www.portaldelolleria.es\/wp-content\/uploads\/2023\/02\/cancer_olleria_2-300x170.jpg 300w\" sizes=\"(max-width: 598px) 100vw, 598px\" \/><\/a><\/figure><\/div>\n\n\n<p class=\"has-text-color has-small-font-size\" style=\"color:#18567a\"><em>La pla\u00e7a de la Vila s\u2019ha inundat de globus este mat\u00ed, a trav\u00e9s d\u2019esta iniciativa de Contra el C\u00e0ncer L\u2019Olleria, amb la col\u00b7laboraci\u00f3 dels ve\u00efns i les ve\u00efnes per tal de visibilitzar el suport front el c\u00e0ncer i a les persones afectades per esta malaltia.<\/em><\/p>\n\n\n\n<p class=\"has-text-color\" style=\"color:#18567a\">L\u2019Ajuntament de L\u2019Olleria, Contra el C\u00e0ncer L\u2019Olleria i els ve\u00efns i les ve\u00efnes del municipi han participat este mat\u00ed en l\u2019acte solidari formant un gran lla\u00e7 de color verd a la pla\u00e7a de la Vila. L\u2019objectiu de l\u2019associaci\u00f3 local en la commemoraci\u00f3 del Dia Contra el C\u00e0ncer, que es celebrar\u00e0 mundialment el pr\u00f2xim dissabte 4 de febrer, ha sigut el de conscienciar i mobilitzar a la societat espanyola sobre la import\u00e0ncia de sumar els recursos i les capacitats de tots al voltant d\u2019un gran programa d\u2019acci\u00f3 contra el c\u00e0ncer.&nbsp;<\/p>\n\n\n\n<p class=\"has-text-color\" style=\"color:#18567a\">En la commemoraci\u00f3 han estat presents l\u2019alcalde de L\u2019Olleria, Ram\u00f3n Vidal, i els regidors Daniel Semper i Aida Giner. A m\u00e9s, la presidenta de Contra el C\u00e0ncer L\u2019Olleria, M\u00aa Teresa Catalan, junt a totes les volunt\u00e0ries, ha realitzat la lectura d\u2019un manifest amb les principals peticions per avan\u00e7ar front el c\u00e0ncer que passen per les premisses de la divulgaci\u00f3, la prevenci\u00f3, l\u2019atenci\u00f3 i la investigaci\u00f3.&nbsp;<\/p>\n\n\n\n<p class=\"has-text-color\" style=\"color:#18567a\">L\u2019alcalde de L\u2019Olleria, Ram\u00f3n Vidal, ha recordat la rellev\u00e0ncia que tenen les accions que es realitzen des de Contra el C\u00e0ncer L\u2019Olleria: \u201cL\u2019Olleria \u00e9s un municipi cada dia m\u00e9s solidari gr\u00e0cies a la gran labor de la nostra associaci\u00f3 local. El passat octubre vam recaptar quasi 15 euros a la marxa solid\u00e0ria RunC\u00e0ncer i el nostre treball \u00e9s continuar conscienciant a tots i a totes d\u2019esta obligaci\u00f3 social que tenim per tal de combatre esta malaltia\u201d, ha finalitzat el primer edil.<\/p>\n","protected":false},"excerpt":{"rendered":"<p>NPW: Ajuntament de L&#8217;Olleria, 02\/02\/2023. La plaza de la Vila se ha inundado de globos esta ma\u00f1ana, a trav\u00e9s de esta iniciativa de Contra el C\u00e1ncer L&#8217;Olleria, con la colaboraci\u00f3n de los vecinos y las vecinas para visibilizar el apoyo frente el c\u00e1ncer y a las personas afectadas por esta dolencia. El Ayuntamiento de L&#8217;Olleria, [&hellip;]<\/p>\n","protected":false},"author":1,"featured_media":0,"comment_status":"closed","ping_status":"open","sticky":false,"template":"","format":"standard","meta":{"_monsterinsights_skip_tracking":false,"_monsterinsights_sitenote_active":false,"_monsterinsights_sitenote_note":"","_monsterinsights_sitenote_category":0},"categories":[3,12],"tags":[],"_links":{"self":[{"href":"http:\/\/www.portaldelolleria.es\/index.php?rest_route=\/wp\/v2\/posts\/29499"}],"collection":[{"href":"http:\/\/www.portaldelolleria.es\/index.php?rest_route=\/wp\/v2\/posts"}],"about":[{"href":"http:\/\/www.portaldelolleria.es\/index.php?rest_route=\/wp\/v2\/types\/post"}],"author":[{"embeddable":true,"href":"http:\/\/www.portaldelolleria.es\/index.php?rest_route=\/wp\/v2\/users\/1"}],"replies":[{"embeddable":true,"href":"http:\/\/www.portaldelolleria.es\/index.php?rest_route=%2Fwp%2Fv2%2Fcomments&post=29499"}],"version-history":[{"count":2,"href":"http:\/\/www.portaldelolleria.es\/index.php?rest_route=\/wp\/v2\/posts\/29499\/revisions"}],"predecessor-version":[{"id":29503,"href":"http:\/\/www.portaldelolleria.es\/index.php?rest_route=\/wp\/v2\/posts\/29499\/revisions\/29503"}],"wp:attachment":[{"href":"http:\/\/www.portaldelolleria.es\/index.php?rest_route=%2Fwp%2Fv2%2Fmedia&parent=29499"}],"wp:term":[{"taxonomy":"category","embeddable":true,"href":"http:\/\/www.portaldelolleria.es\/index.php?rest_route=%2Fwp%2Fv2%2Fcategories&post=29499"},{"taxonomy":"post_tag","embeddable":true,"href":"http:\/\/www.portaldelolleria.es\/index.php?rest_route=%2Fwp%2Fv2%2Ftags&post=29499"}],"curies":[{"name":"wp","href":"https:\/\/api.w.org\/{rel}","templated":true}]}}