{"id":2951,"date":"2013-05-06T20:12:47","date_gmt":"2013-05-06T19:12:47","guid":{"rendered":"http:\/\/www.portaldelolleria.es\/?p=2951"},"modified":"2013-05-06T21:20:40","modified_gmt":"2013-05-06T20:20:40","slug":"se-convoca-la-primera-edicion-del-premio-mon%e2%80%a2doc","status":"publish","type":"post","link":"http:\/\/www.portaldelolleria.es\/?p=2951","title":{"rendered":"Se convoca la primera edici\u00f3n del Premio MON\u2022DOC"},"content":{"rendered":"<p><a href=\"http:\/\/www.portaldelolleria.es\/wp-content\/uploads\/2013\/05\/mondoc.jpg\"><img loading=\"lazy\" class=\"aligncenter size-full wp-image-2952\" title=\"mondoc\" src=\"http:\/\/www.portaldelolleria.es\/wp-content\/uploads\/2013\/05\/mondoc.jpg\" alt=\"\" width=\"598\" height=\"398\" srcset=\"http:\/\/www.portaldelolleria.es\/wp-content\/uploads\/2013\/05\/mondoc.jpg 598w, http:\/\/www.portaldelolleria.es\/wp-content\/uploads\/2013\/05\/mondoc-300x199.jpg 300w\" sizes=\"(max-width: 598px) 100vw, 598px\" \/><\/a><\/p>\n<p>&nbsp;<\/p>\n<p>Ajuntament de Montaverner\u00a0 (nota de prensa)<\/p>\n<p align=\"center\"><strong>Se convoca la primera edici\u00f3n del Premio MON\u00b7DOC, dentro de la 5\u00aa edici\u00f3n de la Mostra Internacional de Cinema Documental de Montaverner<\/strong><\/p>\n<p align=\"center\"><strong>\u00a0<\/strong><\/p>\n<p>La organizaci\u00f3n de la Mostra Internacional de Cinema Documental de Montaverner publica las bases de la convocatoria del Premio MON\u00b7DOC. Este nuevo galard\u00f3n, en que podr\u00e1n participar documentales valencianos producidos entre 2011 y 2013, supone un paso adelante para la \u00fanica muestra de cine documental que se realiza en nuestra comunidad. Este a\u00f1o MON\u00b7DOC se celebrar\u00e1 del 19 al 26 de octubre en Montaverner.<\/p>\n<p>&nbsp;<\/p>\n<p>Se establecen dos categor\u00edas en el festival, largometrajes y cortometrajes. Para cada una de ellas se crear\u00e1 un jurado que valorar\u00e1 los documentales participantes, eligiendo cinco finalistas y premiando al mejor en cada categor\u00eda. Los cinco documentales elegidos por el jurado ser\u00e1n los que formen la programaci\u00f3n de la <em>secci\u00f3n oficial<\/em> del festival y se proyectar\u00e1n de lunes a viernes. Adem\u00e1s, tanto el largo como el cortometraje ganadores se volver\u00e1n a proyectar el s\u00e1bado 26, tras la gala de clausura y entrega de premios a los ganadores. En esta gala tambi\u00e9n se entregar\u00e1 el Premio del P\u00fablico, que ser\u00e1 elegido por los asistentes a las proyecciones.<\/p>\n<p>&nbsp;<\/p>\n<p>Adem\u00e1s de la <em>secci\u00f3n oficial<\/em>, el festival mantiene la <em>secci\u00f3n mostra<\/em>, en que se proyectar\u00e1n, fuera de concurso, documentales de prestigio, tanto nacionales como internacionales, buscando conjugar los documentales premiados y reconocidos con aquellos que han tenido menos difusi\u00f3n pero que la organizaci\u00f3n considera de inter\u00e9s para los espectadores.<\/p>\n<p>&nbsp;<\/p>\n<p>La organizaci\u00f3n espera tener una buena participaci\u00f3n que permita, en pr\u00f3ximas ediciones, consolidar este nuevo proyecto que inicia MON\u00b7DOC, buscando, m\u00e1s que nunca, que la Mostra se convierta en un punto de encuentro entre profesionales y aficionados al cine documental y que permita a los j\u00f3venes realizadores que est\u00e1n empezando tener sus primeros contactos con el p\u00fablico i proyectar sus trabajos.<\/p>\n<p>&nbsp;<\/p>\n<p>Las bases del certamen y el formulario de inscripci\u00f3n est\u00e1n disponibles en la web:<a href=\" http:\/\/montdoc.blogspot.com.es\" target=\"_blank\"> http:\/\/montdoc.blogspot.com.es<\/a>.<\/p>\n","protected":false},"excerpt":{"rendered":"<p>&nbsp; Ajuntament de Montaverner\u00a0 (nota de prensa) Se convoca la primera edici\u00f3n del Premio MON\u00b7DOC, dentro de la 5\u00aa edici\u00f3n de la Mostra Internacional de Cinema Documental de Montaverner \u00a0 La organizaci\u00f3n de la Mostra Internacional de Cinema Documental de Montaverner publica las bases de la convocatoria del Premio MON\u00b7DOC. Este nuevo galard\u00f3n, en que [&hellip;]<\/p>\n","protected":false},"author":2,"featured_media":0,"comment_status":"closed","ping_status":"open","sticky":false,"template":"","format":"standard","meta":{"_monsterinsights_skip_tracking":false,"_monsterinsights_sitenote_active":false,"_monsterinsights_sitenote_note":"","_monsterinsights_sitenote_category":0},"categories":[15,12],"tags":[297,298,426,425,427],"_links":{"self":[{"href":"http:\/\/www.portaldelolleria.es\/index.php?rest_route=\/wp\/v2\/posts\/2951"}],"collection":[{"href":"http:\/\/www.portaldelolleria.es\/index.php?rest_route=\/wp\/v2\/posts"}],"about":[{"href":"http:\/\/www.portaldelolleria.es\/index.php?rest_route=\/wp\/v2\/types\/post"}],"author":[{"embeddable":true,"href":"http:\/\/www.portaldelolleria.es\/index.php?rest_route=\/wp\/v2\/users\/2"}],"replies":[{"embeddable":true,"href":"http:\/\/www.portaldelolleria.es\/index.php?rest_route=%2Fwp%2Fv2%2Fcomments&post=2951"}],"version-history":[{"count":1,"href":"http:\/\/www.portaldelolleria.es\/index.php?rest_route=\/wp\/v2\/posts\/2951\/revisions"}],"predecessor-version":[{"id":2953,"href":"http:\/\/www.portaldelolleria.es\/index.php?rest_route=\/wp\/v2\/posts\/2951\/revisions\/2953"}],"wp:attachment":[{"href":"http:\/\/www.portaldelolleria.es\/index.php?rest_route=%2Fwp%2Fv2%2Fmedia&parent=2951"}],"wp:term":[{"taxonomy":"category","embeddable":true,"href":"http:\/\/www.portaldelolleria.es\/index.php?rest_route=%2Fwp%2Fv2%2Fcategories&post=2951"},{"taxonomy":"post_tag","embeddable":true,"href":"http:\/\/www.portaldelolleria.es\/index.php?rest_route=%2Fwp%2Fv2%2Ftags&post=2951"}],"curies":[{"name":"wp","href":"https:\/\/api.w.org\/{rel}","templated":true}]}}