{"id":29693,"date":"2023-03-13T22:30:35","date_gmt":"2023-03-13T20:30:35","guid":{"rendered":"http:\/\/www.portaldelolleria.es\/?p=29693"},"modified":"2023-03-13T22:30:37","modified_gmt":"2023-03-13T20:30:37","slug":"lolleria-cf-vuelve-de-vacio-en-su-visita-a-carcaixent","status":"publish","type":"post","link":"http:\/\/www.portaldelolleria.es\/?p=29693","title":{"rendered":"L&#8217;Olleria CF, vuelve de \u00abvacio\u00bb en su visita a Carcaixent"},"content":{"rendered":"\n<p><\/p>\n\n\n<div class=\"wp-block-image\">\n<figure class=\"aligncenter size-full\"><a href=\"http:\/\/www.portaldelolleria.es\/wp-content\/uploads\/2023\/03\/carcaixent_3.jpg\"><img loading=\"lazy\" width=\"598\" height=\"422\" src=\"http:\/\/www.portaldelolleria.es\/wp-content\/uploads\/2023\/03\/carcaixent_3.jpg\" alt=\"\" class=\"wp-image-29702\" srcset=\"http:\/\/www.portaldelolleria.es\/wp-content\/uploads\/2023\/03\/carcaixent_3.jpg 598w, http:\/\/www.portaldelolleria.es\/wp-content\/uploads\/2023\/03\/carcaixent_3-300x212.jpg 300w\" sizes=\"(max-width: 598px) 100vw, 598px\" \/><\/a><\/figure><\/div>\n\n\n<p>UD Carcaixent 2-0  L&#8217;Olleria CF<\/p>\n\n\n\n<p>Emotivo homenaje a <strong>Pascual Mic\u00f3,<\/strong>   aficionado de L&#8217;Olleria CF, que falleci\u00f3 en el campo de Carcaixent en septiembre de 2018 por causas naturales.   La cita permiti\u00f3 reunir a los dos equipos, que presentaron, con sus presidentes al frente, merecido reconocimiento al desafortunado aficionado, depositando un ramo de flores en la porter\u00eda sur.  DEP.<\/p>\n\n\n<div class=\"wp-block-image\">\n<figure class=\"aligncenter size-full\"><a href=\"http:\/\/www.portaldelolleria.es\/wp-content\/uploads\/2023\/03\/carcaixent_4.jpg\"><img loading=\"lazy\" width=\"598\" height=\"399\" src=\"http:\/\/www.portaldelolleria.es\/wp-content\/uploads\/2023\/03\/carcaixent_4.jpg\" alt=\"\" class=\"wp-image-29697\" srcset=\"http:\/\/www.portaldelolleria.es\/wp-content\/uploads\/2023\/03\/carcaixent_4.jpg 598w, http:\/\/www.portaldelolleria.es\/wp-content\/uploads\/2023\/03\/carcaixent_4-300x200.jpg 300w\" sizes=\"(max-width: 598px) 100vw, 598px\" \/><\/a><\/figure><\/div>\n\n\n<p class=\"has-text-align-center\">_________________________________________<\/p>\n\n\n\n<p>Tras este merecido tributo, en la parte deportiva una bonita tarde de futbol para los locales y un \u00abdesastre\u00bb para los nuestros, que nos tienen acostumbrados a las victorias, y esta vez no  pudo ser.<\/p>\n\n\n<div class=\"wp-block-image\">\n<figure class=\"aligncenter size-full\"><a href=\"http:\/\/www.portaldelolleria.es\/wp-content\/uploads\/2023\/03\/carcaixent_1.jpg\"><img loading=\"lazy\" width=\"598\" height=\"153\" src=\"http:\/\/www.portaldelolleria.es\/wp-content\/uploads\/2023\/03\/carcaixent_1.jpg\" alt=\"\" class=\"wp-image-29696\" srcset=\"http:\/\/www.portaldelolleria.es\/wp-content\/uploads\/2023\/03\/carcaixent_1.jpg 598w, http:\/\/www.portaldelolleria.es\/wp-content\/uploads\/2023\/03\/carcaixent_1-300x77.jpg 300w\" sizes=\"(max-width: 598px) 100vw, 598px\" \/><\/a><\/figure><\/div>\n\n\n<p>La jornada comenzaba para los mas \u00abfantasiosos\u00bb aficionados, con la posibilidad de ponerse a 1 punto del l\u00edder, y dejar al tercero a 12.   La fantas\u00eda se qued\u00f3 con los dem\u00e1s equipos,  ya que el lider se pone a 7 puntos de L&#8217;Olleria, y el inmediato perseguidor, la UD Castellonense, se sit\u00faa a 6 del segundo puesto, y ya obliga a l&#8217;Olleria, a ajustar el retrovisor. En esta jornada, le endos\u00f3 7 goles a Benig\u00e0nim a domicilio.  El Ontinyent 1931 por su parte sigue invicto, lo que demuestra que su destacado liderato no es fruto de la casualidad, y este fin de semana ha resuelto ante un complicado visitante como \u00e9s la Fon D&#8217;encarros.  <\/p>\n\n\n\n<p>L&#8217;Olleria no se ha complicado la vida, pero la verdad es que esta jornada ha sido para olvidar.  Pocas veces falla, pero cuando lo hace parece que todo queda en \u00abtela de juicio\u00bb.  Injusto, teniendo en cuenta la excelente temporada que llevan y defendiendo con autoridad el segundo puesto.  Ayer el bal\u00f3n no entr\u00f3, pero la segunda parte realizada por los ollerienses merec\u00eda algo m\u00e1s que volver sin puntos.<\/p>\n\n\n<div class=\"wp-block-image\">\n<figure class=\"aligncenter size-full\"><a href=\"http:\/\/www.portaldelolleria.es\/wp-content\/uploads\/2023\/03\/carcaixent_2.jpg\"><img loading=\"lazy\" width=\"598\" height=\"399\" src=\"http:\/\/www.portaldelolleria.es\/wp-content\/uploads\/2023\/03\/carcaixent_2.jpg\" alt=\"\" class=\"wp-image-29698\" srcset=\"http:\/\/www.portaldelolleria.es\/wp-content\/uploads\/2023\/03\/carcaixent_2.jpg 598w, http:\/\/www.portaldelolleria.es\/wp-content\/uploads\/2023\/03\/carcaixent_2-300x200.jpg 300w\" sizes=\"(max-width: 598px) 100vw, 598px\" \/><\/a><\/figure><\/div>\n\n\n<p>La primera parte, fu\u00e9 una sesi\u00f3n en la que los ollerienses, se buscaban asi mismos,  deshabituados a jugar en cesped natural , la realidad, es que el equipo no estaba c\u00f3modo, b\u00e1sicamente por el planteamiento del  Carcaixent,  que puso sus esfuerzos en una buena defensa, taponar el centro del campo y  peligrosas contras, esperando pacientemente su oportunidad.  En el 33&#8242; recib\u00edan su premio  tras un  rechace de Victor Exp\u00f3sito,  que se \u00abencontr\u00f3\u00bb el delantero local, Seral, (ariete a la vieja usanza), para conseguir el gol que apuntalaba el planteamiento local y que se mantuvo hasta el final del primer acto. L&#8217;Olleria  a\u00fan as\u00ed dispuso de algunas ocasi\u00f3nes aisladas tanto para adelantarse en el marcador, como para empatar en los \u00faltimos minutos previos al descanso. No estaban saliendo bien las cosas para los ollerienses, que acababan precipit\u00e1ndose, trat\u00e1ndo de burlar la muralla del centro campo.<\/p>\n\n\n\n<p>La reanudaci\u00f3n L&#8217;Olleria retomaba la contienda,  con las ideas m\u00e1s frescas, y  volv\u00eda a semejarse al equipo de toda la temporada,  largas posesiones, r\u00e1pidas combinaciones y un abanico de ocasiones para empatar el encuentro. Se intent\u00f3 de muchas formas, lanzamientos de corner, disparos lejanos,  pero ayer el bal\u00f3n no estaba por entrar, y cuando lo hizo, se le se\u00f1aliz\u00f3 un \u00abdudoso\u00bb fuera de juego a Ra\u00fal Moll\u00e0.  En medio peligrosas contras de los de la Ribera Alta, que volvieron a tener premio en el 90&#8242;, tras un remate directo desde el lateral de la porteria de Victor Exp\u00f3sito.<\/p>\n\n\n<div class=\"wp-block-image\">\n<figure class=\"aligncenter size-full\"><a href=\"http:\/\/www.portaldelolleria.es\/wp-content\/uploads\/2023\/03\/jornada26_res.jpg\"><img loading=\"lazy\" width=\"396\" height=\"324\" src=\"http:\/\/www.portaldelolleria.es\/wp-content\/uploads\/2023\/03\/jornada26_res.jpg\" alt=\"\" class=\"wp-image-29700\" srcset=\"http:\/\/www.portaldelolleria.es\/wp-content\/uploads\/2023\/03\/jornada26_res.jpg 396w, http:\/\/www.portaldelolleria.es\/wp-content\/uploads\/2023\/03\/jornada26_res-300x245.jpg 300w\" sizes=\"(max-width: 396px) 100vw, 396px\" \/><\/a><figcaption><a rel=\"noreferrer noopener\" href=\"https:\/\/www.resultados-futbol.com\/valenciana\/grupo3\" target=\"_blank\">resultados-futbol.com<\/a><\/figcaption><\/figure><\/div>\n\n\n<p><strong>FICHA T\u00c9CNICA:<\/strong><\/p>\n\n\n\n<p><strong>UD CARCAIXENT:<\/strong> Dom\u00e9nech; Carlo, Vicent Andr\u00e9s, Salva Pla (Oltra, 72&#8242;), V\u00edctor Bou (Alexandre, 72&#8242;), Coke, Edu L\u00f3pez, Iz\u00e1n, Rub\u00e9n Bella, Aitor y Seral.<\/p>\n\n\n\n<p><strong>EL OLLERIA CF:<\/strong> V\u00edctor Exp\u00f3sito; Jos\u00e9 Brines (Nico Albi\u00f1ana, 72&#8242;), Ra\u00fal Moll\u00e1, Emilio Gil (Yeray Pastor, 71&#8242;), Gonza (Marco Escriv\u00e1, 82&#8242;), Alejandro Tormo, V\u00edctor Mu\u00f1oz (Christian Escriv\u00e1, 82&#8242;), Emilio Ortol\u00e1, Nico Ch\u00e1fer (\u00c1lex Pantoja, 71&#8242;), \u00c1lex D\u00edaz y LLuch<\/p>\n\n\n<div class=\"wp-block-image\">\n<figure class=\"aligncenter size-full\"><a href=\"http:\/\/www.portaldelolleria.es\/wp-content\/uploads\/2023\/03\/jornada26_clas.jpg\"><img loading=\"lazy\" width=\"588\" height=\"564\" src=\"http:\/\/www.portaldelolleria.es\/wp-content\/uploads\/2023\/03\/jornada26_clas.jpg\" alt=\"\" class=\"wp-image-29701\" srcset=\"http:\/\/www.portaldelolleria.es\/wp-content\/uploads\/2023\/03\/jornada26_clas.jpg 588w, http:\/\/www.portaldelolleria.es\/wp-content\/uploads\/2023\/03\/jornada26_clas-300x288.jpg 300w\" sizes=\"(max-width: 588px) 100vw, 588px\" \/><\/a><figcaption><a href=\"https:\/\/www.resultados-futbol.com\/valenciana\/grupo3\" target=\"_blank\" rel=\"noreferrer noopener\">resultados-futbol.com<\/a><\/figcaption><\/figure><\/div>\n\n\n<p><\/p>\n\n\n\n<figure class=\"wp-block-embed aligncenter is-type-video is-provider-youtube wp-block-embed-youtube wp-embed-aspect-16-9 wp-has-aspect-ratio\"><div class=\"wp-block-embed__wrapper\">\n<iframe loading=\"lazy\" title=\"RESUM DEL UD CARCAIXENT - L&#039;OLLERIA CF | TEMPORADA 2022-2023\" width=\"500\" height=\"281\" src=\"https:\/\/www.youtube.com\/embed\/alds7yQCW10?feature=oembed\" frameborder=\"0\" allow=\"accelerometer; autoplay; clipboard-write; encrypted-media; gyroscope; picture-in-picture; web-share\" allowfullscreen><\/iframe>\n<\/div><\/figure>\n","protected":false},"excerpt":{"rendered":"<p>UD Carcaixent 2-0 L&#8217;Olleria CF Emotivo homenaje a Pascual Mic\u00f3, aficionado de L&#8217;Olleria CF, que falleci\u00f3 en el campo de Carcaixent en septiembre de 2018 por causas naturales. La cita permiti\u00f3 reunir a los dos equipos, que presentaron, con sus presidentes al frente, merecido reconocimiento al desafortunado aficionado, depositando un ramo de flores en la [&hellip;]<\/p>\n","protected":false},"author":1,"featured_media":0,"comment_status":"closed","ping_status":"open","sticky":false,"template":"","format":"standard","meta":{"_monsterinsights_skip_tracking":false,"_monsterinsights_sitenote_active":false,"_monsterinsights_sitenote_note":"","_monsterinsights_sitenote_category":0},"categories":[9,12],"tags":[],"_links":{"self":[{"href":"http:\/\/www.portaldelolleria.es\/index.php?rest_route=\/wp\/v2\/posts\/29693"}],"collection":[{"href":"http:\/\/www.portaldelolleria.es\/index.php?rest_route=\/wp\/v2\/posts"}],"about":[{"href":"http:\/\/www.portaldelolleria.es\/index.php?rest_route=\/wp\/v2\/types\/post"}],"author":[{"embeddable":true,"href":"http:\/\/www.portaldelolleria.es\/index.php?rest_route=\/wp\/v2\/users\/1"}],"replies":[{"embeddable":true,"href":"http:\/\/www.portaldelolleria.es\/index.php?rest_route=%2Fwp%2Fv2%2Fcomments&post=29693"}],"version-history":[{"count":4,"href":"http:\/\/www.portaldelolleria.es\/index.php?rest_route=\/wp\/v2\/posts\/29693\/revisions"}],"predecessor-version":[{"id":29703,"href":"http:\/\/www.portaldelolleria.es\/index.php?rest_route=\/wp\/v2\/posts\/29693\/revisions\/29703"}],"wp:attachment":[{"href":"http:\/\/www.portaldelolleria.es\/index.php?rest_route=%2Fwp%2Fv2%2Fmedia&parent=29693"}],"wp:term":[{"taxonomy":"category","embeddable":true,"href":"http:\/\/www.portaldelolleria.es\/index.php?rest_route=%2Fwp%2Fv2%2Fcategories&post=29693"},{"taxonomy":"post_tag","embeddable":true,"href":"http:\/\/www.portaldelolleria.es\/index.php?rest_route=%2Fwp%2Fv2%2Ftags&post=29693"}],"curies":[{"name":"wp","href":"https:\/\/api.w.org\/{rel}","templated":true}]}}