{"id":2994,"date":"2013-05-09T12:57:31","date_gmt":"2013-05-09T11:57:31","guid":{"rendered":"http:\/\/www.portaldelolleria.es\/?p=2994"},"modified":"2013-05-15T10:47:37","modified_gmt":"2013-05-15T09:47:37","slug":"el-alcalde-y-el-concejal-de-deportes-de-l%e2%80%99olleria-reciben-a-fernando-arjona","status":"publish","type":"post","link":"http:\/\/www.portaldelolleria.es\/?p=2994","title":{"rendered":"El Alcalde y el Concejal de Deportes de L\u2019Olleria reciben a Fernando Arjona"},"content":{"rendered":"<p><a href=\"http:\/\/www.portaldelolleria.es\/wp-content\/uploads\/2013\/05\/fernando.jpg\"><img loading=\"lazy\" class=\"aligncenter size-full wp-image-2996\" title=\"fernando\" src=\"http:\/\/www.portaldelolleria.es\/wp-content\/uploads\/2013\/05\/fernando.jpg\" alt=\"\" width=\"598\" height=\"398\" srcset=\"http:\/\/www.portaldelolleria.es\/wp-content\/uploads\/2013\/05\/fernando.jpg 598w, http:\/\/www.portaldelolleria.es\/wp-content\/uploads\/2013\/05\/fernando-300x199.jpg 300w\" sizes=\"(max-width: 598px) 100vw, 598px\" \/><\/a><\/p>\n<p>&nbsp;<\/p>\n<p>&nbsp;<\/p>\n<p class=\"MsoNormal\"><em><span style=\"font-size: 14.0pt; line-height: 115%; mso-bidi-font-family: Calibri; mso-ansi-language: ES; mso-fareast-language: ES;\">Le entregaban <\/span><\/em><em style=\"mso-bidi-font-style: normal;\"><span style=\"font-size: 14.0pt; line-height: 115%;\" lang=\"ES-TRAD\"><span style=\"mso-spacerun: yes;\">\u00a0<\/span>la medalla de plata al m\u00e9rito deportivo el pasado 2 de mayo<\/span><\/em><\/p>\n<p class=\"MsoNormal\"><strong style=\"mso-bidi-font-weight: normal;\"><span style=\"font-size: 14.0pt; line-height: 115%;\" lang=\"ES-TRAD\">\u00a0<\/span><\/strong><\/p>\n<p class=\"MsoNormal\" style=\"text-align: justify;\"><span style=\"font-size: 12.0pt; line-height: 115%;\" lang=\"ES-TRAD\">El alcalde de L\u2019Olleria, Jos\u00e9 Vidal y el concejal de Deportes, Vicente Oviedo han recibido esta ma\u00f1ana en el Ayuntamiento a Fernando Arjona, entrenador y coordinador de las Escuelas Deportivas Municipales de Taekwondo que recib\u00eda la medalla de plata al m\u00e9rito deportivo el pasado jueves en la Nucia <\/span><span style=\"font-size: 12.0pt; line-height: 115%; mso-ansi-language: CA;\" lang=\"CA\">en la <\/span><span style=\"font-size: 12.0pt; line-height: 115%;\" lang=\"ES-TRAD\">Gala de los Premios Nacionales de la Real Federaci\u00f3n Espa\u00f1ola de Taekwondo.<\/span><\/p>\n<p class=\"MsoNormal\" style=\"text-align: justify;\"><span style=\"font-size: 12.0pt; line-height: 115%;\" lang=\"ES-TRAD\">Tanto el alcalde como el concejal han felicitado a Arjona destacando \u201csu gran profesionalidad y calidad humana\u201d.<\/span><\/p>\n<p class=\"MsoNormal\" style=\"text-align: justify;\"><span style=\"font-size: 12.0pt; line-height: 115%;\" lang=\"ES-TRAD\">Jos\u00e9 Vidal comentaba \u201cel gran orgullo que es para L\u2019Olleria el contar con Fernando que ha llevado el nombre de nuestro pueblo por toda la geograf\u00eda espa\u00f1ola y que trabaja de manera incansable para que sus alumnos sean los mejores, por eso, hoy le felicitamos no s\u00f3lo por esta medalla de plata que tanto se merece sino tambi\u00e9n por la dedicaci\u00f3n en las Escuelas Deportivas Municipales de Taekwondo de nuestro municipio\u201d.<\/span><\/p>\n<p class=\"MsoNormal\" style=\"text-align: justify;\"><span style=\"font-size: 12.0pt; line-height: 115%;\" lang=\"ES-TRAD\">Tambi\u00e9n Vicente Oviedo destacaba este gran trabajo al frente de las Escuelas y comentaba que \u201cel \u00faltimo ejemplo de su trabajo, profesionalidad y constancia con sus alumnos lo encontramos hace apenas unos d\u00edas, en Estela Oltra y David Tols\u00e1 que consegu\u00edan medalla, concretamente David Tols\u00e1 ganaba el oro<\/span><span style=\"font-size: 12.0pt; line-height: 115%; mso-fareast-font-family: 'Times New Roman'; mso-fareast-language: ES; mso-bidi-font-weight: bold;\" lang=\"ES-TRAD\"> en el Campeonato Auton\u00f3mico de Taekwondo<\/span><span style=\"font-size: 12.0pt; line-height: 115%;\" lang=\"ES-TRAD\"> y Estela Oltra el bronce el pasado 20 de abril\u201d.<\/span><\/p>\n<p class=\"MsoNormal\" style=\"text-align: justify;\"><span style=\"font-size: 12.0pt; line-height: 115%;\" lang=\"ES-TRAD\">Por su parte, Fernando Arjona agradec\u00eda las felicitaciones del alcalde y el concejal de Deportes y expresaba su satisfacci\u00f3n y agradecimiento a la Federaci\u00f3n Espa\u00f1ola de Taekwondo por esta medalla a toda una vida, 33 a\u00f1os, dedicada al taekwondo\u201d.<\/span><\/p>\n<p class=\"MsoNormal\" style=\"text-align: justify;\">noticia relacionada:\u00a0\u00a0<a href=\"http:\/\/www.portaldelolleria.es\/2013\/04\/25\/federacion-espanola-de-taekwondo-otorga-medalla-de-plata-al-merito-deportivo-a-fernando-arjona\/#.UYuOj0pNSTU\"> Fernando medalla de plata al m\u00e9rito deportivo<\/a><\/p>\n<p class=\"MsoNormal\" style=\"text-align: justify;\"><span style=\"font-size: 12.0pt; line-height: 115%;\" lang=\"ES-TRAD\"><span style=\"mso-spacerun: yes;\">\u00a0<\/span><\/span><\/p>\n<p class=\"MsoNormal\" style=\"text-align: justify;\"><span style=\"font-size: 12.0pt; line-height: 115%; mso-ansi-language: CA;\" lang=\"CA\">\u00a0<\/span><\/p>\n<p>&nbsp;<\/p>\n<p><a href=\"http:\/\/www.portaldelolleria.es\/wp-content\/uploads\/2013\/05\/fernando2.jpg\"><img loading=\"lazy\" class=\"aligncenter size-full wp-image-2995\" title=\"fernando2\" src=\"http:\/\/www.portaldelolleria.es\/wp-content\/uploads\/2013\/05\/fernando2.jpg\" alt=\"\" width=\"598\" height=\"398\" srcset=\"http:\/\/www.portaldelolleria.es\/wp-content\/uploads\/2013\/05\/fernando2.jpg 598w, http:\/\/www.portaldelolleria.es\/wp-content\/uploads\/2013\/05\/fernando2-300x199.jpg 300w\" sizes=\"(max-width: 598px) 100vw, 598px\" \/><\/a><br \/>\n<iframe loading=\"lazy\" src=\"http:\/\/www.youtube.com\/embed\/WDSYNTRX6s0\" frameborder=\"0\" width=\"598\" height=\"449\"><\/iframe><\/p>\n","protected":false},"excerpt":{"rendered":"<p>&nbsp; &nbsp; Le entregaban \u00a0la medalla de plata al m\u00e9rito deportivo el pasado 2 de mayo \u00a0 El alcalde de L\u2019Olleria, Jos\u00e9 Vidal y el concejal de Deportes, Vicente Oviedo han recibido esta ma\u00f1ana en el Ayuntamiento a Fernando Arjona, entrenador y coordinador de las Escuelas Deportivas Municipales de Taekwondo que recib\u00eda la medalla de [&hellip;]<\/p>\n","protected":false},"author":2,"featured_media":0,"comment_status":"closed","ping_status":"closed","sticky":false,"template":"","format":"standard","meta":{"_monsterinsights_skip_tracking":false,"_monsterinsights_sitenote_active":false,"_monsterinsights_sitenote_note":"","_monsterinsights_sitenote_category":0},"categories":[9,12],"tags":[571,694,663,20,693,664,193],"_links":{"self":[{"href":"http:\/\/www.portaldelolleria.es\/index.php?rest_route=\/wp\/v2\/posts\/2994"}],"collection":[{"href":"http:\/\/www.portaldelolleria.es\/index.php?rest_route=\/wp\/v2\/posts"}],"about":[{"href":"http:\/\/www.portaldelolleria.es\/index.php?rest_route=\/wp\/v2\/types\/post"}],"author":[{"embeddable":true,"href":"http:\/\/www.portaldelolleria.es\/index.php?rest_route=\/wp\/v2\/users\/2"}],"replies":[{"embeddable":true,"href":"http:\/\/www.portaldelolleria.es\/index.php?rest_route=%2Fwp%2Fv2%2Fcomments&post=2994"}],"version-history":[{"count":4,"href":"http:\/\/www.portaldelolleria.es\/index.php?rest_route=\/wp\/v2\/posts\/2994\/revisions"}],"predecessor-version":[{"id":2998,"href":"http:\/\/www.portaldelolleria.es\/index.php?rest_route=\/wp\/v2\/posts\/2994\/revisions\/2998"}],"wp:attachment":[{"href":"http:\/\/www.portaldelolleria.es\/index.php?rest_route=%2Fwp%2Fv2%2Fmedia&parent=2994"}],"wp:term":[{"taxonomy":"category","embeddable":true,"href":"http:\/\/www.portaldelolleria.es\/index.php?rest_route=%2Fwp%2Fv2%2Fcategories&post=2994"},{"taxonomy":"post_tag","embeddable":true,"href":"http:\/\/www.portaldelolleria.es\/index.php?rest_route=%2Fwp%2Fv2%2Ftags&post=2994"}],"curies":[{"name":"wp","href":"https:\/\/api.w.org\/{rel}","templated":true}]}}