{"id":3036,"date":"2013-05-16T11:16:34","date_gmt":"2013-05-16T10:16:34","guid":{"rendered":"http:\/\/www.portaldelolleria.es\/?p=3036"},"modified":"2013-05-16T17:11:10","modified_gmt":"2013-05-16T16:11:10","slug":"biblioteca-almudena-frances-contes-diversos-en-un-mon-divers","status":"publish","type":"post","link":"http:\/\/www.portaldelolleria.es\/?p=3036","title":{"rendered":"Biblioteca: Almudena Franc\u00e8s  \u00abContes diversos en un m\u00f3n divers\u00bb"},"content":{"rendered":"<p><a href=\"http:\/\/www.portaldelolleria.es\/wp-content\/uploads\/2013\/05\/almudenafrances.jpg\"><img loading=\"lazy\" class=\"aligncenter size-full wp-image-3037\" title=\"almudenafrances\" src=\"http:\/\/www.portaldelolleria.es\/wp-content\/uploads\/2013\/05\/almudenafrances.jpg\" alt=\"\" width=\"598\" height=\"398\" srcset=\"http:\/\/www.portaldelolleria.es\/wp-content\/uploads\/2013\/05\/almudenafrances.jpg 598w, http:\/\/www.portaldelolleria.es\/wp-content\/uploads\/2013\/05\/almudenafrances-300x199.jpg 300w\" sizes=\"(max-width: 598px) 100vw, 598px\" \/><\/a><\/p>\n<p>&nbsp;<\/p>\n<p>Sesi\u00f3n Cuentacuentos, a cargo de Almudena Franc\u00e8s\u00a0\u00a0 \u00abCuentos diversos en un mundo diverso\u00bb<\/p>\n<p>Biblioteca P\u00fablica, s\u00e1bado 18 de Mayo a las 11 de la ma\u00f1ana<\/p>\n<p>&nbsp;<\/p>\n<p><strong>Almudena Franc\u00e9s<\/strong><\/p>\n<p>De peque\u00f1a la rega\u00f1aban porque no callaba ni bajo el agua, as\u00ed que para no cargar con todas las culpas bautiz\u00f3 a su mu\u00f1eca como \u201cMaria la Radio\u201d, con la cual manten\u00eda largas e interesantes conversaciones, y a qui\u00e9n dedic\u00f3 sus primeros cuentos.<\/p>\n<p>De su pasi\u00f3n por la lectura de libros, esquelas sin cruz, noticias breves y cartas (incluso las ajenas), encuentra historias que transforma a su gusto y manera, siempre con la intenci\u00f3n de contarlas y animar a leer.<\/p>\n<p>Lleva unos 10 a\u00f1os contando y animando a leer en bibliotecas, colegios, plazas e institutos. Ahora ha empezado con ganas y emoci\u00f3n a contar para adultos en bares y teatros.<\/p>\n<p>A veces lo acompa\u00f1a la maleta de Anacleta donde trae libros, objetos que la ayudan a contar historias y alg\u00fan t\u00edtere. Le gusta ver el p\u00fablico en silencio embriagado por alguna historia, pero tambi\u00e9n le gustan las preguntas ingeniosas y hacer cantar y participar de diferentes maneras a los m\u00e1s peque\u00f1os.<\/p>\n<p>Video de \u00abLa ventafocs no creu en pr\u00ednceps blaus\u00bb, para ir haciendo \u00abboca\u00bb<br \/>\n<iframe loading=\"lazy\" src=\"http:\/\/www.youtube.com\/embed\/kFoYjwKZSJw\" frameborder=\"0\" width=\"598\" height=\"336\"><\/iframe><\/p>\n","protected":false},"excerpt":{"rendered":"<p>&nbsp; Sesi\u00f3n Cuentacuentos, a cargo de Almudena Franc\u00e8s\u00a0\u00a0 \u00abCuentos diversos en un mundo diverso\u00bb Biblioteca P\u00fablica, s\u00e1bado 18 de Mayo a las 11 de la ma\u00f1ana &nbsp; Almudena Franc\u00e9s De peque\u00f1a la rega\u00f1aban porque no callaba ni bajo el agua, as\u00ed que para no cargar con todas las culpas bautiz\u00f3 a su mu\u00f1eca como \u201cMaria [&hellip;]<\/p>\n","protected":false},"author":2,"featured_media":0,"comment_status":"closed","ping_status":"open","sticky":false,"template":"","format":"standard","meta":{"_monsterinsights_skip_tracking":false,"_monsterinsights_sitenote_active":false,"_monsterinsights_sitenote_note":"","_monsterinsights_sitenote_category":0},"categories":[16,12],"tags":[547,41,702,20],"_links":{"self":[{"href":"http:\/\/www.portaldelolleria.es\/index.php?rest_route=\/wp\/v2\/posts\/3036"}],"collection":[{"href":"http:\/\/www.portaldelolleria.es\/index.php?rest_route=\/wp\/v2\/posts"}],"about":[{"href":"http:\/\/www.portaldelolleria.es\/index.php?rest_route=\/wp\/v2\/types\/post"}],"author":[{"embeddable":true,"href":"http:\/\/www.portaldelolleria.es\/index.php?rest_route=\/wp\/v2\/users\/2"}],"replies":[{"embeddable":true,"href":"http:\/\/www.portaldelolleria.es\/index.php?rest_route=%2Fwp%2Fv2%2Fcomments&post=3036"}],"version-history":[{"count":2,"href":"http:\/\/www.portaldelolleria.es\/index.php?rest_route=\/wp\/v2\/posts\/3036\/revisions"}],"predecessor-version":[{"id":3039,"href":"http:\/\/www.portaldelolleria.es\/index.php?rest_route=\/wp\/v2\/posts\/3036\/revisions\/3039"}],"wp:attachment":[{"href":"http:\/\/www.portaldelolleria.es\/index.php?rest_route=%2Fwp%2Fv2%2Fmedia&parent=3036"}],"wp:term":[{"taxonomy":"category","embeddable":true,"href":"http:\/\/www.portaldelolleria.es\/index.php?rest_route=%2Fwp%2Fv2%2Fcategories&post=3036"},{"taxonomy":"post_tag","embeddable":true,"href":"http:\/\/www.portaldelolleria.es\/index.php?rest_route=%2Fwp%2Fv2%2Ftags&post=3036"}],"curies":[{"name":"wp","href":"https:\/\/api.w.org\/{rel}","templated":true}]}}