{"id":30411,"date":"2023-11-02T20:11:18","date_gmt":"2023-11-02T18:11:18","guid":{"rendered":"http:\/\/www.portaldelolleria.es\/?p=30411"},"modified":"2023-11-02T20:11:20","modified_gmt":"2023-11-02T18:11:20","slug":"el-incendio-forestal-declarado-entre-montixelvo-y-terrateig-entra-en-llocnou","status":"publish","type":"post","link":"http:\/\/www.portaldelolleria.es\/?p=30411","title":{"rendered":"El incendio forestal declarado entre Montixelvo y Terrateig entra en Llocnou"},"content":{"rendered":"<div class=\"wp-block-image\">\n<figure class=\"aligncenter size-full\"><a href=\"http:\/\/www.portaldelolleria.es\/wp-content\/uploads\/2023\/11\/terrateig.jpg\"><img loading=\"lazy\" width=\"598\" height=\"406\" src=\"http:\/\/www.portaldelolleria.es\/wp-content\/uploads\/2023\/11\/terrateig.jpg\" alt=\"\" class=\"wp-image-30414\" srcset=\"http:\/\/www.portaldelolleria.es\/wp-content\/uploads\/2023\/11\/terrateig.jpg 598w, http:\/\/www.portaldelolleria.es\/wp-content\/uploads\/2023\/11\/terrateig-300x204.jpg 300w\" sizes=\"(max-width: 598px) 100vw, 598px\" \/><\/a><\/figure><\/div>\n\n\n<p>Avanza con fuerza el incendio forestal que se iniciaba en Montixelvo esta misma tarde. En estos momentos las llamas se dirigen a la zona de la sierra, hacia el t\u00e9rmino de Llocnou de Sant Jeroni y tambi\u00e9n Ador y Villalonga. En principio no corren peligro los n\u00facleos de poblaci\u00f3n, pero todo apunta a que la zona monta\u00f1osa va a ser arrasada por el fuego. Evidentemente, todo depender\u00e1 de si se mantienen las actuales condiciones climatol\u00f3gicas, as\u00ed como la direcci\u00f3n del viento.<\/p>\n\n\n\n<p>El incendio se ha producido en el Barranco La Font en el t\u00e9rmino de Montitxelvo y se ha desplazado hasta el municipio vecinos avivado por el fuerte viento<\/p>\n\n\n\n<p>La poblaci\u00f3n de Terrateig est\u00e1 siendo evacuada debido a la cercan\u00eda de las llamas a la poblaci\u00f3n, como consecuencia del incendio<a href=\"https:\/\/www.lasprovincias.es\/sucesos\/incendio-poligono-gandia-cercanias-20231102171109-nt.html\"> <\/a>que se inici\u00f3 sobre las 16:30 horas de la tarde en el barranco de la Font entre este t\u00e9rmino municipal y el de Montitxelvo.<\/p>\n\n\n\n<p>La alcaldesa, Silvia Ferrer, anunciaba a los vecinos de la necesidad de abandonar el municipio debido al estado el fuego y el fuerte viendo que est\u00e1 soplando. De hecho, las llamas ya han llegado hasta las instalaciones deportivas del municipio.<\/p>\n\n\n<div class=\"wp-block-image\">\n<figure class=\"aligncenter size-full\"><a href=\"http:\/\/www.portaldelolleria.es\/wp-content\/uploads\/2023\/11\/terrateig2.jpg\"><img loading=\"lazy\" width=\"598\" height=\"406\" src=\"http:\/\/www.portaldelolleria.es\/wp-content\/uploads\/2023\/11\/terrateig2.jpg\" alt=\"\" class=\"wp-image-30412\" srcset=\"http:\/\/www.portaldelolleria.es\/wp-content\/uploads\/2023\/11\/terrateig2.jpg 598w, http:\/\/www.portaldelolleria.es\/wp-content\/uploads\/2023\/11\/terrateig2-300x204.jpg 300w\" sizes=\"(max-width: 598px) 100vw, 598px\" \/><\/a><\/figure><\/div>\n\n\n<p>La primera edil ha instado a los varios centenares de vecinos que tiene el municipio a coger lo imprescindible e informaba que aquellos vecinos que no tuvieran donde ir ni familiares en otros municipios que les acogieran, que se dirijan a Benicolet donde el Ayuntamiento ha ofrecido un espacio para albergarlos.<\/p>\n\n\n\n<p>El incendio se inici\u00f3 en un principio en el t\u00e9rmino de Montitxelvo pero el viento ha trasladado las llamas hasta el pueblo vecino, por lo que, a no ser que se produzca un cambio en la direcci\u00f3n del viento, esta poblaci\u00f3n no corre peligro. La gran humareda y las llamas puede verse en otros municipios de la comarca. Dada la situaci\u00f3n, tambi\u00e9n est\u00e1 cortada la CV-60.<\/p>\n\n\n\n<p>El alcalde de Benicolet, Iv\u00e1n Mart\u00ednez, se ha puesto a disposici\u00f3n de la alcaldesa de Terrateig. De momento han habilitado la Casa de la Cultura, el centro multiusos Casa del Salvador y la planta de arriba del Ayuntamiento para acoger a los vecinos de Terrateig.<\/p>\n\n\n<div class=\"wp-block-image\">\n<figure class=\"aligncenter size-full\"><a href=\"http:\/\/www.portaldelolleria.es\/wp-content\/uploads\/2023\/11\/terrateig1.jpg\"><img loading=\"lazy\" width=\"598\" height=\"406\" src=\"http:\/\/www.portaldelolleria.es\/wp-content\/uploads\/2023\/11\/terrateig1.jpg\" alt=\"\" class=\"wp-image-30413\" srcset=\"http:\/\/www.portaldelolleria.es\/wp-content\/uploads\/2023\/11\/terrateig1.jpg 598w, http:\/\/www.portaldelolleria.es\/wp-content\/uploads\/2023\/11\/terrateig1-300x204.jpg 300w\" sizes=\"(max-width: 598px) 100vw, 598px\" \/><\/a><\/figure><\/div>\n\n\n<p>El viento, con rachas que se acercan a los 100 kil\u00f3metros la hora, est\u00e1 complicando la extinci\u00f3n, dado que los medios a\u00e9reos no pueden actuar.<\/p>\n","protected":false},"excerpt":{"rendered":"<p>Avanza con fuerza el incendio forestal que se iniciaba en Montixelvo esta misma tarde. En estos momentos las llamas se dirigen a la zona de la sierra, hacia el t\u00e9rmino de Llocnou de Sant Jeroni y tambi\u00e9n Ador y Villalonga. En principio no corren peligro los n\u00facleos de poblaci\u00f3n, pero todo apunta a que la [&hellip;]<\/p>\n","protected":false},"author":1,"featured_media":0,"comment_status":"closed","ping_status":"open","sticky":false,"template":"","format":"standard","meta":{"_monsterinsights_skip_tracking":false,"_monsterinsights_sitenote_active":false,"_monsterinsights_sitenote_note":"","_monsterinsights_sitenote_category":0},"categories":[3,12],"tags":[],"_links":{"self":[{"href":"http:\/\/www.portaldelolleria.es\/index.php?rest_route=\/wp\/v2\/posts\/30411"}],"collection":[{"href":"http:\/\/www.portaldelolleria.es\/index.php?rest_route=\/wp\/v2\/posts"}],"about":[{"href":"http:\/\/www.portaldelolleria.es\/index.php?rest_route=\/wp\/v2\/types\/post"}],"author":[{"embeddable":true,"href":"http:\/\/www.portaldelolleria.es\/index.php?rest_route=\/wp\/v2\/users\/1"}],"replies":[{"embeddable":true,"href":"http:\/\/www.portaldelolleria.es\/index.php?rest_route=%2Fwp%2Fv2%2Fcomments&post=30411"}],"version-history":[{"count":1,"href":"http:\/\/www.portaldelolleria.es\/index.php?rest_route=\/wp\/v2\/posts\/30411\/revisions"}],"predecessor-version":[{"id":30415,"href":"http:\/\/www.portaldelolleria.es\/index.php?rest_route=\/wp\/v2\/posts\/30411\/revisions\/30415"}],"wp:attachment":[{"href":"http:\/\/www.portaldelolleria.es\/index.php?rest_route=%2Fwp%2Fv2%2Fmedia&parent=30411"}],"wp:term":[{"taxonomy":"category","embeddable":true,"href":"http:\/\/www.portaldelolleria.es\/index.php?rest_route=%2Fwp%2Fv2%2Fcategories&post=30411"},{"taxonomy":"post_tag","embeddable":true,"href":"http:\/\/www.portaldelolleria.es\/index.php?rest_route=%2Fwp%2Fv2%2Ftags&post=30411"}],"curies":[{"name":"wp","href":"https:\/\/api.w.org\/{rel}","templated":true}]}}