{"id":30443,"date":"2023-11-20T16:10:03","date_gmt":"2023-11-20T14:10:03","guid":{"rendered":"http:\/\/www.portaldelolleria.es\/?p=30443"},"modified":"2023-11-20T16:10:05","modified_gmt":"2023-11-20T14:10:05","slug":"programacio-25n-dia-contra-la-violencia-de-genere","status":"publish","type":"post","link":"http:\/\/www.portaldelolleria.es\/?p=30443","title":{"rendered":"Programaci\u00f3 25N \u00abDia contra la Viol\u00e8ncia de G\u00e9nere\u00bb"},"content":{"rendered":"<div class=\"wp-block-image\">\n<figure class=\"aligncenter size-full\"><a href=\"http:\/\/www.portaldelolleria.es\/wp-content\/uploads\/2023\/11\/25nb.jpg\"><img loading=\"lazy\" width=\"598\" height=\"406\" src=\"http:\/\/www.portaldelolleria.es\/wp-content\/uploads\/2023\/11\/25nb.jpg\" alt=\"\" class=\"wp-image-30445\" srcset=\"http:\/\/www.portaldelolleria.es\/wp-content\/uploads\/2023\/11\/25nb.jpg 598w, http:\/\/www.portaldelolleria.es\/wp-content\/uploads\/2023\/11\/25nb-300x204.jpg 300w\" sizes=\"(max-width: 598px) 100vw, 598px\" \/><\/a><\/figure><\/div>\n\n\n<p class=\"has-cyan-bluish-gray-color has-text-color has-small-font-size\"><em>Ajuntament de l&#8217;Olleria 15\/11\/2023<\/em><\/p>\n\n\n\n<p>Del 13 al 27 de novembre es duran a terme al municipi tallers, presentacions, contacontes infantils, projeccions, passejades i lectura del manifest, entre altres activitats.<\/p>\n\n\n\n<p>L&#8217;Ajuntament de L\u2019Olleria, a trav\u00e9s de la regidoria d\u2019Igualtat dirigida per Hortensia Mic\u00f3, ha organitzat una s\u00e8rie d\u2019actes commemoratius del 13 al 27 de novembre amb motiu del Dia Internacional de l&#8217;Eliminaci\u00f3 de la Viol\u00e8ncia contra la Dona del pr\u00f2xim dia 25.<\/p>\n\n\n\n<p>La programaci\u00f3 especial va comen\u00e7ar el passat 13 de novembre a l\u2019EPA Font Nova amb la visualitzaci\u00f3 dels documentals, i posterior debat, \u201cFlores para Concha\u201d de Mabel Lozano i \u201cLa caja vac\u00eda\u201d de Javier Falc\u00f3.<\/p>\n\n\n\n<p>El dilluns 20 a l&#8217;EPA tindr\u00e0 lloc a les 16 hores el taller de comunicaci\u00f3 no violenta i el dimarts 21, des del Fons Valenci\u00e0 per la Solidaritat tindr\u00e0 lloc a les 11 hores a l\u2019Ajuntament la presentaci\u00f3 de l\u2019experi\u00e8ncia de Cooperaci\u00f3 Internacional per al Desenvolupament a l\u2019Equador d\u2019una treballadora municipal, i a l\u2019EPA a les 16 hores la presentaci\u00f3 de l\u2019experi\u00e8ncia Especialistes Municipals Voluntaris.<\/p>\n\n\n\n<p>Al dia seg\u00fcent, ser\u00e0 a les 13 hores la presentaci\u00f3 a l\u2019Ajuntament del Protocol per a la prevenci\u00f3 i actuaci\u00f3 enfront de l\u2019assetjament per ra\u00f3 de sexe, assetjament sexual i altres conductes.<\/p>\n\n\n\n<p>El dimecres 24 ser\u00e0 l\u2019entrega del llibre infantil \u201cSom xiquets i xiquetes. Ens escolteu?\u201d a l\u2019alumnat del CEIP Manuel Sanchis Guarner i al CEIP Isabel La Cat\u00f2lica i l\u2019espai de sensibilitzaci\u00f3 contra la viol\u00e8ncia de g\u00e8nere amb photocall a l\u2019IES Vermellar, amb la col\u00b7laboraci\u00f3 del Taller d\u2019Ocupaci\u00f3 de dones \u201cL\u2019Olleria sempre amb tu\u201d.<\/p>\n\n\n\n<p>Per la vesprada, a les 16 hores al Beat Ferreres es celebrar\u00e0 la passejada contra la viol\u00e8ncia de g\u00e8nere amb repartiment d\u2019obsequis, lectura de manifest i xocolat\u00e0, a les 18:30 hores a la Biblioteca Municipal el contacontes infantil \u201cHuesos\u201d de Raquel L\u00f3pez, i a les 20 hores al Casal Jove la projecci\u00f3 de curtmetratges contra la viol\u00e8ncia de g\u00e8nere.<\/p>\n\n\n\n<p>El cap de setmana tindran lloc al Casal Jove dos activitats a les 20 hores. El dissabte 25 el taller d\u2019expressi\u00f3 art\u00edstica \u201cArt amb veu pr\u00f2pia\u201d i el diumenge 26, l\u2019exposici\u00f3 d\u2019obres d\u2019art contra la viol\u00e8ncia de g\u00e8nere.<\/p>\n\n\n\n<p>La programaci\u00f3 especial del 25N finalitzar\u00e0 amb la presentaci\u00f3 de la proposta de Document d\u2019Actuaci\u00f3 Coordinada per a previndre i actuar front la viol\u00e8ncia de g\u00e8nere a L\u2019Olleria, dirigit als professionals participants en l\u2019elaboraci\u00f3 i implementaci\u00f3 del document i pol\u00edtics.<\/p>\n\n\n<div class=\"wp-block-image\">\n<figure class=\"aligncenter size-full\"><a href=\"http:\/\/www.portaldelolleria.es\/wp-content\/uploads\/2023\/11\/25n.jpg\"><img loading=\"lazy\" width=\"598\" height=\"849\" src=\"http:\/\/www.portaldelolleria.es\/wp-content\/uploads\/2023\/11\/25n.jpg\" alt=\"\" class=\"wp-image-30444\" srcset=\"http:\/\/www.portaldelolleria.es\/wp-content\/uploads\/2023\/11\/25n.jpg 598w, http:\/\/www.portaldelolleria.es\/wp-content\/uploads\/2023\/11\/25n-211x300.jpg 211w\" sizes=\"(max-width: 598px) 100vw, 598px\" \/><\/a><\/figure><\/div>","protected":false},"excerpt":{"rendered":"<p>Ajuntament de l&#8217;Olleria 15\/11\/2023 Del 13 al 27 de novembre es duran a terme al municipi tallers, presentacions, contacontes infantils, projeccions, passejades i lectura del manifest, entre altres activitats. L&#8217;Ajuntament de L\u2019Olleria, a trav\u00e9s de la regidoria d\u2019Igualtat dirigida per Hortensia Mic\u00f3, ha organitzat una s\u00e8rie d\u2019actes commemoratius del 13 al 27 de novembre amb [&hellip;]<\/p>\n","protected":false},"author":1,"featured_media":0,"comment_status":"closed","ping_status":"open","sticky":false,"template":"","format":"standard","meta":{"_monsterinsights_skip_tracking":false,"_monsterinsights_sitenote_active":false,"_monsterinsights_sitenote_note":"","_monsterinsights_sitenote_category":0},"categories":[3,12],"tags":[],"_links":{"self":[{"href":"http:\/\/www.portaldelolleria.es\/index.php?rest_route=\/wp\/v2\/posts\/30443"}],"collection":[{"href":"http:\/\/www.portaldelolleria.es\/index.php?rest_route=\/wp\/v2\/posts"}],"about":[{"href":"http:\/\/www.portaldelolleria.es\/index.php?rest_route=\/wp\/v2\/types\/post"}],"author":[{"embeddable":true,"href":"http:\/\/www.portaldelolleria.es\/index.php?rest_route=\/wp\/v2\/users\/1"}],"replies":[{"embeddable":true,"href":"http:\/\/www.portaldelolleria.es\/index.php?rest_route=%2Fwp%2Fv2%2Fcomments&post=30443"}],"version-history":[{"count":1,"href":"http:\/\/www.portaldelolleria.es\/index.php?rest_route=\/wp\/v2\/posts\/30443\/revisions"}],"predecessor-version":[{"id":30446,"href":"http:\/\/www.portaldelolleria.es\/index.php?rest_route=\/wp\/v2\/posts\/30443\/revisions\/30446"}],"wp:attachment":[{"href":"http:\/\/www.portaldelolleria.es\/index.php?rest_route=%2Fwp%2Fv2%2Fmedia&parent=30443"}],"wp:term":[{"taxonomy":"category","embeddable":true,"href":"http:\/\/www.portaldelolleria.es\/index.php?rest_route=%2Fwp%2Fv2%2Fcategories&post=30443"},{"taxonomy":"post_tag","embeddable":true,"href":"http:\/\/www.portaldelolleria.es\/index.php?rest_route=%2Fwp%2Fv2%2Ftags&post=30443"}],"curies":[{"name":"wp","href":"https:\/\/api.w.org\/{rel}","templated":true}]}}