{"id":3045,"date":"2013-05-16T10:04:34","date_gmt":"2013-05-16T09:04:34","guid":{"rendered":"http:\/\/www.portaldelolleria.es\/?p=3045"},"modified":"2013-05-17T18:23:00","modified_gmt":"2013-05-17T17:23:00","slug":"manel-arcos-presenta-libro-en-montaverner-quan-els-trabucs-refilaven","status":"publish","type":"post","link":"http:\/\/www.portaldelolleria.es\/?p=3045","title":{"rendered":"Manel Arcos presenta libro en Montaverner. \u00abQuan els trabucs refilaven\u00bb"},"content":{"rendered":"<p>&nbsp;<\/p>\n<p><a href=\"http:\/\/www.portaldelolleria.es\/wp-content\/uploads\/2013\/05\/arcos1.jpg\"><img loading=\"lazy\" class=\"aligncenter size-full wp-image-3048\" title=\"arcos1\" src=\"http:\/\/www.portaldelolleria.es\/wp-content\/uploads\/2013\/05\/arcos1.jpg\" alt=\"\" width=\"598\" height=\"398\" srcset=\"http:\/\/www.portaldelolleria.es\/wp-content\/uploads\/2013\/05\/arcos1.jpg 598w, http:\/\/www.portaldelolleria.es\/wp-content\/uploads\/2013\/05\/arcos1-300x199.jpg 300w\" sizes=\"(max-width: 598px) 100vw, 598px\" \/><\/a><\/p>\n<p>&nbsp;<\/p>\n<p><span id=\"result_box\" lang=\"es\"><span class=\"hps atn\">Presentaci\u00f3n del libro &#8216;<\/span><span>Quan els trabucs refilaven<\/span><span>&#8216;<\/span> <span class=\"hps\">en Montaverner<\/span><\/p>\n<p><span class=\"hps\">El pasado<\/span> <span class=\"hps\">jueves d\u00eda<\/span> <span class=\"hps\">16 de mayo<\/span> <span class=\"hps\">se present\u00f3 en<\/span> <span class=\"hps\">la Agencia de Lectura<\/span> <span class=\"hps\">de Montaverner<\/span> <span class=\"hps\">Cuando los<\/span> <span class=\"hps\">trabucos<\/span> <span class=\"hps\">gorjeaban<\/span><span>,<\/span> <span class=\"hps\">el nuevo libro<\/span> <span class=\"hps\">del investigador y<\/span> <span class=\"hps\">escritor<\/span> <span class=\"hps\">Manel Arcos<\/span> <span class=\"hps\">i Mart\u00ednez<\/span><span>.<\/span> <span class=\"hps\">La<\/span> <span class=\"hps\">presentaci\u00f3n del acto<\/span> <span class=\"hps\">corri\u00f3<\/span> <span class=\"hps\">a cargo<\/span> <span class=\"hps\">de la Concejala<\/span> <span class=\"hps\">de Cultura<\/span> <span class=\"hps\">de Montaverner<\/span><span>,<\/span> <span class=\"hps\">Ivonne<\/span> <span class=\"hps\">Crombet<\/span><span>,<\/span> <span class=\"hps\">y forma<\/span> <span class=\"hps\">parte del programa<\/span> <span class=\"hps\">de animaci\u00f3n<\/span> <span class=\"hps\">lectora<\/span> <span class=\"hps\">organizado por<\/span> <span class=\"hps\">la biblioteca<\/span> <span class=\"hps\">durante el mes<\/span> <span class=\"hps\">de mayo.<\/span><\/p>\n<p><span class=\"hps\">La obra es una<\/span> <span class=\"hps\">recopilaci\u00f3n<\/span> <span class=\"hps\">de quince<\/span> <span class=\"hps\">estudios sobre<\/span> <span class=\"hps\">el bandolerismo<\/span> <span class=\"hps\">que sufrieron<\/span> <span class=\"hps\">las<\/span> <span class=\"hps\">\u00abtierras<\/span> <span class=\"hps\">al sur del r\u00edo<\/span> <span class=\"hps\">J\u00facar<\/span><span>\u00ab, tal<\/span> <span class=\"hps\">como manifest\u00f3<\/span> <span class=\"hps\">el autor<\/span><span>,<\/span> <span class=\"hps\">durante el siglo XIX<\/span><span>,<\/span> <span class=\"hps\">\u00e9poca<\/span> <span class=\"hps\">de mayor esplendor<\/span> <span class=\"hps\">de bandoleros<\/span> <span class=\"hps\">y<\/span> <span class=\"hps\">roders<\/span> <span class=\"hps\">en nuestras comarcas<\/span> <span class=\"hps\">.<\/span> <span class=\"hps\">La presentaci\u00f3n<\/span> <span class=\"hps\">estuvo acompa\u00f1ada<\/span> <span class=\"hps\">con la proyecci\u00f3n<\/span> <span class=\"hps\">de im\u00e1genes y<\/span> <span class=\"hps\">fotograf\u00edas que<\/span> <span class=\"hps\">ilustraron<\/span> <span class=\"hps\">las explicaciones del<\/span> <span class=\"hps\">autorsobre<\/span> <span class=\"hps\">la \u00e9poca<\/span><span>,<\/span> <span class=\"hps\">lugares y<\/span> <span class=\"hps\">personajes<\/span> <span class=\"hps\">referidos al<\/span> <span class=\"hps\">libro.<\/span> <span class=\"hps\">Las poblaciones de la<\/span> <span class=\"hps\">Vall<\/span> <span class=\"hps\">de Albaida,<\/span> <span class=\"hps\">la Costera<\/span><span>,<\/span> <span class=\"hps\">la Safor<\/span><span>,<\/span> <span class=\"hps\">el Comtat,<\/span> <span class=\"hps\">las<\/span> <span class=\"hps\">Marinas y<\/span> <span class=\"hps\">las Riberas<\/span> <span class=\"hps\">son los<\/span> <span class=\"hps\">escenarios de los<\/span> <span class=\"hps\">acontecimientos narrados<\/span> <span class=\"hps\">en el libro.<\/span><br \/>\n<\/span><br \/>\n<a href=\"http:\/\/www.portaldelolleria.es\/wp-content\/uploads\/2013\/05\/arcos2.jpg\"><img loading=\"lazy\" class=\"aligncenter size-full wp-image-3046\" title=\"arcos2\" src=\"http:\/\/www.portaldelolleria.es\/wp-content\/uploads\/2013\/05\/arcos2.jpg\" alt=\"\" width=\"598\" height=\"398\" srcset=\"http:\/\/www.portaldelolleria.es\/wp-content\/uploads\/2013\/05\/arcos2.jpg 598w, http:\/\/www.portaldelolleria.es\/wp-content\/uploads\/2013\/05\/arcos2-300x199.jpg 300w\" sizes=\"(max-width: 598px) 100vw, 598px\" \/><\/a><\/p>\n<p><span id=\"result_box\" lang=\"es\"><span class=\"hps\">Adem\u00e1s<\/span><span>,<\/span> <span class=\"hps\">Manel Arcos<\/span><span>, expuso<\/span> <span class=\"hps\">al p\u00fablico<\/span> <span class=\"hps\">asistente<\/span> <span class=\"hps\">los datos<\/span> <span class=\"hps\">sobre varios<\/span> <span class=\"hps\">bandoleros<\/span> <span class=\"hps\">de Montaverner<\/span><span>,<\/span> <span class=\"hps\">involucrados<\/span> <span class=\"hps\">en<\/span> <span class=\"hps\">diferentes actos<\/span> <span class=\"hps\">luctuosos<\/span><span>,<\/span> <span class=\"hps\">que ha ido<\/span> <span class=\"hps\">recopilando<\/span> <span class=\"hps\">durante<\/span> <span class=\"hps\">sus investigaciones<\/span><span>,<\/span> <span class=\"hps\">haciendo una<\/span> <span class=\"hps\">pincelada<\/span> <span class=\"hps\">sobre cada uno<\/span> <span class=\"hps\">de ellos<\/span> <span class=\"hps\">seg\u00fan los datos<\/span> <span class=\"hps\">de<\/span> <span class=\"hps\">que<\/span> <span class=\"hps\">dispon\u00eda<\/span><span>.<\/span><\/span><\/p>\n<p class=\"MsoNormal\" style=\"line-height: 125%; background: white;\"><a href=\"http:\/\/www.portaldelolleria.es\/wp-content\/uploads\/2013\/05\/arcos3.jpg\"><img loading=\"lazy\" class=\"aligncenter size-full wp-image-3047\" title=\"arcos3\" src=\"http:\/\/www.portaldelolleria.es\/wp-content\/uploads\/2013\/05\/arcos3.jpg\" alt=\"\" width=\"408\" height=\"582\" srcset=\"http:\/\/www.portaldelolleria.es\/wp-content\/uploads\/2013\/05\/arcos3.jpg 408w, http:\/\/www.portaldelolleria.es\/wp-content\/uploads\/2013\/05\/arcos3-210x300.jpg 210w\" sizes=\"(max-width: 408px) 100vw, 408px\" \/><\/a><\/p>\n","protected":false},"excerpt":{"rendered":"<p>&nbsp; &nbsp; Presentaci\u00f3n del libro &#8216;Quan els trabucs refilaven&#8216; en Montaverner El pasado jueves d\u00eda 16 de mayo se present\u00f3 en la Agencia de Lectura de Montaverner Cuando los trabucos gorjeaban, el nuevo libro del investigador y escritor Manel Arcos i Mart\u00ednez. La presentaci\u00f3n del acto corri\u00f3 a cargo de la Concejala de Cultura de [&hellip;]<\/p>\n","protected":false},"author":2,"featured_media":0,"comment_status":"closed","ping_status":"open","sticky":false,"template":"","format":"standard","meta":{"_monsterinsights_skip_tracking":false,"_monsterinsights_sitenote_active":false,"_monsterinsights_sitenote_note":"","_monsterinsights_sitenote_category":0},"categories":[16,12],"tags":[564,704,427,42,705],"_links":{"self":[{"href":"http:\/\/www.portaldelolleria.es\/index.php?rest_route=\/wp\/v2\/posts\/3045"}],"collection":[{"href":"http:\/\/www.portaldelolleria.es\/index.php?rest_route=\/wp\/v2\/posts"}],"about":[{"href":"http:\/\/www.portaldelolleria.es\/index.php?rest_route=\/wp\/v2\/types\/post"}],"author":[{"embeddable":true,"href":"http:\/\/www.portaldelolleria.es\/index.php?rest_route=\/wp\/v2\/users\/2"}],"replies":[{"embeddable":true,"href":"http:\/\/www.portaldelolleria.es\/index.php?rest_route=%2Fwp%2Fv2%2Fcomments&post=3045"}],"version-history":[{"count":2,"href":"http:\/\/www.portaldelolleria.es\/index.php?rest_route=\/wp\/v2\/posts\/3045\/revisions"}],"predecessor-version":[{"id":3050,"href":"http:\/\/www.portaldelolleria.es\/index.php?rest_route=\/wp\/v2\/posts\/3045\/revisions\/3050"}],"wp:attachment":[{"href":"http:\/\/www.portaldelolleria.es\/index.php?rest_route=%2Fwp%2Fv2%2Fmedia&parent=3045"}],"wp:term":[{"taxonomy":"category","embeddable":true,"href":"http:\/\/www.portaldelolleria.es\/index.php?rest_route=%2Fwp%2Fv2%2Fcategories&post=3045"},{"taxonomy":"post_tag","embeddable":true,"href":"http:\/\/www.portaldelolleria.es\/index.php?rest_route=%2Fwp%2Fv2%2Ftags&post=3045"}],"curies":[{"name":"wp","href":"https:\/\/api.w.org\/{rel}","templated":true}]}}