{"id":30506,"date":"2023-12-14T22:47:27","date_gmt":"2023-12-14T20:47:27","guid":{"rendered":"http:\/\/www.portaldelolleria.es\/?p=30506"},"modified":"2023-12-14T22:47:30","modified_gmt":"2023-12-14T20:47:30","slug":"encesa-de-llums-de-nadal","status":"publish","type":"post","link":"http:\/\/www.portaldelolleria.es\/?p=30506","title":{"rendered":"Encesa de llums de Nadal"},"content":{"rendered":"<div class=\"wp-block-image\">\n<figure class=\"aligncenter size-full\"><a href=\"http:\/\/www.portaldelolleria.es\/wp-content\/uploads\/2023\/12\/arbol.jpg\"><img loading=\"lazy\" width=\"598\" height=\"396\" src=\"http:\/\/www.portaldelolleria.es\/wp-content\/uploads\/2023\/12\/arbol.jpg\" alt=\"\" class=\"wp-image-30508\" srcset=\"http:\/\/www.portaldelolleria.es\/wp-content\/uploads\/2023\/12\/arbol.jpg 598w, http:\/\/www.portaldelolleria.es\/wp-content\/uploads\/2023\/12\/arbol-300x199.jpg 300w\" sizes=\"(max-width: 598px) 100vw, 598px\" \/><\/a><\/figure><\/div>\n\n\n<p>Aquest divendres, a les 19h, la Pla\u00e7a de la Vila, ser\u00e0 escenari de l&#8217;encesa de les llums de Nadal. La cercavila eixir\u00e0 des del Centre Dia cap a la pla\u00e7a, on es podr\u00e0 assistir a m\u00e9s de l&#8217;encesa, a les actuacions d&#8217;AEM La Nova i el grup de ball Talents<\/p>\n\n\n\n<p>_______________________________<\/p>\n\n\n\n<p class=\"has-text-color\" style=\"color:#1b5b80\">Este viernes, a las 19h, la Plaza de la Vila, ser\u00e1 escenario del encendido de las luces de Navidad. El pasacalles saldr\u00e1 desde el Centro Dia hac\u00eda la plaza, donde se prodr\u00e1 asistir adem\u00e1s del encendido, a las actuaciones de AEM La Nova y el grupo de baile Talents<\/p>\n\n\n\n<p><\/p>\n\n\n\n<figure class=\"wp-block-embed is-type-video is-provider-youtube wp-block-embed-youtube wp-embed-aspect-16-9 wp-has-aspect-ratio\"><div class=\"wp-block-embed__wrapper\">\n<iframe loading=\"lazy\" title=\"Crid\u00e1 de Nadal 2022 movie\" width=\"500\" height=\"281\" src=\"https:\/\/www.youtube.com\/embed\/n06GESFLThw?feature=oembed\" frameborder=\"0\" allow=\"accelerometer; autoplay; clipboard-write; encrypted-media; gyroscope; picture-in-picture; web-share\" allowfullscreen><\/iframe>\n<\/div><\/figure>\n\n\n<div class=\"wp-block-image\">\n<figure class=\"aligncenter size-full\"><a href=\"http:\/\/www.portaldelolleria.es\/wp-content\/uploads\/2023\/12\/arbol2.jpg\"><img loading=\"lazy\" width=\"598\" height=\"598\" src=\"http:\/\/www.portaldelolleria.es\/wp-content\/uploads\/2023\/12\/arbol2.jpg\" alt=\"\" class=\"wp-image-30507\" srcset=\"http:\/\/www.portaldelolleria.es\/wp-content\/uploads\/2023\/12\/arbol2.jpg 598w, http:\/\/www.portaldelolleria.es\/wp-content\/uploads\/2023\/12\/arbol2-300x300.jpg 300w, http:\/\/www.portaldelolleria.es\/wp-content\/uploads\/2023\/12\/arbol2-150x150.jpg 150w\" sizes=\"(max-width: 598px) 100vw, 598px\" \/><\/a><\/figure><\/div>","protected":false},"excerpt":{"rendered":"<p>Aquest divendres, a les 19h, la Pla\u00e7a de la Vila, ser\u00e0 escenari de l&#8217;encesa de les llums de Nadal. La cercavila eixir\u00e0 des del Centre Dia cap a la pla\u00e7a, on es podr\u00e0 assistir a m\u00e9s de l&#8217;encesa, a les actuacions d&#8217;AEM La Nova i el grup de ball Talents _______________________________ Este viernes, a las [&hellip;]<\/p>\n","protected":false},"author":1,"featured_media":0,"comment_status":"closed","ping_status":"open","sticky":false,"template":"","format":"standard","meta":{"_monsterinsights_skip_tracking":false,"_monsterinsights_sitenote_active":false,"_monsterinsights_sitenote_note":"","_monsterinsights_sitenote_category":0},"categories":[3,12],"tags":[],"_links":{"self":[{"href":"http:\/\/www.portaldelolleria.es\/index.php?rest_route=\/wp\/v2\/posts\/30506"}],"collection":[{"href":"http:\/\/www.portaldelolleria.es\/index.php?rest_route=\/wp\/v2\/posts"}],"about":[{"href":"http:\/\/www.portaldelolleria.es\/index.php?rest_route=\/wp\/v2\/types\/post"}],"author":[{"embeddable":true,"href":"http:\/\/www.portaldelolleria.es\/index.php?rest_route=\/wp\/v2\/users\/1"}],"replies":[{"embeddable":true,"href":"http:\/\/www.portaldelolleria.es\/index.php?rest_route=%2Fwp%2Fv2%2Fcomments&post=30506"}],"version-history":[{"count":1,"href":"http:\/\/www.portaldelolleria.es\/index.php?rest_route=\/wp\/v2\/posts\/30506\/revisions"}],"predecessor-version":[{"id":30509,"href":"http:\/\/www.portaldelolleria.es\/index.php?rest_route=\/wp\/v2\/posts\/30506\/revisions\/30509"}],"wp:attachment":[{"href":"http:\/\/www.portaldelolleria.es\/index.php?rest_route=%2Fwp%2Fv2%2Fmedia&parent=30506"}],"wp:term":[{"taxonomy":"category","embeddable":true,"href":"http:\/\/www.portaldelolleria.es\/index.php?rest_route=%2Fwp%2Fv2%2Fcategories&post=30506"},{"taxonomy":"post_tag","embeddable":true,"href":"http:\/\/www.portaldelolleria.es\/index.php?rest_route=%2Fwp%2Fv2%2Ftags&post=30506"}],"curies":[{"name":"wp","href":"https:\/\/api.w.org\/{rel}","templated":true}]}}