{"id":30571,"date":"2024-01-09T22:43:55","date_gmt":"2024-01-09T20:43:55","guid":{"rendered":"http:\/\/www.portaldelolleria.es\/?p=30571"},"modified":"2024-01-09T22:43:57","modified_gmt":"2024-01-09T20:43:57","slug":"lolleria-dispondra-de-mas-de-16-millones-de-diputacion-para-necesidades-a-corto-y-medio-plazo","status":"publish","type":"post","link":"http:\/\/www.portaldelolleria.es\/?p=30571","title":{"rendered":"L&#8217;Olleria dispondr\u00e1 de m\u00e1s de 1,6 millones de Diputaci\u00f3n para necesidades a corto y medio plazo"},"content":{"rendered":"<div class=\"wp-block-image\">\n<figure class=\"aligncenter size-full\"><a href=\"http:\/\/www.portaldelolleria.es\/wp-content\/uploads\/2024\/01\/Enguix.jpg\"><img loading=\"lazy\" width=\"598\" height=\"376\" src=\"http:\/\/www.portaldelolleria.es\/wp-content\/uploads\/2024\/01\/Enguix.jpg\" alt=\"\" class=\"wp-image-30573\" srcset=\"http:\/\/www.portaldelolleria.es\/wp-content\/uploads\/2024\/01\/Enguix.jpg 598w, http:\/\/www.portaldelolleria.es\/wp-content\/uploads\/2024\/01\/Enguix-300x189.jpg 300w\" sizes=\"(max-width: 598px) 100vw, 598px\" \/><\/a><\/figure><\/div>\n\n\n<p><strong>Enguix comunica a los alcaldes y alcaldesas la asignaci\u00f3n del nuevo Pla Obert d\u2019Inversions de la Diputaci\u00f3 con 350 millones de euros<\/strong><\/p>\n\n\n\n<ul><li><strong>El primer plazo para la presentaci\u00f3n de proyectos se abrir\u00e1 a finales del primer trimestre de 2024, y a lo largo del a\u00f1o habr\u00e1 otras dos convocatorias para que los ayuntamientos presenten solicitudes sin ninguna presi\u00f3n<\/strong><\/li><li><strong>Un total de 264 consistorios han recibido este viernes, tal y como avanz\u00f3 la vicepresidenta primera, Nat\u00e0lia Enguix, un mensaje con el dinero asignado y con el que podr\u00e1n \u201cplanificar sus necesidades a corto y medio plazo\u201d<\/strong><\/li><\/ul>\n\n\n\n<p>Viernes 5 de enero de 2023.- La vicepresidenta primera de la Diputaci\u00f3 de Val\u00e8ncia, Nat\u00e1lia Enguix, ha comunicado este viernes a los ayuntamientos de la provincia su asignaci\u00f3n en el nuevo Pla Obert d\u2019Inversions, un programa cuatrienal que cuenta con una dotaci\u00f3n global de 350 millones de euros, frente a los 288 millones de la pasada legislatura. \u201cDe esta forma cumplimos la palabra que dimos a los alcaldes y alcaldesas de que les dar\u00edamos esta cantidad a principios de enero, una vez conoci\u00e9ramos la actualizaci\u00f3n del padr\u00f3n que hace el INE\u201d, ha se\u00f1alado la propia Enguix, quien se ha comunicado con los responsables locales a trav\u00e9s de Whatsapp y correo electr\u00f3nico, coincidiendo con la v\u00edspera de la festividad de los Reyes Magos.<\/p>\n\n\n\n<p>La tambi\u00e9n responsable de Cooperaci\u00f3n Municipal explica que las bases del Pla Obert d\u2019Inversions y las cantidades anunciadas este viernes a los consistorios se aprobar\u00e1n en el pleno ordinario de enero, que tendr\u00e1 lugar a final de mes. \u201cEn ese momento podremos dar m\u00e1s detalles de la primera convocatoria del a\u00f1o en la que podr\u00e1n presentarse proyectos, que previsiblemente se abrir\u00e1 a finales del primer trimestre\u201d, ha detallado Enguix, quien ha recordado que habr\u00e1 dos plazos m\u00e1s a lo largo del ejercicio para que los municipios \u201cpresenten sus solicitudes de obras sin presiones y sin temor a no disponer de tiempo para ejecutarlas\u201d.<\/p>\n\n\n\n<p>El Pla Obert d\u2019Inversions fue presentado el pasado 4 de diciembre en Torrent por el presidente de la Diputaci\u00f3n, Vicent Momp\u00f3, y la vicepresidenta Nat\u00e0lia Enguix, quienes destacaron la partida inversora m\u00e1s elevada en la historia de la corporaci\u00f3n, pero sobre todo \u201clas facilidades que se ofrecer\u00e1n a los ayuntamientos para que, m\u00e1s all\u00e1 del anuncio, puedan ejecutar las obras que nos propongan\u201d. El programa cuenta con \u201c340 millones de euros para los municipios y otros 10 millones para las mancomunidades, lo que supone que cada a\u00f1o invertiremos en nuestras comarcas m\u00e1s de 87 millones frente a los 72 millones de la pasada legislatura\u201d, ha a\u00f1adido Enguix.<\/p>\n\n\n\n<p>Junto al esfuerzo inversor, lo m\u00e1s significativo son \u201clas novedades que introduce el plan para ayudar a los ayuntamientos a ejecutar los proyectos, con el objetivo de que el dinero con el que se financian acabe repercutiendo \u00edntegramente en los municipios y mejorando la calidad de vida de las personas que en ellos habitan\u201d. En este sentido, \u201cen el gobierno provincial compartimos la visi\u00f3n que tenemos de trabajar el municipalismo\u201d, ha asegurado la vicepresidenta.<\/p>\n\n\n\n<p>En cuanto a la f\u00f3rmula de reparto, \u201chemos potenciado variables como la poblaci\u00f3n y la poblaci\u00f3n estacional y las zonas verdes y parajes naturales, al tiempo que se introduce un nuevo criterio que punt\u00faa de forma favorable, como es pertenecer a la Red de Municipios Protegidos contra la Violencia de G\u00e9nero de la Diputaci\u00f3n\u201d. Nat\u00e0lia Enguix recuerda que el programa inversor incluye las ayudas del ciclo integral del agua, el plan Reacciona y la energ\u00eda, y ha puntualizado que al ser un plan plurianual, \u201cla corporaci\u00f3n no tendr\u00e1 que pedir este a\u00f1o ning\u00fan pr\u00e9stamo, ajustando el presupuesto a las necesidades reales de los municipios\u201d.<\/p>\n\n\n\n<p><strong>Principales novedades e incentivos<\/strong><\/p>\n\n\n\n<p>La vicepresidenta primera y diputada de Cooperaci\u00f3n, Nat\u00e0lia Enguix, ha destacado el esp\u00edritu novedoso del Pla Obert d\u2019Inversions, ya que \u201cfavorece e impulsa proyectos arriesgados e innovadores que pueden transformar nuestros municipios y ciudades\u201d. Enguix, responsable adem\u00e1s de Igualdad, ha avanzado que el plan \u201ctambi\u00e9n incentivar\u00e1 la eficiencia urbana, con m\u00e1s espacios verdes, y el urbanismo con perspectiva de g\u00e9nero\u201d.<\/p>\n\n\n\n<p>En este sentido, Enguix ha anunciado la convocatoria de \u201cuna conferencia anual que reconocer\u00e1 esos proyectos transformadores y que constituyan ejemplos de buenas pr\u00e1cticas\u201d, y ha puntualizado que los consistorios dispondr\u00e1n de mayor liquidez, ya que \u201cpodr\u00e1n pedir que se les transfiera un 75% de los fondos una vez concedida la subvenci\u00f3n, y recibir el cien por cien si la obra se acaba en el mismo ejercicio en el que se ha presentado\u201d.<\/p>\n\n\n<div class=\"wp-block-image\">\n<figure class=\"aligncenter size-large\"><a href=\"http:\/\/www.portaldelolleria.es\/wp-content\/uploads\/2024\/01\/diputacion1.jpg\"><img loading=\"lazy\" width=\"461\" height=\"1024\" src=\"http:\/\/www.portaldelolleria.es\/wp-content\/uploads\/2024\/01\/diputacion1-461x1024.jpg\" alt=\"\" class=\"wp-image-30572\" srcset=\"http:\/\/www.portaldelolleria.es\/wp-content\/uploads\/2024\/01\/diputacion1-461x1024.jpg 461w, http:\/\/www.portaldelolleria.es\/wp-content\/uploads\/2024\/01\/diputacion1-135x300.jpg 135w, http:\/\/www.portaldelolleria.es\/wp-content\/uploads\/2024\/01\/diputacion1.jpg 598w\" sizes=\"(max-width: 461px) 100vw, 461px\" \/><\/a><\/figure><\/div>","protected":false},"excerpt":{"rendered":"<p>Enguix comunica a los alcaldes y alcaldesas la asignaci\u00f3n del nuevo Pla Obert d\u2019Inversions de la Diputaci\u00f3 con 350 millones de euros El primer plazo para la presentaci\u00f3n de proyectos se abrir\u00e1 a finales del primer trimestre de 2024, y a lo largo del a\u00f1o habr\u00e1 otras dos convocatorias para que los ayuntamientos presenten solicitudes [&hellip;]<\/p>\n","protected":false},"author":1,"featured_media":0,"comment_status":"closed","ping_status":"open","sticky":false,"template":"","format":"standard","meta":{"_monsterinsights_skip_tracking":false,"_monsterinsights_sitenote_active":false,"_monsterinsights_sitenote_note":"","_monsterinsights_sitenote_category":0},"categories":[171,12],"tags":[],"_links":{"self":[{"href":"http:\/\/www.portaldelolleria.es\/index.php?rest_route=\/wp\/v2\/posts\/30571"}],"collection":[{"href":"http:\/\/www.portaldelolleria.es\/index.php?rest_route=\/wp\/v2\/posts"}],"about":[{"href":"http:\/\/www.portaldelolleria.es\/index.php?rest_route=\/wp\/v2\/types\/post"}],"author":[{"embeddable":true,"href":"http:\/\/www.portaldelolleria.es\/index.php?rest_route=\/wp\/v2\/users\/1"}],"replies":[{"embeddable":true,"href":"http:\/\/www.portaldelolleria.es\/index.php?rest_route=%2Fwp%2Fv2%2Fcomments&post=30571"}],"version-history":[{"count":1,"href":"http:\/\/www.portaldelolleria.es\/index.php?rest_route=\/wp\/v2\/posts\/30571\/revisions"}],"predecessor-version":[{"id":30574,"href":"http:\/\/www.portaldelolleria.es\/index.php?rest_route=\/wp\/v2\/posts\/30571\/revisions\/30574"}],"wp:attachment":[{"href":"http:\/\/www.portaldelolleria.es\/index.php?rest_route=%2Fwp%2Fv2%2Fmedia&parent=30571"}],"wp:term":[{"taxonomy":"category","embeddable":true,"href":"http:\/\/www.portaldelolleria.es\/index.php?rest_route=%2Fwp%2Fv2%2Fcategories&post=30571"},{"taxonomy":"post_tag","embeddable":true,"href":"http:\/\/www.portaldelolleria.es\/index.php?rest_route=%2Fwp%2Fv2%2Ftags&post=30571"}],"curies":[{"name":"wp","href":"https:\/\/api.w.org\/{rel}","templated":true}]}}