{"id":3063,"date":"2013-05-22T00:14:44","date_gmt":"2013-05-21T23:14:44","guid":{"rendered":"http:\/\/www.portaldelolleria.es\/?p=3063"},"modified":"2013-05-22T00:15:07","modified_gmt":"2013-05-21T23:15:07","slug":"presentacion-campus-fundacion-valencia-cf","status":"publish","type":"post","link":"http:\/\/www.portaldelolleria.es\/?p=3063","title":{"rendered":"Presentaci\u00f3n Campus Fundaci\u00f3n Valencia CF."},"content":{"rendered":"<p>&nbsp;<\/p>\n<p style=\"text-align: center;\"><a href=\"http:\/\/www.portaldelolleria.es\/wp-content\/uploads\/2013\/05\/CAMPUS.jpg\"><img loading=\"lazy\" class=\"aligncenter size-full wp-image-3065\" title=\"CAMPUS\" src=\"http:\/\/www.portaldelolleria.es\/wp-content\/uploads\/2013\/05\/CAMPUS.jpg\" alt=\"\" width=\"598\" height=\"398\" srcset=\"http:\/\/www.portaldelolleria.es\/wp-content\/uploads\/2013\/05\/CAMPUS.jpg 598w, http:\/\/www.portaldelolleria.es\/wp-content\/uploads\/2013\/05\/CAMPUS-300x199.jpg 300w\" sizes=\"(max-width: 598px) 100vw, 598px\" \/><\/a><\/p>\n<h4 style=\"text-align: center;\"><span id=\"result_box\" lang=\"es\"><span class=\"hps\">L&#8217;Olleria<\/span> <span class=\"hps\">vuelve a<\/span> <span class=\"hps\">acoger el<\/span><\/span><\/h4>\n<h4 style=\"text-align: center;\"><span lang=\"es\"><br \/>\n<strong><span style=\"color: #ff6600;\"><span class=\"hps\">Campus<\/span> <span class=\"hps\">de f\u00fatbol<\/span> <span class=\"hps\">de la Fundaci\u00f3n<\/span> <span class=\"hps\">Valencia Club<\/span> <span class=\"hps\">de F\u00fatbol<\/span>.<\/span><\/strong><\/span><\/h4>\n<p style=\"text-align: center;\"><span class=\"hps\">Este mi\u00e9rcoles<\/span> <span class=\"hps\">22 de mayo<\/span> <span class=\"hps\">a las 20:00<\/span> <span class=\"hps\">horas se realizar\u00e1<\/span><\/p>\n<p style=\"text-align: center;\"><span class=\"hps\">la presentaci\u00f3n del Campus<\/span> <span class=\"hps\">y<\/span> <span class=\"hps\">una reuni\u00f3n informativa<\/span> <span class=\"hps\">para todos<\/span> <span class=\"hps\">los interesados<\/span><\/p>\n<p style=\"text-align: center;\"><span class=\"hps\">en el sal\u00f3n<\/span> <span class=\"hps\">de plenos del<\/span> <span class=\"hps\">Ayuntamiento<\/span>.<\/p>\n<p style=\"text-align: center;\"><span class=\"hps\">Asistir\u00e1<\/span> <span class=\"hps\">un representante<\/span> <span class=\"hps\">de la Fundaci\u00f3n<\/span> <span class=\"hps\">y el Coordinador<\/span> <span class=\"hps\">del Campus<\/span> <span class=\"hps\">para<\/span> <span class=\"hps\">explicar todos los<\/span> <span class=\"hps\">detalles<\/span><\/p>\n<p style=\"text-align: center;\"><span class=\"hps\">El campus<\/span> <span class=\"hps\">se har\u00e1<\/span> <span class=\"hps\">del 24 al<\/span> <span class=\"hps\">28 de junio<\/span>.<\/p>\n<p>&nbsp;<\/p>\n<p>&nbsp;<\/p>\n<p class=\"MsoNormal\" style=\"text-align: center;\" align=\"center\"><a href=\"http:\/\/www.portaldelolleria.es\/wp-content\/uploads\/2013\/05\/campus-fundaci\u00f3-VCF-2013.jpg\"><img loading=\"lazy\" class=\"aligncenter size-full wp-image-3064\" title=\"Campus FVCF INTERSTAR 2013 A4\" src=\"http:\/\/www.portaldelolleria.es\/wp-content\/uploads\/2013\/05\/campus-fundaci\u00f3-VCF-2013.jpg\" alt=\"\" width=\"598\" height=\"839\" srcset=\"http:\/\/www.portaldelolleria.es\/wp-content\/uploads\/2013\/05\/campus-fundaci\u00f3-VCF-2013.jpg 850w, http:\/\/www.portaldelolleria.es\/wp-content\/uploads\/2013\/05\/campus-fundaci\u00f3-VCF-2013-213x300.jpg 213w, http:\/\/www.portaldelolleria.es\/wp-content\/uploads\/2013\/05\/campus-fundaci\u00f3-VCF-2013-730x1024.jpg 730w\" sizes=\"(max-width: 598px) 100vw, 598px\" \/><\/a><\/p>\n","protected":false},"excerpt":{"rendered":"<p>&nbsp; L&#8217;Olleria vuelve a acoger el Campus de f\u00fatbol de la Fundaci\u00f3n Valencia Club de F\u00fatbol. Este mi\u00e9rcoles 22 de mayo a las 20:00 horas se realizar\u00e1 la presentaci\u00f3n del Campus y una reuni\u00f3n informativa para todos los interesados en el sal\u00f3n de plenos del Ayuntamiento. Asistir\u00e1 un representante de la Fundaci\u00f3n y el Coordinador [&hellip;]<\/p>\n","protected":false},"author":1,"featured_media":0,"comment_status":"closed","ping_status":"open","sticky":false,"template":"","format":"standard","meta":{"_monsterinsights_skip_tracking":false,"_monsterinsights_sitenote_active":false,"_monsterinsights_sitenote_note":"","_monsterinsights_sitenote_category":0},"categories":[9,12],"tags":[32,29,20,142],"_links":{"self":[{"href":"http:\/\/www.portaldelolleria.es\/index.php?rest_route=\/wp\/v2\/posts\/3063"}],"collection":[{"href":"http:\/\/www.portaldelolleria.es\/index.php?rest_route=\/wp\/v2\/posts"}],"about":[{"href":"http:\/\/www.portaldelolleria.es\/index.php?rest_route=\/wp\/v2\/types\/post"}],"author":[{"embeddable":true,"href":"http:\/\/www.portaldelolleria.es\/index.php?rest_route=\/wp\/v2\/users\/1"}],"replies":[{"embeddable":true,"href":"http:\/\/www.portaldelolleria.es\/index.php?rest_route=%2Fwp%2Fv2%2Fcomments&post=3063"}],"version-history":[{"count":2,"href":"http:\/\/www.portaldelolleria.es\/index.php?rest_route=\/wp\/v2\/posts\/3063\/revisions"}],"predecessor-version":[{"id":3067,"href":"http:\/\/www.portaldelolleria.es\/index.php?rest_route=\/wp\/v2\/posts\/3063\/revisions\/3067"}],"wp:attachment":[{"href":"http:\/\/www.portaldelolleria.es\/index.php?rest_route=%2Fwp%2Fv2%2Fmedia&parent=3063"}],"wp:term":[{"taxonomy":"category","embeddable":true,"href":"http:\/\/www.portaldelolleria.es\/index.php?rest_route=%2Fwp%2Fv2%2Fcategories&post=3063"},{"taxonomy":"post_tag","embeddable":true,"href":"http:\/\/www.portaldelolleria.es\/index.php?rest_route=%2Fwp%2Fv2%2Ftags&post=3063"}],"curies":[{"name":"wp","href":"https:\/\/api.w.org\/{rel}","templated":true}]}}