{"id":30648,"date":"2024-02-29T10:26:00","date_gmt":"2024-02-29T08:26:00","guid":{"rendered":"http:\/\/www.portaldelolleria.es\/?p=30648"},"modified":"2024-02-29T10:26:02","modified_gmt":"2024-02-29T08:26:02","slug":"setmana-per-la-igualtat-2024","status":"publish","type":"post","link":"http:\/\/www.portaldelolleria.es\/?p=30648","title":{"rendered":"Setmana per la Igualtat 2024"},"content":{"rendered":"<div class=\"wp-block-image\">\n<figure class=\"aligncenter size-full\"><a href=\"http:\/\/www.portaldelolleria.es\/wp-content\/uploads\/2024\/02\/8m2.jpg\"><img loading=\"lazy\" width=\"598\" height=\"399\" src=\"http:\/\/www.portaldelolleria.es\/wp-content\/uploads\/2024\/02\/8m2.jpg\" alt=\"\" class=\"wp-image-30650\" srcset=\"http:\/\/www.portaldelolleria.es\/wp-content\/uploads\/2024\/02\/8m2.jpg 598w, http:\/\/www.portaldelolleria.es\/wp-content\/uploads\/2024\/02\/8m2-300x200.jpg 300w\" sizes=\"(max-width: 598px) 100vw, 598px\" \/><\/a><\/figure><\/div>\n\n\n<p class=\"has-cyan-bluish-gray-color has-text-color has-small-font-size\"><em>Ajuntament de l&#8217;Olleria 28\/2\/2024<\/em><\/p>\n\n\n\n<p>De l\u20191 al 16 de mar\u00e7 es desenvoluparan diverses activitats culturals i esportives al municipi per tal de commemorar el Dia Internacional de la Dona com exposicions, teatres, sopar i ball, tallers, xerrades i demostracions, entre altres, amb la col\u00b7laboraci\u00f3 de les associacions i agrupacions locals.<\/p>\n\n\n\n<p>L\u2019Ajuntament de L\u2019Olleria, a trav\u00e9s de la regidoria d\u2019Igualtat dirigida per Hortensia Mic\u00f3, ha confeccionat un programa d\u2019activitats amb motiu del Dia Internacional de la Dona 8M a la Setmana per la Igualtat 2024 de l\u20191 al 16 de mar\u00e7.&nbsp;<\/p>\n\n\n\n<p>Els actes organitzats des del consistori, amb la col\u00b7laboraci\u00f3 de les associacions i agrupacions locals, tenen l\u2019objectiu conscienciar a la poblaci\u00f3 per la igualtat real entre els g\u00e8neres i comen\u00e7aran el divendres 1 amb la xerrada&nbsp;d\u2019Alimentaci\u00f3 Conscient impulsat per les Ames de Casa Tyrius a l&#8217;Aula taller del Centre Social \u201cAlimentaci\u00f3 en el climateri i la menopausa\u201d.<\/p>\n\n\n\n<p>A m\u00e9s, fins el dissabte 2 estar\u00e0 disponible l\u2019exposici\u00f3 itinerant col\u00b7lectiva DARVA \u00abDones artistes rurals de la Vall d&#8217;Albaida\u00bb de la Mancomunitat de la Vall d\u2019Albaida a la Casa Santonja-Palau dels Marau per tal d\u2019impulsar i promocionar l\u2019art local.<\/p>\n\n\n\n<p>Ja el dilluns 4, la exjugadora professional del Val\u00e8ncia B\u00e0squet Anna G\u00f3mez celebrar\u00e0 el projecte de minib\u00e0squet d\u2019intercentres \u201c3XLAIGUALTAT\u201d al pavell\u00f3 i al poliesportiu municipal.<\/p>\n\n\n\n<p>El dimarts 5 la Biblioteca acollir\u00e0 el contacontes infantil \u201cCuando sales de casa\u201d per Martha Escudero a les 18:00 hores, i del 5 al 14 tamb\u00e9 tindr\u00e0 lloc a CFPA Font Nova l\u2019exposici\u00f3 \u201cLluitadores an\u00f2nimes, dones a l\u2019educaci\u00f3, el treball i al llarg dels anys\u201d.<\/p>\n\n\n\n<p>Els ve\u00efns i les ve\u00efnes de L\u2019Olleria podran gaudir un any m\u00e9s de la Masclet\u00e0 a c\u00e0rrec de N\u00faria Mart\u00ed de la Pirot\u00e8cnia Nadal-Mart\u00ed amb l\u2019excursi\u00f3 en autob\u00fas el dijous 7. El Dia Internacional de la Dona, el 8 de mar\u00e7, l\u2019Escola Infantil Municipal dur\u00e0 a terme el projecte \u201cLes dones de les nostres vides\u201d, i a les 18:00 hores tindr\u00e0 lloc el taller de risoter\u00e0pia als baixos del mercat.&nbsp;<\/p>\n\n\n\n<p>Al dia seg\u00fcent, el dissabte 9, la Llar dels jubilats ser\u00e0 la seu del ball i sopar amb els majors des de les 21:00 hores, i el diumenge 10, al Teatre Goya es far\u00e0 la representaci\u00f3 teatral per a adults \u201cMare\u201d a les 19:00 hores.<\/p>\n\n\n\n<p>El dilluns 14 ser\u00e0 el torn de la Jornada dels Fons Valenci\u00e0 per la Solidaritat \u201cSer Dona al Sud\u201d amb dones de la regi\u00f3 de la Chiquitan\u00eda Boliviana des de les 08:00 hores amb el taller-xerada a l\u2019IES Vermellar, la demostraci\u00f3 artesanal al Mercat Municipal, el dinar d\u2019intercanvi amb l\u2019Associaci\u00f3 d\u2019Artesans i les Ames de Casa Tyrius i la confer\u00e8ncia a CFPA Font Nova.<\/p>\n\n\n\n<p>Al mateix emps, al Casal Jove de L\u2019Olleria se celebraran diferents activitats com xerrades i tallers de l\u20191 al 16 de mar\u00e7, mentre que les classes de gimn\u00e0stica de manteniment de participaci\u00f3 lliure seran del 4 al 15 de mar\u00e7 al parc del Beat Pare Ferreres, als baixos del mercat i a l\u2019Heretat del Salido. I finalment, l\u2019Escola de B\u00e0squet L\u2019Olleria i el Club de Triatl\u00f3 3 Reptes seran reconeguts a \u201cL\u2019Olleria amb l\u2019esport femen\u00ed\u201d.<\/p>\n\n\n\n<p>La regidora d\u2019Igualtat, Hortensia Mic\u00f3, ha destacat la import\u00e0ncia que t\u00e9 commemorar aquesta data a trav\u00e9s d\u2019accions: &nbsp;\u201cDes de la regidoria hem confeccionat una programaci\u00f3 molt variada amb l\u2019objectiu de continuar conscienciant a la poblaci\u00f3 de la necessitat de viure amb igualtat real entre els g\u00e8neres\u201d, ha indicat Mic\u00f3.<\/p>\n\n\n\n<p>\u201cPromoure la igualtat a trav\u00e9s d\u2019activitats culturals i esportives \u00e9s essencial per fer-la visible en tots els \u00e0mbits. \u00c9s per aix\u00f2 que hem apostat per una programaci\u00f3 dirigida a totes les edats i p\u00fablics\u201d, ha finalitzat la regidora.<\/p>\n\n\n\n<p>Per altra banda, l\u2019alcalde Ram\u00f3n Vidal ha convidat a tota la poblaci\u00f3 a sumar-se a la programaci\u00f3: \u201cDes de l\u2019Ajuntament estarem encantats comptar amb vosaltres per a gaudir de les activitats que hem preparat durant el mes de mar\u00e7. Continuem treballant per impulsar, educar i conscienciar a tots i totes sobre la igualtat de g\u00e8nere, des dels m\u00e9s menuts fins als nostres majors\u201d, ha destacat Vidal.<\/p>\n\n\n<div class=\"wp-block-image\">\n<figure class=\"aligncenter size-full\"><a href=\"http:\/\/www.portaldelolleria.es\/wp-content\/uploads\/2024\/02\/8m.jpg\"><img loading=\"lazy\" width=\"598\" height=\"857\" src=\"http:\/\/www.portaldelolleria.es\/wp-content\/uploads\/2024\/02\/8m.jpg\" alt=\"\" class=\"wp-image-30649\" srcset=\"http:\/\/www.portaldelolleria.es\/wp-content\/uploads\/2024\/02\/8m.jpg 598w, http:\/\/www.portaldelolleria.es\/wp-content\/uploads\/2024\/02\/8m-209x300.jpg 209w\" sizes=\"(max-width: 598px) 100vw, 598px\" \/><\/a><\/figure><\/div>","protected":false},"excerpt":{"rendered":"<p>Ajuntament de l&#8217;Olleria 28\/2\/2024 De l\u20191 al 16 de mar\u00e7 es desenvoluparan diverses activitats culturals i esportives al municipi per tal de commemorar el Dia Internacional de la Dona com exposicions, teatres, sopar i ball, tallers, xerrades i demostracions, entre altres, amb la col\u00b7laboraci\u00f3 de les associacions i agrupacions locals. L\u2019Ajuntament de L\u2019Olleria, a trav\u00e9s [&hellip;]<\/p>\n","protected":false},"author":1,"featured_media":0,"comment_status":"closed","ping_status":"open","sticky":false,"template":"","format":"standard","meta":{"_monsterinsights_skip_tracking":false,"_monsterinsights_sitenote_active":false,"_monsterinsights_sitenote_note":"","_monsterinsights_sitenote_category":0},"categories":[3,12],"tags":[],"_links":{"self":[{"href":"http:\/\/www.portaldelolleria.es\/index.php?rest_route=\/wp\/v2\/posts\/30648"}],"collection":[{"href":"http:\/\/www.portaldelolleria.es\/index.php?rest_route=\/wp\/v2\/posts"}],"about":[{"href":"http:\/\/www.portaldelolleria.es\/index.php?rest_route=\/wp\/v2\/types\/post"}],"author":[{"embeddable":true,"href":"http:\/\/www.portaldelolleria.es\/index.php?rest_route=\/wp\/v2\/users\/1"}],"replies":[{"embeddable":true,"href":"http:\/\/www.portaldelolleria.es\/index.php?rest_route=%2Fwp%2Fv2%2Fcomments&post=30648"}],"version-history":[{"count":1,"href":"http:\/\/www.portaldelolleria.es\/index.php?rest_route=\/wp\/v2\/posts\/30648\/revisions"}],"predecessor-version":[{"id":30651,"href":"http:\/\/www.portaldelolleria.es\/index.php?rest_route=\/wp\/v2\/posts\/30648\/revisions\/30651"}],"wp:attachment":[{"href":"http:\/\/www.portaldelolleria.es\/index.php?rest_route=%2Fwp%2Fv2%2Fmedia&parent=30648"}],"wp:term":[{"taxonomy":"category","embeddable":true,"href":"http:\/\/www.portaldelolleria.es\/index.php?rest_route=%2Fwp%2Fv2%2Fcategories&post=30648"},{"taxonomy":"post_tag","embeddable":true,"href":"http:\/\/www.portaldelolleria.es\/index.php?rest_route=%2Fwp%2Fv2%2Ftags&post=30648"}],"curies":[{"name":"wp","href":"https:\/\/api.w.org\/{rel}","templated":true}]}}