{"id":3068,"date":"2013-05-22T09:54:15","date_gmt":"2013-05-22T08:54:15","guid":{"rendered":"http:\/\/www.portaldelolleria.es\/?p=3068"},"modified":"2013-05-27T11:54:53","modified_gmt":"2013-05-27T10:54:53","slug":"concert-especial-capitanies-2013","status":"publish","type":"post","link":"http:\/\/www.portaldelolleria.es\/?p=3068","title":{"rendered":"Concert Especial Capitanies 2013"},"content":{"rendered":"<p class=\"uiStreamMessage userContentWrapper\" data-ft=\"{&quot;type&quot;:1,&quot;tn&quot;:&quot;K&quot;}\"><span id=\"result_box\" lang=\"es\"><span class=\"hps\">La Sociedad<\/span> <span class=\"hps\">Escuela<\/span> <span class=\"hps\">Musical Santa<\/span> <span class=\"hps\">Cecilia<\/span> <span class=\"hps\">de l&#8217;Olleria<\/span><span>,<\/span> <span class=\"hps\">la Fil\u00e0<\/span> <span class=\"hps\">Valencians y<\/span> <span class=\"hps\">la Fil\u00e0<\/span> <span class=\"hps\">Corda<\/span> <span class=\"hps\">Curta<\/span> <span class=\"hps\">organizan<\/span> <span class=\"hps\">este concierto<\/span> <span class=\"hps\">de m\u00fasica<\/span> <span class=\"hps\">festera para<\/span> <span class=\"hps\">apoyar<\/span> <span class=\"hps\">a las fiestas<\/span> <span class=\"hps\">de Moros y<\/span> <span class=\"hps\">Cristianos<\/span> <span class=\"hps\">de L&#8217;Olleria.<\/span> <span class=\"hps\">D\u00eda 25 de<\/span> <span class=\"hps\">Mayo a<\/span> <span class=\"hps\">las 20.00<\/span><\/span><\/p>\n<p><a href=\"http:\/\/www.portaldelolleria.es\/wp-content\/uploads\/2013\/05\/capitanias.jpg\"><img loading=\"lazy\" class=\"aligncenter size-full wp-image-3070\" title=\"capitanias\" src=\"http:\/\/www.portaldelolleria.es\/wp-content\/uploads\/2013\/05\/capitanias.jpg\" alt=\"\" width=\"598\" height=\"398\" srcset=\"http:\/\/www.portaldelolleria.es\/wp-content\/uploads\/2013\/05\/capitanias.jpg 598w, http:\/\/www.portaldelolleria.es\/wp-content\/uploads\/2013\/05\/capitanias-300x199.jpg 300w\" sizes=\"(max-width: 598px) 100vw, 598px\" \/><\/a><\/p>\n<ul>\n<li><a tabindex=\"1\" href=\"http:\/\/www.portaldelolleria.es\/wp-admin\/post-new.php\">A\u00f1adir nueva<\/a><\/li>\n<\/ul>\n<p><span><span class=\"fsl\"> Entrades disponibles al musical de 17.30 a 20.00 en Studio o en <a href=\"http:\/\/www.filaelsvalencians.net\/reserves\" rel=\"nofollow nofollow\" target=\"_blank\"><span>www.filaelsvalencians.net\/<\/span><wbr>reserves<\/wbr><\/a>.<\/span><\/span><\/p>\n<p><span class=\"hps\">En esta<\/span> <span class=\"hps\">ocasi\u00f3n<\/span> <span class=\"hps\">contaremos con la<\/span> <span class=\"hps\">colaboraci\u00f3n de los<\/span> <span class=\"hps\">compositores<\/span> <span class=\"hps\">Oscar<\/span> <span class=\"hps\">Vidal<\/span><span>,<\/span> <span class=\"hps\">Rafael<\/span> <span class=\"hps\">Mullor<\/span> <span class=\"hps\">Grau<\/span> <span class=\"hps\">y Mario<\/span> <span class=\"hps\">Roig<\/span> <span class=\"hps\">que vendr\u00e1n a<\/span> <span class=\"hps\">dirigir sus<\/span> <span class=\"hps\">obras<\/span><span>.<\/span><\/p>\n<p><span class=\"hps\">Tendremos<\/span> <span class=\"hps\">el estreno de la<\/span> <span class=\"hps\">marcha mora<\/span> <span class=\"hps\">\u00abDe la<\/span> <span class=\"hps\">Corda<\/span> <span class=\"hps\">al Cel<\/span><span>\u00ab<\/span> <span class=\"hps\">del m\u00fasico<\/span> <span class=\"hps\">de l&#8217;<\/span><span class=\"hps\">Olleria<\/span> <span class=\"hps\">Javi<\/span> <span class=\"hps\">Gandia<\/span><span>.<\/span><\/p>\n<p><span class=\"hps\">Tambi\u00e9n<\/span> <span class=\"hps\">contaremos<\/span> <span class=\"hps\">con las voces<\/span> <span class=\"hps\">solistas<\/span> <span class=\"hps\">de Mar\u00eda<\/span> <span class=\"hps\">Oviedo<\/span> <span class=\"hps\">y Juan<\/span> <span class=\"hps\">Lu\u00eds<\/span> <span class=\"hps\">Gil<\/span> <span class=\"hps\">y<\/span> <span class=\"hps\">la dulzaina<\/span> <span class=\"hps\">de Rafa<\/span> <span class=\"hps\">Gisbert<\/span> <span class=\"hps atn\">\u00ab<\/span><span>Cato<\/span><span>\u00ab<\/span><span>.<\/span><\/p>\n<p><span class=\"hps\">Todo esto<\/span> <span class=\"hps\">conducido<\/span> <span class=\"hps\">por dos<\/span> <span class=\"hps\">presentadores<\/span> <span class=\"hps\">de excepci\u00f3n<\/span><span>.<\/span><\/p>\n<p><a href=\"http:\/\/www.portaldelolleria.es\/wp-content\/uploads\/2013\/05\/capitanias3.jpg\"><img loading=\"lazy\" class=\"aligncenter size-full wp-image-3069\" title=\"capitanias3\" src=\"http:\/\/www.portaldelolleria.es\/wp-content\/uploads\/2013\/05\/capitanias3.jpg\" alt=\"\" width=\"598\" height=\"897\" srcset=\"http:\/\/www.portaldelolleria.es\/wp-content\/uploads\/2013\/05\/capitanias3.jpg 598w, http:\/\/www.portaldelolleria.es\/wp-content\/uploads\/2013\/05\/capitanias3-200x300.jpg 200w\" sizes=\"(max-width: 598px) 100vw, 598px\" \/><\/a><\/p>\n<h5 class=\"uiStreamMessage userContentWrapper\" data-ft=\"{&quot;type&quot;:1,&quot;tn&quot;:&quot;K&quot;}\"><span class=\"messageBody\" data-ft=\"{&quot;type&quot;:3}\"><span class=\"userContent\">programa del concert:<\/span><\/span><\/h5>\n<p><span> FANFARRIA ACMMIC&#8230;&#8230;&#8230;&#8230;&#8230;&#8230;&#8230;&#8230;<\/span><wbr><span>&#8230;&#8230;&#8230;&#8230;&#8230;&#8230;&#8230;&#8230;&#8230;&#8230;<\/span><wbr>&#8230; Rafael Mullor<\/wbr><\/wbr><\/p>\n<h5 class=\"uiStreamMessage userContentWrapper\" data-ft=\"{&quot;type&quot;:1,&quot;tn&quot;:&quot;K&quot;}\"><\/h5>\n<p>I PART<br \/>\n<span class=\"text_exposed_show\"><br \/>\n<span> 1. JUANITO EL JARRI (pasdoble)&#8230;&#8230;&#8230;&#8230;&#8230;&#8230;..<\/span><wbr>&#8230;&#8230;&#8230;&#8230; Ignacio S\u00e1nchez<\/wbr><\/span><\/p>\n<h5 class=\"uiStreamMessage userContentWrapper\" data-ft=\"{&quot;type&quot;:1,&quot;tn&quot;:&quot;K&quot;}\"><\/h5>\n<p><span> 2. ABENSERRAIG (marxa mora)&#8230;&#8230;&#8230;&#8230;&#8230;&#8230;&#8230;&#8230;.<\/span><wbr>&#8230;&#8230;&#8230;&#8230;.. Sa\u00fcl Gomez<\/wbr><\/p>\n<h5 class=\"uiStreamMessage userContentWrapper\" data-ft=\"{&quot;type&quot;:1,&quot;tn&quot;:&quot;K&quot;}\"><\/h5>\n<p><span> 3. LA VICT\u00d2RIA (marxa cristiana)&#8230;&#8230;&#8230;&#8230;&#8230;&#8230;..<\/span><wbr>&#8230;&#8230;&#8230;.. Enrique Alborch<\/wbr><\/p>\n<h5 class=\"uiStreamMessage userContentWrapper\" data-ft=\"{&quot;type&quot;:1,&quot;tn&quot;:&quot;K&quot;}\"><\/h5>\n<p><span> 4. SER ABEN (marxa mora)&#8230;&#8230;&#8230;&#8230;&#8230;&#8230;&#8230;&#8230;.<\/span><wbr>&#8230;&#8230;&#8230;&#8230;&#8230;&#8230;. Rafael Mullor<\/wbr><\/p>\n<h5 class=\"uiStreamMessage userContentWrapper\" data-ft=\"{&quot;type&quot;:1,&quot;tn&quot;:&quot;K&quot;}\"><\/h5>\n<p>5. M\u00daSICA PER L\u2019ENYOR (esb\u00f3s simf\u00f2nic)&#8230;&#8230;&#8230;&#8230;&#8230; Jose R. P. Vilaplana<\/p>\n<h5 class=\"uiStreamMessage userContentWrapper\" data-ft=\"{&quot;type&quot;:1,&quot;tn&quot;:&quot;K&quot;}\"><\/h5>\n<p>II PART<\/p>\n<h5 class=\"uiStreamMessage userContentWrapper\" data-ft=\"{&quot;type&quot;:1,&quot;tn&quot;:&quot;K&quot;}\"><\/h5>\n<p><span> 1. AMADO (pasdoble)&#8230;&#8230;&#8230;&#8230;&#8230;&#8230;..<\/span><wbr><span>&#8230;&#8230;&#8230;&#8230;&#8230;&#8230;&#8230;&#8230;&#8230;&#8230;<\/span><wbr>. Ram\u00f3n Garc\u00eda<\/wbr><\/wbr><\/p>\n<h5 class=\"uiStreamMessage userContentWrapper\" data-ft=\"{&quot;type&quot;:1,&quot;tn&quot;:&quot;K&quot;}\"><\/h5>\n<p><span> 2. POETA I CAVALLER (marxa cristiana)&#8230;&#8230;&#8230;&#8230;&#8230;&#8230;..<\/span><wbr>&#8230;&#8230;&#8230; Oscar Vidal<\/wbr><\/p>\n<h5 class=\"uiStreamMessage userContentWrapper\" data-ft=\"{&quot;type&quot;:1,&quot;tn&quot;:&quot;K&quot;}\"><\/h5>\n<p><span> 3. DE LA CORDA AL CEL (marxa mora)&#8230;&#8230;&#8230;&#8230;&#8230;&#8230;&#8230;&#8230;.<\/span><wbr>&#8230;&#8230; Javi Gand\u00eda<\/wbr><\/p>\n<h5 class=\"uiStreamMessage userContentWrapper\" data-ft=\"{&quot;type&quot;:1,&quot;tn&quot;:&quot;K&quot;}\"><\/h5>\n<p><span> 4. TABAL I SARAG\u00dcELLS (pas masero)&#8230;&#8230;&#8230;&#8230;&#8230;&#8230;&#8230;..<\/span><wbr>&#8230;&#8230;&#8230; Mario Roig<\/wbr><\/p>\n<h5 class=\"uiStreamMessage userContentWrapper\" data-ft=\"{&quot;type&quot;:1,&quot;tn&quot;:&quot;K&quot;}\"><\/h5>\n<p><span> 5. CA\u00cdD (ballet moro)&#8230;&#8230;&#8230;&#8230;&#8230;&#8230;&#8230;&#8230;.<\/span><wbr><span>&#8230;&#8230;&#8230;&#8230;&#8230;&#8230;&#8230;&#8230;&#8230;&#8230;<\/span><wbr> Sa\u00fcl G\u00f3mez<\/wbr><\/wbr><\/p>\n<h5 class=\"uiStreamMessage userContentWrapper\" data-ft=\"{&quot;type&quot;:1,&quot;tn&quot;:&quot;K&quot;}\"><\/h5>\n<p>Director: Enrique Alborch Tarras\u00f3<\/p>\n<h5 class=\"uiStreamMessage userContentWrapper\" data-ft=\"{&quot;type&quot;:1,&quot;tn&quot;:&quot;K&quot;}\"><\/h5>\n","protected":false},"excerpt":{"rendered":"<p>La Sociedad Escuela Musical Santa Cecilia de l&#8217;Olleria, la Fil\u00e0 Valencians y la Fil\u00e0 Corda Curta organizan este concierto de m\u00fasica festera para apoyar a las fiestas de Moros y Cristianos de L&#8217;Olleria. D\u00eda 25 de Mayo a las 20.00 A\u00f1adir nueva Entrades disponibles al musical de 17.30 a 20.00 en Studio o en www.filaelsvalencians.net\/reserves. [&hellip;]<\/p>\n","protected":false},"author":1,"featured_media":0,"comment_status":"closed","ping_status":"open","sticky":false,"template":"","format":"standard","meta":{"_monsterinsights_skip_tracking":false,"_monsterinsights_sitenote_active":false,"_monsterinsights_sitenote_note":"","_monsterinsights_sitenote_category":0},"categories":[17,12],"tags":[495,708,169,707,20],"_links":{"self":[{"href":"http:\/\/www.portaldelolleria.es\/index.php?rest_route=\/wp\/v2\/posts\/3068"}],"collection":[{"href":"http:\/\/www.portaldelolleria.es\/index.php?rest_route=\/wp\/v2\/posts"}],"about":[{"href":"http:\/\/www.portaldelolleria.es\/index.php?rest_route=\/wp\/v2\/types\/post"}],"author":[{"embeddable":true,"href":"http:\/\/www.portaldelolleria.es\/index.php?rest_route=\/wp\/v2\/users\/1"}],"replies":[{"embeddable":true,"href":"http:\/\/www.portaldelolleria.es\/index.php?rest_route=%2Fwp%2Fv2%2Fcomments&post=3068"}],"version-history":[{"count":6,"href":"http:\/\/www.portaldelolleria.es\/index.php?rest_route=\/wp\/v2\/posts\/3068\/revisions"}],"predecessor-version":[{"id":3112,"href":"http:\/\/www.portaldelolleria.es\/index.php?rest_route=\/wp\/v2\/posts\/3068\/revisions\/3112"}],"wp:attachment":[{"href":"http:\/\/www.portaldelolleria.es\/index.php?rest_route=%2Fwp%2Fv2%2Fmedia&parent=3068"}],"wp:term":[{"taxonomy":"category","embeddable":true,"href":"http:\/\/www.portaldelolleria.es\/index.php?rest_route=%2Fwp%2Fv2%2Fcategories&post=3068"},{"taxonomy":"post_tag","embeddable":true,"href":"http:\/\/www.portaldelolleria.es\/index.php?rest_route=%2Fwp%2Fv2%2Ftags&post=3068"}],"curies":[{"name":"wp","href":"https:\/\/api.w.org\/{rel}","templated":true}]}}