{"id":3085,"date":"2013-05-23T17:33:04","date_gmt":"2013-05-23T16:33:04","guid":{"rendered":"http:\/\/www.portaldelolleria.es\/?p=3085"},"modified":"2013-05-23T17:33:04","modified_gmt":"2013-05-23T16:33:04","slug":"l%e2%80%99olleria-acogera-el-campus-del-valencia-cf-en-junio","status":"publish","type":"post","link":"http:\/\/www.portaldelolleria.es\/?p=3085","title":{"rendered":"L\u2019Olleria acoger\u00e1 el campus del Valencia CF en junio"},"content":{"rendered":"<p><a href=\"http:\/\/www.portaldelolleria.es\/wp-content\/uploads\/2013\/05\/campuspresent.jpg\"><img loading=\"lazy\" class=\"aligncenter size-full wp-image-3087\" title=\"campuspresent\" src=\"http:\/\/www.portaldelolleria.es\/wp-content\/uploads\/2013\/05\/campuspresent.jpg\" alt=\"\" width=\"598\" height=\"398\" srcset=\"http:\/\/www.portaldelolleria.es\/wp-content\/uploads\/2013\/05\/campuspresent.jpg 598w, http:\/\/www.portaldelolleria.es\/wp-content\/uploads\/2013\/05\/campuspresent-300x199.jpg 300w\" sizes=\"(max-width: 598px) 100vw, 598px\" \/><\/a><\/p>\n<p>&nbsp;<\/p>\n<p>&nbsp;<\/p>\n<p class=\"MsoNormal\"><span style=\"color: #008080;\"><strong style=\"mso-bidi-font-weight: normal;\"><span style=\"font-size: 14pt; line-height: 115%;\" lang=\"ES-TRAD\">L\u2019Olleria acoger\u00e1 el campus del Valencia CF en junio<\/span><\/strong><\/span><\/p>\n<p class=\"MsoNormal\"><em style=\"mso-bidi-font-style: normal;\"><span style=\"font-size: 14.0pt; line-height: 115%;\" lang=\"ES-TRAD\">El plazo de inscripci\u00f3n ya est\u00e1 abierto<\/span><\/em><\/p>\n<p class=\"MsoNormal\"><em style=\"mso-bidi-font-style: normal;\"><span style=\"font-size: 14.0pt; line-height: 115%;\" lang=\"ES-TRAD\">\u00a0<\/span><\/em><\/p>\n<p class=\"MsoNormal\" style=\"text-align: justify;\"><span style=\"font-size: 12.0pt; line-height: 115%; font-family: 'Cambria','serif';\" lang=\"ES-TRAD\">L\u2019Olleria acoger\u00e1 el campus del Valencia CF por segundo a\u00f1o consecutivo, as\u00ed lo comunicaba el alcalde de L\u2019Olleria, Jos\u00e9 Vidal, en la presentaci\u00f3n que tuvo lugar ayer por la tarde en el Ayuntamiento y que cont\u00f3 con la presencia del concejal de Deporte, Vicente Oviedo, Carlos del Era, director deportivo de la Fundaci\u00f3n Valencia Club de Futbol, de Jos\u00e9 Enrique Mestre, gerente de Interstar Deporte y Carlos Mart\u00ednez, coordinador del campus. <\/span><\/p>\n<p style=\"text-align: justify;\"><span style=\"font-family: 'Cambria','serif';\">Carlos del Era explicaba que \u201cel campus en L\u2019Olleria se desarrollar\u00e1 del 24 al 28 de junio pudiendo participar en \u00e9l los ni\u00f1os y ni\u00f1as de 6 a 16 a\u00f1os inclusive\u201d y subrayaba \u201cla experiencia tan positiva que tuvimos el a\u00f1o pasado en la poblaci\u00f3n y que nos ha animado a volver a apostar por la organizaci\u00f3n del campus en este municipio de la Vall d\u2019Albaida\u201d. <\/span><\/p>\n<p style=\"text-align: justify;\"><span style=\"font-family: 'Cambria','serif';\">En cuanto a la programaci\u00f3n, \u201chemos preparado una semana<em style=\"mso-bidi-font-style: normal;\"> <\/em><em><span style=\"font-family: 'Cambria','serif'; font-style: normal; mso-bidi-font-style: italic;\">llena de actividades como entrenamientos, charlas educativas y una salida al Mestalla en la que podr\u00e1n visitar todas y cada una de las dependencias del estadio.<\/span><\/em><em style=\"mso-bidi-font-style: normal;\"> <\/em>El campus ser\u00e1 de 9 de la ma\u00f1ana a 8 de la tarde<em style=\"mso-bidi-font-style: normal;\"> <\/em><em><span style=\"font-family: 'Cambria','serif'; font-style: normal; mso-bidi-font-style: italic;\">por lo que los padres s\u00f3lo tendr\u00e1n que traerlos y luego recogerlos puesto que todas las comidas est\u00e1n incluidas, adem\u00e1s, nosotros les proporcionaremos la vestimenta para los d\u00edas en los que transcurre el campus y el d\u00eda de la clausura se les dar\u00e1 la equipaci\u00f3n oficial\u201d.<\/span><\/em><\/span><\/p>\n<p class=\"MsoNormal\" style=\"text-align: justify;\"><span style=\"font-size: 12.0pt; line-height: 115%; font-family: 'Cambria','serif';\" lang=\"ES-TRAD\">El alcalde por su parte, destacaba las novedades para este a\u00f1o \u201clos participantes del a\u00f1o pasado tendr\u00e1n un descuento del 10% para este campus y el catering estar\u00e1 a cargo de una empresa local, de esta manera ayudamos a la econom\u00eda del municipio y ganamos en calidad ya que los participantes podr\u00e1n disfrutar de platos reci\u00e9n cocinados\u201d. <\/span><\/p>\n<p style=\"text-align: justify;\"><span style=\"font-family: 'Cambria','serif';\">El concejal de Deportes, agradec\u00eda \u201cla confianza del Club por haber contado con nosotros de nuevo\u201d subrayando \u201cla experiencia tan buena del a\u00f1o pasado y que nos fue transmitida por los padres de los participantes\u201d a\u00f1adiendo que <em style=\"mso-bidi-font-style: normal;\">\u201c<\/em><em><span style=\"font-family: 'Cambria','serif'; font-style: normal; mso-bidi-font-style: italic;\">es una oportunidad para no s\u00f3lo adquirir conocimientos futbol\u00edsticos de la mano de monitores y entrenadores profesionales y con experiencia con ni\u00f1os sino tambi\u00e9n de estrechar lazos de amistad con nuevos compa\u00f1eros\u201d adem\u00e1s, ped\u00eda al Club que \u201cal igual que el a\u00f1o pasado pudimos disfrutar en la clausura de la presencia de Vicente Guaita, esperamos que este a\u00f1o tambi\u00e9n nos acompa\u00f1e alg\u00fan jugador del Valencia\u201d.<\/span><\/em><em><\/em><\/span><\/p>\n<p class=\"MsoNormal\" style=\"text-align: justify;\"><span style=\"font-size: 12.0pt; line-height: 115%; font-family: 'Cambria','serif';\" lang=\"ES-TRAD\">El pasado a\u00f1o participaron en el campus 90 ni\u00f1os de L\u2019Olleria, resto de la comarca de la Vall d\u2019Albaida y comarcas vecinas.<\/span><\/p>\n<p class=\"MsoNormal\" style=\"text-align: justify;\"><span style=\"font-size: 12.0pt; line-height: 115%; font-family: 'Cambria','serif';\" lang=\"ES-TRAD\">El precio es de <strong><span style=\"font-family: 'Cambria','serif'; font-weight: normal; mso-bidi-font-weight: bold;\">195 euros<\/span><\/strong><strong><\/strong>desarroll\u00e1ndose las actividades en el campo de c\u00e9sped artificial y natural de L\u2019Olleria, la piscina, pabell\u00f3n y en el polideportivo. Las inscripciones se pueden hacer bien en el departamento de deportes del ayuntamiento de L\u2019Olleria o en los tel\u00e9fonos\u00a0 <strong><span style=\"font-family: 'Cambria','serif'; font-weight: normal; mso-bidi-font-weight: bold;\">695170117 o 963944054.<\/span><\/strong><\/span><\/p>\n<p class=\"MsoNormal\" style=\"text-align: center;\"><a href=\"http:\/\/www.portaldelolleria.es\/wp-content\/uploads\/2013\/05\/campus-fundaci\u00f3-VCF-20131.jpg\"><img loading=\"lazy\" class=\"aligncenter size-full wp-image-3086\" title=\"Campus FVCF INTERSTAR 2013 A4\" src=\"http:\/\/www.portaldelolleria.es\/wp-content\/uploads\/2013\/05\/campus-fundaci\u00f3-VCF-20131.jpg\" alt=\"\" width=\"598\" height=\"839\" srcset=\"http:\/\/www.portaldelolleria.es\/wp-content\/uploads\/2013\/05\/campus-fundaci\u00f3-VCF-20131.jpg 850w, http:\/\/www.portaldelolleria.es\/wp-content\/uploads\/2013\/05\/campus-fundaci\u00f3-VCF-20131-213x300.jpg 213w, http:\/\/www.portaldelolleria.es\/wp-content\/uploads\/2013\/05\/campus-fundaci\u00f3-VCF-20131-730x1024.jpg 730w\" sizes=\"(max-width: 598px) 100vw, 598px\" \/><\/a><\/p>\n","protected":false},"excerpt":{"rendered":"<p>&nbsp; &nbsp; L\u2019Olleria acoger\u00e1 el campus del Valencia CF en junio El plazo de inscripci\u00f3n ya est\u00e1 abierto \u00a0 L\u2019Olleria acoger\u00e1 el campus del Valencia CF por segundo a\u00f1o consecutivo, as\u00ed lo comunicaba el alcalde de L\u2019Olleria, Jos\u00e9 Vidal, en la presentaci\u00f3n que tuvo lugar ayer por la tarde en el Ayuntamiento y que cont\u00f3 [&hellip;]<\/p>\n","protected":false},"author":1,"featured_media":0,"comment_status":"closed","ping_status":"open","sticky":false,"template":"","format":"standard","meta":{"_monsterinsights_skip_tracking":false,"_monsterinsights_sitenote_active":false,"_monsterinsights_sitenote_note":"","_monsterinsights_sitenote_category":0},"categories":[9,12],"tags":[32,31,20,142,127],"_links":{"self":[{"href":"http:\/\/www.portaldelolleria.es\/index.php?rest_route=\/wp\/v2\/posts\/3085"}],"collection":[{"href":"http:\/\/www.portaldelolleria.es\/index.php?rest_route=\/wp\/v2\/posts"}],"about":[{"href":"http:\/\/www.portaldelolleria.es\/index.php?rest_route=\/wp\/v2\/types\/post"}],"author":[{"embeddable":true,"href":"http:\/\/www.portaldelolleria.es\/index.php?rest_route=\/wp\/v2\/users\/1"}],"replies":[{"embeddable":true,"href":"http:\/\/www.portaldelolleria.es\/index.php?rest_route=%2Fwp%2Fv2%2Fcomments&post=3085"}],"version-history":[{"count":1,"href":"http:\/\/www.portaldelolleria.es\/index.php?rest_route=\/wp\/v2\/posts\/3085\/revisions"}],"predecessor-version":[{"id":3088,"href":"http:\/\/www.portaldelolleria.es\/index.php?rest_route=\/wp\/v2\/posts\/3085\/revisions\/3088"}],"wp:attachment":[{"href":"http:\/\/www.portaldelolleria.es\/index.php?rest_route=%2Fwp%2Fv2%2Fmedia&parent=3085"}],"wp:term":[{"taxonomy":"category","embeddable":true,"href":"http:\/\/www.portaldelolleria.es\/index.php?rest_route=%2Fwp%2Fv2%2Fcategories&post=3085"},{"taxonomy":"post_tag","embeddable":true,"href":"http:\/\/www.portaldelolleria.es\/index.php?rest_route=%2Fwp%2Fv2%2Ftags&post=3085"}],"curies":[{"name":"wp","href":"https:\/\/api.w.org\/{rel}","templated":true}]}}