{"id":3097,"date":"2013-05-25T20:51:18","date_gmt":"2013-05-25T19:51:18","guid":{"rendered":"http:\/\/www.portaldelolleria.es\/?p=3097"},"modified":"2013-05-25T20:57:33","modified_gmt":"2013-05-25T19:57:33","slug":"adios-antonio-puchadesmito-del-valencia-cf-y-socio-n%c2%ba1-de-la-pena-valencianista-xe-de-lolleria","status":"publish","type":"post","link":"http:\/\/www.portaldelolleria.es\/?p=3097","title":{"rendered":"Adios a Antonio Puchades, mito del Valencia CF y  socio n\u00ba1 de la \u00abPe\u00f1a\u00bb de L&#8217;Olleria"},"content":{"rendered":"<p><a href=\"http:\/\/www.portaldelolleria.es\/wp-content\/uploads\/2013\/05\/antoniopuchades.jpg\"><img loading=\"lazy\" class=\"aligncenter size-full wp-image-3103\" title=\"antoniopuchades\" src=\"http:\/\/www.portaldelolleria.es\/wp-content\/uploads\/2013\/05\/antoniopuchades.jpg\" alt=\"\" width=\"598\" height=\"398\" srcset=\"http:\/\/www.portaldelolleria.es\/wp-content\/uploads\/2013\/05\/antoniopuchades.jpg 598w, http:\/\/www.portaldelolleria.es\/wp-content\/uploads\/2013\/05\/antoniopuchades-300x199.jpg 300w\" sizes=\"(max-width: 598px) 100vw, 598px\" \/><\/a><\/p>\n<p>El que fuera jugador del Valencia CF en la d\u00e9cada de los 40 y 50 muere en Sueca a los 87 a\u00f1os de edad &#8211; &#8216;Tonico&#8217; fue campe\u00f3n de liga en 1947, de Copa en 1949 y 1954, y jug\u00f3 400 partidos durante trece temporadas<\/p>\n<p>El m\u00edtico exjugador del Valencia CF Antonio Puchades ha muerto el 25 de mayo,\u00a0 a los 87 a\u00f1os, seg\u00fan ha informado el Ayuntamiento de Sueca, su localidad natal.<\/p>\n<p>Puchades debut\u00f3 con el Valencia contra el Celta de Vigo en la temporada 1946-47 y jug\u00f3 trece temporadas con equipo valencianista, siendo campe\u00f3n de Liga en 1947 y dos veces campe\u00f3n de Copa (en 1949 y 1954).<\/p>\n<p>Fue veintitr\u00e9s veces internacional con la selecci\u00f3n espa\u00f1ola A. Se despidi\u00f3 del Valencia y del f\u00fatbol el 8 de diciembre de 1959, en un partido homenaje frente al Niza.<\/p>\n<p>&nbsp;<\/p>\n<p><span style=\"color: #800000;\"><strong>A continuaci\u00f3n a t\u00edtulo de homenaje,\u00a0 reproducimos la entrevista que le realiz\u00f3 Pepe Aparici, el 10 de febrero de 2000<\/strong><\/span><\/p>\n<p>&#8212;&#8212;&#8212;&#8212;&#8212;&#8212;&#8212;&#8212;&#8212;&#8212;&#8212;&#8212;&#8212;&#8212;&#8212;&#8212;&#8212;&#8212;&#8212;&#8212;&#8212;&#8212;&#8212;&#8212;&#8212;&#8212;-<\/p>\n<p>Con motivo de la celebraci\u00f3n del V aniversario de la Pe\u00f1a Valencianista \u00abXE\u00bb de l&#8217;Olleria, hablamos con tres de los hombres que lo fueron todo en el Valencia CF, y dos de ellos, Puchades y Ma\u00f1\u00b4p en el equipo Nacional Espa\u00f1ol.<\/p>\n<p>Si en unprincipio ten\u00eda respeto en hablar con ellos,\u00a0 pronto pas\u00f3 esta idea y nuestra conversac\u00f3n fu\u00e9 como si de amigos de siempre se tratara.<\/p>\n<p>Antonio Puchades, que en 1950 en el Campeonato del Mundo de Brasil, fu\u00e9 elegido el mejor centrocampista del mundo, nos cuenta su historia fubol\u00edstica en la pasi\u00f3n y el amor que sent\u00eda y siente hacia los colores de su Valencia y los del equipo nacional.<\/p>\n<p>-\u00bfCuanto valdr\u00eda hoy Antonio Puchades?<\/p>\n<p><strong>Puchades valdr\u00eda lo que el Valencia quisiera pagarle. Yo tuve ocasi\u00f3n de salir del Valencia y no quise nunca. Por lo tanto ser\u00eda lo que el Valencia quisiera pagarme.<\/strong><\/p>\n<p>-\u00bfEntonces no habr\u00eda peligro que viniesen de Italia a ficharlo?<\/p>\n<p><strong>No, tranquilo, tranquilo. Yo viv\u00eda muy a gusto en Sueca y jugaba muy a gusto en el Valencia. Todos eran compa\u00f1eros y amigos, los jugadores, las se\u00f1oras , todos est\u00e1bamos muy unidos. Casi no me enter\u00e9 que fu\u00ed jugador de futbol.<\/strong><\/p>\n<p>-\u00bfCuando comenz\u00f3 Puchades a jugar?<\/p>\n<p><strong>Comenc\u00e9 como todos los ni\u00f1os, en la escuela con una pelota de trapo hasta que ten\u00edamos dinero para comprar un \u00abbalonet\u00bb y unos zapatos ligeros, desp\u00e9s ya vino el bal\u00f3n de reglamento y zapatos buenos, despu\u00e9s en el Sueca, Valencia y equipo nacional. Todo ello fu\u00e9 llegando \u00abpoquet a poquet\u00bb.<\/strong><\/p>\n<p>-\u00bfCuanto tiempo estuvo jugando en el Valencia hasta llegar al equipo Nacional?<\/p>\n<p><strong>Muy poco, yo entr\u00e9 en el Valencia en el temporada 46\/47 y comenc\u00e9 a jugar enseguida por que Monz\u00f3 se lesion\u00f3. Debut\u00e9 en vigo y ganamos. Se recuper\u00f3 Monz\u00f3 y en la pr\u00f3xima temporada 47-48 jugu\u00e9 toda la temporada y en la 48-49 ya me llamaron para la Selecci\u00f3n Nacional.<\/strong><\/p>\n<p>&#8211; Recuerdo la media Santacatalina-Puchades \u00bfDespu\u00e9s fu\u00e9 Pasieguito-Puchades?.<\/p>\n<p><strong>Y Sendra-Puchades y Mu\u00f3z-Puchades y Gomar-Puchades. yo habr\u00e9 jugado por lo menos con 30 medios a mi lado entre el Valencia y el equipo Nacional. Much\u00edsimos.<\/strong><\/p>\n<p>-\u00bfUsted coincidi\u00f3 con la delantera el\u00e9ctrica?<\/p>\n<p><strong>En esa delantera me parece que no. Pero coincid\u00ed con una delantera fenomelanl formada por Ma\u00f1\u00f3-Amadeo-Mundo-Asensi y Segu\u00ed.\u00a0 Igoa tambi\u00e9n.\u00a0 Ma\u00f1\u00f3-Amadeo-Mundo-Igoa y Segu\u00ed. Yo he jugado muchos a\u00f1os en el Valencia, 11 o 12 y en este tiempo pasaron muchos jugadores\u00a0 por el Valencia.<\/strong><\/p>\n<p>-Seguramente habr\u00e1 tenido d\u00edas malos y d\u00edas buenos. \u00bfCual fu\u00e9 su mejor d\u00eda?<\/p>\n<p>T<strong>uve muchos d\u00edas buenos, pero recuerdo uno jugado en Brasil en el Estadio maracan\u00e1 contra Inglaterra y C\u00e9sar Rodr\u00edguez del Barcelona me dijo: \u00abAntonio, te har\u00e1n alguna entrevista, t\u00fa diles que el mejor partido de tu vida ha sido este\u00bb C\u00e9sar sab\u00eda mucho de futbol. Fu\u00e9 el c\u00e9lebre partido de Zarra que ganamos a Inglaterra 1-0<\/strong><\/p>\n<p>-\u00bfComo v\u00e9 Puchades el futbol hoy?<\/p>\n<p><strong>Muy c\u00f3modo, sentado en mi localidad de anfiteatro, tengo el n\u00famero 272. Imag\u00ednate de m\u00e1s de 40.000 socios que hay. Voy muchos domingos y otros los directivos no me dejar ir, pu\u00e9s quieren que vaya al palco VIP con ellos. Se portan muy bi\u00e9n conmigo y yo tami\u00e9n con ellos. Yo soy del Valenciay saben que pueden hacer de mi lo que quieran.<\/strong><\/p>\n<p>-Quiz\u00e1 mi pregunta no haya sido correcta. \u00bfYo quer\u00eda saber c\u00f3mo v\u00e9 Puchades el fubol que se practica hoy?<\/p>\n<p><strong>Yo lo veo un poco&#8230;\u00a0 desde luego \u00abpatin molt, patin motisim\u00bb. Esto del \u00faltimo partdio contra el Betis, empatar ellos despu\u00e9s el penalty y remontar hasta el 3-1. Y casi me muero.\u00a0 Lo v\u00ed por la tele en casa y es que caigo enfermo &#8230;. Es que siento mucho el fubol y \u00abpatixc\u00bb. Muchas veces cuando voy a casa voy todo \u00abronco\u00bb y me dicen: \u00abChe, \u00bfde ahon vens? parece que vienes de la guerra\u00bb que c&#8230; de la guerra. Vengo supuestamente de divertirme&#8230; Pero no podemos divertirnos \u00abpatim molt en el camp\u00bb.<\/strong><\/p>\n<p>-Debido a la situaci\u00f3n que usted ocupaba en el campo no habr\u00e1 marcado muchos goles. Pero&#8230;. \u00bfha marcado alguno?<\/p>\n<p><strong>Si hombre. He marcado algunos goles en la porteria contraria y tambi\u00e9n alguno en la mia. Son an\u00e9cdotas que en una carrera tan larga ocurren. Les marqu\u00e9 alguno a Eizaguirre a Toni P\u00e9rez. &#8230;a varios. Son como he dicho antes, an\u00e9cdotas.<\/strong><\/p>\n<p>&#8211; A lo largo de su carrera \u00bf que porteros tuvo, a Eizaguirre y a P\u00e9rez?<\/p>\n<p><strong>A Eizaguirre, P\u00e9rez, Quique, que cuando la final contra el Barcelona 3-0 se subi\u00f3 encima del larguero, tambi\u00e9n a L\u00f3pez que era por all\u00e1 de gij\u00f3n y a muchos otros.<\/strong><\/p>\n<p>-Por ser usted de Sueca, conoce bastante a D. Francisco Ferri Puerto. \u00bfQue me dice de este hombre al que recientemente se le ha nombrado hijo predilecto de la villa de L&#8217;Olleria?<\/p>\n<p><strong>Don Francisco Ferri Puerto, es un se\u00f1or al que yo aprecio muchisimo, porque estuvo en Sueca muchos a\u00f1os. Despu\u00e9s ven\u00eda bastante, aunque ahora ya no viene mucho. Esta tarde he estado con \u00e9l y se iba a las siete y media a celebrar la Misa. Es un hombre para mi, casi un santo. Que si dur\u00e1 mucho Juan Pablo II lo har\u00e1 un santo. Don Paco es una gran persona y ha hecho mucho bien por Sueca.<\/strong><\/p>\n<p>-\u00bfTen\u00eda muy buena relaci\u00f3n con \u00e9l?<\/p>\n<p><strong>Much\u00edsima. Entonces y ahora. Ten\u00eda mucha relaci\u00f3n con \u00e9l pues soy familia de sacerdotes y de monjas y he ayudado mucho a misa. Y cuando saliamos al extranjero con el equipo nacional, Basora (extremo del Barcelona) y yo ayudabamos a misa. Y por eso tengo tan buena relaci\u00f3n con \u00e9l por que soy del ramo \u00abdel ram de la casa\u00bb.<\/strong><\/p>\n<p>-Tambien observo que en l&#8217;Olleria tienes otras amistades.<\/p>\n<p><strong>Aqui en l&#8217;Olleria ya he venido seis o siete veces. Es que tengo muy buena relaci\u00f3n con Juan Borr\u00e1s. Igual vienen ellos a Sueca como yo vengo aqu\u00ed cuando me llaman. Y vengo muy a gusto pues ya somos como de familia y estando don Paco aqui&#8230; Me encuentro como en casa.<\/strong><\/p>\n<p>&#8211; Me he alegrado mucho de conversar este rato con usted.<\/p>\n<p><strong>Yo tambi\u00e9n me he alegrado.<\/strong><\/p>\n<p>-Quer\u00eda decirle que tenga mucho \u00e9xito, aunque en el futbol ya no podr\u00e1. Pero si desearle que no sufra mucho viendo los partidos de futbol.<\/p>\n<p><strong>Ahora el \u00e9xito yo lo quiero para el equipo del Valencia&#8230; p\u00e0ra mi equipo. Yo quisiera que el partido durase siete u ocho minutos, que marcasemos un gol y todos a casa, pero prefiero antes que gane el Valencia.<\/strong><\/p>\n<p>-Pues muchas gracias y que se cumpla lo que usted desea. Pero que duren un poco m\u00e1s los partidos que queremos tambien disfrutar viendo jugar al futbol.<\/p>\n<p><strong>Ha sido una broma que he dicho, prque a mi tambi\u00e9n me gusta ver jugar bien pero.. Es que prefiero que el Valencia gae, a que juegue muy bien y no gane.<\/strong><\/p>\n<p>-Entonces est\u00e1 mas de acuerdo con Rainieri que con Cuper?<\/p>\n<p><strong>Con Ranieri cuando se ganaba. Ahora es que tampoco divierten mucho al personal y encima pierden. \u00bb Y patim moltisim\u00bb<\/strong><\/p>\n<p>-Hablamos tambi\u00e9n de la victoria de l&#8217;Olleria sobre el Sueca.<\/p>\n<p><strong>No s\u00e9 lo que le pas\u00f3 ese dia al Sueca, pero lo cierto es que l&#8217;Ollleria se lo comi\u00f3. Debi\u00f3 de jugar muy bien l&#8217;Olleria.<\/strong><\/p>\n<p>&#8212;&#8212;&#8212;&#8212;&#8212;&#8212;&#8212;&#8212;&#8212;&#8212;&#8212;&#8212;&#8212;&#8212;&#8212;&#8212;&#8212;&#8212;&#8212;&#8212;&#8212;&#8212;&#8212;&#8212;&#8212;&#8212;&#8212;&#8211;<\/p>\n<p>Este es Antonio Puchades, un hombre campechano y amigo de todos, que subi\u00f3 a lo m\u00e1s alto del futbol mundial para gloria de Valencia y de su querido Valencia CF.<\/p>\n<p><span style=\"color: #800000;\">\/\/\/\/\/\/\/\/\/\/\/\/Fin de la entrevista\/\/\/\/\/\/\/\/\/\/\/Pepe Aparici, 10 de febrero de 2000\/\/\/\/\/\/\/<\/span><\/p>\n<p>&nbsp;<\/p>\n<p>&nbsp;<\/p>\n<p>&nbsp;<\/p>\n<p><a href=\"http:\/\/www.portaldelolleria.es\/wp-content\/uploads\/2013\/05\/VAniver.jpg\"><img loading=\"lazy\" class=\"aligncenter size-full wp-image-3100\" title=\"VAniver\" src=\"http:\/\/www.portaldelolleria.es\/wp-content\/uploads\/2013\/05\/VAniver.jpg\" alt=\"\" width=\"579\" height=\"814\" srcset=\"http:\/\/www.portaldelolleria.es\/wp-content\/uploads\/2013\/05\/VAniver.jpg 579w, http:\/\/www.portaldelolleria.es\/wp-content\/uploads\/2013\/05\/VAniver-213x300.jpg 213w\" sizes=\"(max-width: 579px) 100vw, 579px\" \/><\/a><\/p>\n<p>&#8212;&#8212;&#8212;&#8212;&#8212;OTROS RECORTES DIGNOS DE MENCI\u00d3N &#8212;&#8212;&#8212;&#8212;&#8212;&#8212;&#8212;&#8211;<\/p>\n<p style=\"text-align: center;\"><a href=\"http:\/\/www.portaldelolleria.es\/wp-content\/uploads\/2013\/05\/Puchades.jpg\"><img loading=\"lazy\" class=\"aligncenter size-full wp-image-3102\" title=\"Puchades\" src=\"http:\/\/www.portaldelolleria.es\/wp-content\/uploads\/2013\/05\/Puchades.jpg\" alt=\"\" width=\"598\" height=\"812\" srcset=\"http:\/\/www.portaldelolleria.es\/wp-content\/uploads\/2013\/05\/Puchades.jpg 1179w, http:\/\/www.portaldelolleria.es\/wp-content\/uploads\/2013\/05\/Puchades-221x300.jpg 221w, http:\/\/www.portaldelolleria.es\/wp-content\/uploads\/2013\/05\/Puchades-754x1024.jpg 754w\" sizes=\"(max-width: 598px) 100vw, 598px\" \/><\/a><\/p>\n<p>&nbsp;<\/p>\n","protected":false},"excerpt":{"rendered":"<p>El que fuera jugador del Valencia CF en la d\u00e9cada de los 40 y 50 muere en Sueca a los 87 a\u00f1os de edad &#8211; &#8216;Tonico&#8217; fue campe\u00f3n de liga en 1947, de Copa en 1949 y 1954, y jug\u00f3 400 partidos durante trece temporadas El m\u00edtico exjugador del Valencia CF Antonio Puchades ha muerto [&hellip;]<\/p>\n","protected":false},"author":1,"featured_media":0,"comment_status":"closed","ping_status":"open","sticky":false,"template":"","format":"standard","meta":{"_monsterinsights_skip_tracking":false,"_monsterinsights_sitenote_active":false,"_monsterinsights_sitenote_note":"","_monsterinsights_sitenote_category":0},"categories":[3,12],"tags":[712,20,713,142,714],"_links":{"self":[{"href":"http:\/\/www.portaldelolleria.es\/index.php?rest_route=\/wp\/v2\/posts\/3097"}],"collection":[{"href":"http:\/\/www.portaldelolleria.es\/index.php?rest_route=\/wp\/v2\/posts"}],"about":[{"href":"http:\/\/www.portaldelolleria.es\/index.php?rest_route=\/wp\/v2\/types\/post"}],"author":[{"embeddable":true,"href":"http:\/\/www.portaldelolleria.es\/index.php?rest_route=\/wp\/v2\/users\/1"}],"replies":[{"embeddable":true,"href":"http:\/\/www.portaldelolleria.es\/index.php?rest_route=%2Fwp%2Fv2%2Fcomments&post=3097"}],"version-history":[{"count":5,"href":"http:\/\/www.portaldelolleria.es\/index.php?rest_route=\/wp\/v2\/posts\/3097\/revisions"}],"predecessor-version":[{"id":3105,"href":"http:\/\/www.portaldelolleria.es\/index.php?rest_route=\/wp\/v2\/posts\/3097\/revisions\/3105"}],"wp:attachment":[{"href":"http:\/\/www.portaldelolleria.es\/index.php?rest_route=%2Fwp%2Fv2%2Fmedia&parent=3097"}],"wp:term":[{"taxonomy":"category","embeddable":true,"href":"http:\/\/www.portaldelolleria.es\/index.php?rest_route=%2Fwp%2Fv2%2Fcategories&post=3097"},{"taxonomy":"post_tag","embeddable":true,"href":"http:\/\/www.portaldelolleria.es\/index.php?rest_route=%2Fwp%2Fv2%2Ftags&post=3097"}],"curies":[{"name":"wp","href":"https:\/\/api.w.org\/{rel}","templated":true}]}}